{"id":47492,"date":"2025-07-17T21:21:13","date_gmt":"2025-07-17T21:21:13","guid":{"rendered":"https:\/\/historiografija.hr\/?p=47492"},"modified":"2025-07-17T21:26:48","modified_gmt":"2025-07-17T21:26:48","slug":"preminula-ankica-pandzic","status":"publish","type":"post","link":"https:\/\/historiografija.hr\/?p=47492","title":{"rendered":"Preminula Ankica Pand\u017ei\u0107"},"content":{"rendered":"\n<p>U 73. godini preminula je povjesni\u010darka i arheologinja Ankica Pand\u017ei\u0107, kustosica i dugogodi\u0161nja ravnateljica Hrvatskog povijesnog muzeja u Zagrebu, koja se osobito bavila povijesnom kartografijom.<\/p>\n\n\n\n<hr class=\"wp-block-separator has-alpha-channel-opacity\"\/>\n\n\n\n<p>Obavijesti:<\/p>\n\n\n\n<p><a href=\"https:\/\/min-kulture.gov.hr\/vijesti-8\/ministrica-kulture-i-medija-uputila-izraze-sucuti-u-povodu-odlaska-povjesnicarke-arheologinje-i-dugogodisnje-ravnateljice-hrvatskoga-povijesnog-muzeja-ankice-pandzic\/28134\">https:\/\/min-kulture.gov.hr\/vijesti-8\/ministrica-kulture-i-medija-uputila-izraze-sucuti-u-povodu-odlaska-povjesnicarke-arheologinje-i-dugogodisnje-ravnateljice-hrvatskoga-povijesnog-muzeja-ankice-pandzic\/28134<\/a><\/p>\n\n\n\n<p><a href=\"https:\/\/hina.hr\/vijest\/11995937\">https:\/\/hina.hr\/vijest\/11995937<\/a><\/p>\n\n\n\n<p><a href=\"https:\/\/dnevnik.hr\/vijesti\/hrvatska\/preminula-istaknuta-povjesnicarka-i-arheologinja-ankica-pandzic---922176.html\">https:\/\/dnevnik.hr\/vijesti\/hrvatska\/preminula-istaknuta-povjesnicarka-i-arheologinja-ankica-pandzic&#8212;922176.html<\/a><\/p>\n\n\n\n<p><a href=\"https:\/\/n1info.hr\/vijesti\/preminula-ankica-pandzic-istaknuta-povjesnicarka-i-arheologinja\">https:\/\/n1info.hr\/vijesti\/preminula-ankica-pandzic-istaknuta-povjesnicarka-i-arheologinja<\/a><\/p>\n\n\n\n<p><a href=\"https:\/\/www.tportal.hr\/kultura\/clanak\/preminula-istaknuta-povjesnicarka-i-arheologinja-ankica-pandzic-20250702\">https:\/\/www.tportal.hr\/kultura\/clanak\/preminula-istaknuta-povjesnicarka-i-arheologinja-ankica-pandzic-20250702<\/a><\/p>\n\n\n\n<p><a href=\"https:\/\/www.facebook.com\/HISMUS.zagreb\">https:\/\/www.facebook.com\/HISMUS.zagreb<\/a><\/p>\n\n\n\n<p><a href=\"https:\/\/www.kartografija.hr\/old_hkd\/kartzadra\/Kartografi\/Pandzic.htm\">https:\/\/www.kartografija.hr\/old_hkd\/kartzadra\/Kartografi\/Pandzic.htm<\/a><\/p>\n\n\n\n<hr class=\"wp-block-separator has-alpha-channel-opacity\"\/>\n\n\n\n<p><\/p>\n","protected":false},"excerpt":{"rendered":"","protected":false},"author":2,"featured_media":47496,"comment_status":"open","ping_status":"open","sticky":false,"template":"","format":"standard","meta":{"_acf_changed":false,"jetpack_post_was_ever_published":false,"_jetpack_newsletter_access":"","_jetpack_dont_email_post_to_subs":false,"_jetpack_newsletter_tier_id":0,"_jetpack_memberships_contains_paywalled_content":false,"_jetpack_memberships_contains_paid_content":false,"footnotes":"","jetpack_publicize_message":"","jetpack_publicize_feature_enabled":true,"jetpack_social_post_already_shared":true,"jetpack_social_options":{"image_generator_settings":{"template":"highway","default_image_id":0,"font":"","enabled":false},"version":2}},"categories":[3,20],"tags":[],"class_list":["post-47492","post","type-post","status-publish","format-standard","has-post-thumbnail","hentry","category-novosti","category-obavijesti-o-smrti-i-nekrolozi"],"acf":{"facebook_opis":""},"jetpack_publicize_connections":[],"jetpack_featured_media_url":"https:\/\/i0.wp.com\/historiografija.hr\/wp-content\/uploads\/2025\/07\/Ankica_Pandzic.jpg?fit=602%2C420&ssl=1","jetpack_sharing_enabled":true,"jetpack-related-posts":[],"_links":{"self":[{"href":"https:\/\/historiografija.hr\/index.php?rest_route=\/wp\/v2\/posts\/47492","targetHints":{"allow":["GET"]}}],"collection":[{"href":"https:\/\/historiografija.hr\/index.php?rest_route=\/wp\/v2\/posts"}],"about":[{"href":"https:\/\/historiografija.hr\/index.php?rest_route=\/wp\/v2\/types\/post"}],"author":[{"embeddable":true,"href":"https:\/\/historiografija.hr\/index.php?rest_route=\/wp\/v2\/users\/2"}],"replies":[{"embeddable":true,"href":"https:\/\/historiografija.hr\/index.php?rest_route=%2Fwp%2Fv2%2Fcomments&post=47492"}],"version-history":[{"count":4,"href":"https:\/\/historiografija.hr\/index.php?rest_route=\/wp\/v2\/posts\/47492\/revisions"}],"predecessor-version":[{"id":47498,"href":"https:\/\/historiografija.hr\/index.php?rest_route=\/wp\/v2\/posts\/47492\/revisions\/47498"}],"wp:featuredmedia":[{"embeddable":true,"href":"https:\/\/historiografija.hr\/index.php?rest_route=\/wp\/v2\/media\/47496"}],"wp:attachment":[{"href":"https:\/\/historiografija.hr\/index.php?rest_route=%2Fwp%2Fv2%2Fmedia&parent=47492"}],"wp:term":[{"taxonomy":"category","embeddable":true,"href":"https:\/\/historiografija.hr\/index.php?rest_route=%2Fwp%2Fv2%2Fcategories&post=47492"},{"taxonomy":"post_tag","embeddable":true,"href":"https:\/\/historiografija.hr\/index.php?rest_route=%2Fwp%2Fv2%2Ftags&post=47492"}],"curies":[{"name":"wp","href":"https:\/\/api.w.org\/{rel}","templated":true}]}}