{"id":47489,"date":"2025-07-17T21:09:44","date_gmt":"2025-07-17T21:09:44","guid":{"rendered":"https:\/\/historiografija.hr\/?p=47489"},"modified":"2025-07-17T21:09:44","modified_gmt":"2025-07-17T21:09:44","slug":"miroslav-akmadza-crkva-i-drzava-dopisivanje-i-razgovori-izmedu-predstavnika-katolicke-crkve-i-komunisticke-drzavne-vlasti-u-jugoslaviji-sv-vii-1981-1990","status":"publish","type":"post","link":"https:\/\/historiografija.hr\/?p=47489","title":{"rendered":"Miroslav Akmad\u017ea, \u201eCRKVA I DR\u017dAVA. Dopisivanje i razgovori izme\u0111u predstavnika Katoli\u010dke crkve i komunisti\u010dke dr\u017eavne vlasti u Jugoslaviji. Sv. VII. 1981.-1990.\u201c"},"content":{"rendered":"\n<p>Izdava\u010di: Hrvatski institut za povijest, Zagreb; Podru\u017enica za povijest Slavonije, Srijema i Baranje, Slavonski Brod; Dru\u0161tvo za povjesnicu Zagreba\u010dke nadbiskupije \u201cTkal\u010di\u0107\u201d, Zagreb<\/p>\n\n\n\n<hr class=\"wp-block-separator has-alpha-channel-opacity\"\/>\n\n\n\n<p>Godina izdanja: 2025.<\/p>\n\n\n\n<hr class=\"wp-block-separator has-alpha-channel-opacity\"\/>\n\n\n\n<p>Broj stranica: 1036<\/p>\n\n\n\n<hr class=\"wp-block-separator has-alpha-channel-opacity\"\/>\n\n\n\n<p>SADR\u017dAJ:<\/p>\n\n\n\n<figure class=\"wp-block-embed is-type-wp-embed is-provider-hrvatski-institut-za-povijest wp-block-embed-hrvatski-institut-za-povijest\"><div class=\"wp-block-embed__wrapper\">\n<blockquote class=\"wp-embedded-content\" data-secret=\"fgjj8o3GRE\"><a href=\"https:\/\/hipsb.hr\/proizvod\/crkva-i-drzava-dopisivanje-i-razgovori-izmedu-predstavnika-katolicke-crkve-i-komunisticke-drzavne-vlasti-u-jugoslaviji-sv-vii-1981-1990\/\">CRKVA I DR\u017dAVA. Dopisivanje i razgovori izme\u0111u predstavnika Katoli\u010dke crkve i komunisti\u010dke dr\u017eavne vlasti u Jugoslaviji. Sv. VII. 1981.-1990.<\/a><\/blockquote><iframe loading=\"lazy\" class=\"wp-embedded-content\" sandbox=\"allow-scripts\" security=\"restricted\" style=\"position: absolute; visibility: hidden;\" title=\"&#8220;CRKVA I DR\u017dAVA. Dopisivanje i razgovori izme\u0111u predstavnika Katoli\u010dke crkve i komunisti\u010dke dr\u017eavne vlasti u Jugoslaviji. Sv. VII. 1981.-1990.&#8221; &#8212; Hrvatski institut za povijest\" src=\"https:\/\/hipsb.hr\/proizvod\/crkva-i-drzava-dopisivanje-i-razgovori-izmedu-predstavnika-katolicke-crkve-i-komunisticke-drzavne-vlasti-u-jugoslaviji-sv-vii-1981-1990\/embed\/#?secret=fgjj8o3GRE\" data-secret=\"fgjj8o3GRE\" width=\"600\" height=\"338\" frameborder=\"0\" marginwidth=\"0\" marginheight=\"0\" scrolling=\"no\"><\/iframe>\n<\/div><\/figure>\n\n\n\n<hr class=\"wp-block-separator has-alpha-channel-opacity\"\/>\n","protected":false},"excerpt":{"rendered":"","protected":false},"author":2,"featured_media":47490,"comment_status":"open","ping_status":"open","sticky":false,"template":"","format":"standard","meta":{"_acf_changed":false,"jetpack_post_was_ever_published":false,"_jetpack_newsletter_access":"","_jetpack_dont_email_post_to_subs":false,"_jetpack_newsletter_tier_id":0,"_jetpack_memberships_contains_paywalled_content":false,"_jetpack_memberships_contains_paid_content":false,"footnotes":"","jetpack_publicize_message":"","jetpack_publicize_feature_enabled":true,"jetpack_social_post_already_shared":true,"jetpack_social_options":{"image_generator_settings":{"template":"highway","default_image_id":0,"font":"","enabled":false},"version":2}},"categories":[8,3],"tags":[],"class_list":["post-47489","post","type-post","status-publish","format-standard","has-post-thumbnail","hentry","category-knjige","category-novosti"],"acf":{"facebook_opis":""},"jetpack_publicize_connections":[],"jetpack_featured_media_url":"https:\/\/i0.wp.com\/historiografija.hr\/wp-content\/uploads\/2025\/07\/Korice_CiD_VII.png?fit=668%2C960&ssl=1","jetpack_sharing_enabled":true,"jetpack-related-posts":[],"_links":{"self":[{"href":"https:\/\/historiografija.hr\/index.php?rest_route=\/wp\/v2\/posts\/47489","targetHints":{"allow":["GET"]}}],"collection":[{"href":"https:\/\/historiografija.hr\/index.php?rest_route=\/wp\/v2\/posts"}],"about":[{"href":"https:\/\/historiografija.hr\/index.php?rest_route=\/wp\/v2\/types\/post"}],"author":[{"embeddable":true,"href":"https:\/\/historiografija.hr\/index.php?rest_route=\/wp\/v2\/users\/2"}],"replies":[{"embeddable":true,"href":"https:\/\/historiografija.hr\/index.php?rest_route=%2Fwp%2Fv2%2Fcomments&post=47489"}],"version-history":[{"count":1,"href":"https:\/\/historiografija.hr\/index.php?rest_route=\/wp\/v2\/posts\/47489\/revisions"}],"predecessor-version":[{"id":47491,"href":"https:\/\/historiografija.hr\/index.php?rest_route=\/wp\/v2\/posts\/47489\/revisions\/47491"}],"wp:featuredmedia":[{"embeddable":true,"href":"https:\/\/historiografija.hr\/index.php?rest_route=\/wp\/v2\/media\/47490"}],"wp:attachment":[{"href":"https:\/\/historiografija.hr\/index.php?rest_route=%2Fwp%2Fv2%2Fmedia&parent=47489"}],"wp:term":[{"taxonomy":"category","embeddable":true,"href":"https:\/\/historiografija.hr\/index.php?rest_route=%2Fwp%2Fv2%2Fcategories&post=47489"},{"taxonomy":"post_tag","embeddable":true,"href":"https:\/\/historiografija.hr\/index.php?rest_route=%2Fwp%2Fv2%2Ftags&post=47489"}],"curies":[{"name":"wp","href":"https:\/\/api.w.org\/{rel}","templated":true}]}}