{"id":47457,"date":"2025-07-16T17:11:33","date_gmt":"2025-07-16T17:11:33","guid":{"rendered":"https:\/\/historiografija.hr\/?p=47457"},"modified":"2025-07-16T17:11:58","modified_gmt":"2025-07-16T17:11:58","slug":"domagoj-tomas-tomislav-kardum-srednja-europa-ocima-hrvatskih-intelektualaca-u-20-stoljecu","status":"publish","type":"post","link":"https:\/\/historiografija.hr\/?p=47457","title":{"rendered":"Domagoj Tomas \u2013 Tomislav Kardum, \u201eSrednja Europa o\u010dima hrvatskih intelektualaca u 20. stolje\u0107u\u201c"},"content":{"rendered":"\n<p>Hrvatski autori u domovini i inozemstvu napisali su brojne tekstove koji se odnose na Srednju Europu i hrvatski utjecaj na oblikovanje toga prostora u povijesnom, kulturolo\u0161kom, knji\u017eevnom, pa i politolo\u0161kom okviru. Navedeni su tekstovi raspr\u0161eni, poneki i te\u0161ko dostupni. Autori su stoga prikupili, i u ovome djelu objavili, sintezu odabranih relevantnih tekstova hrvatskih autora koji tematiziraju Srednju Europu u 20. stolje\u0107u.&nbsp; Kriteriji za odabir pri tome su bili: tematski (tekst u kojemu se autor u prvome redu bavi prostorom srednje Europe), nacionalni (pripadnost autora hrvatskoj naciji) i socijalni (autor kao intelektualac, odnosno dru\u0161tveno relevantan \u010dimbenik ili politi\u010dki subjekt).<\/p>\n\n\n\n<p>Nakon cjelina o pojmu Srednje Europe, Hrvatskoj, Srednjoj Europi i Balkanu te hrvatskim intelektualcima i Srednjoj Europi u 20. stolje\u0107u, knjiga na 220 stranica donosi odabrane tekstove Antuna Radi\u0107a, Stjepana Radi\u0107a, Nikole Zvonimira Bjelovu\u010di\u0107a, Ive Pilara, Ive Franka, Alfonsa Hribara, Emilia Pallua, Augusta Cesarca, Dinka Toma\u0161i\u0107a, Ive Lendi\u0107a, Vinka Kri\u0161kovi\u0107a, Ivana Or\u0161ani\u0107a, Bogdana Radice i Predraga Matvejevi\u0107a.<\/p>\n\n\n\n<p><em>Knjiga predstavlja originalno tuma\u010denje pojma Srednje Europe i na\u010dina na koji su Srednju Europu interpretirali hrvatski intelektualci u 20. stolje\u0107u. Radi se o vrijednom doprinosu povijesti oblikovanja hrvatskog nacionalnog identiteta<\/em>. (Iz recenzije, Tihomir Cipek)<\/p>\n\n\n\n<p><strong>Domagoj Tomas<\/strong> izvanredni je profesor na Odsjeku za povijest Filozofskog fakulteta Sveu\u010dili\u0161ta J. J. Strossmayera u Osijeku. Autor je i suautor vi\u0161e znanstvenih i stru\u010dnih radova.<\/p>\n\n\n\n<p><strong>Tomislav Kardum<\/strong> je asistent na Hrvatskom institutu za povijest u Zagrebu. Autor je vi\u0161e znanstvenih i stru\u010dnih \u010dlanaka te autor dviju knjiga i suautor jedne.<\/p>\n\n\n\n<hr class=\"wp-block-separator has-alpha-channel-opacity\"\/>\n\n\n\n<p>Izvor:<\/p>\n\n\n\n<figure class=\"wp-block-embed is-type-wp-embed is-provider-srednja-europa wp-block-embed-srednja-europa\"><div class=\"wp-block-embed__wrapper\">\n<blockquote class=\"wp-embedded-content\" data-secret=\"lkN4q2wP0O\"><a href=\"https:\/\/srednja-europa.hr\/proizvod\/srednja-europa-ocima-hrvatskih-intelektualaca-u-20-stoljecu\/\">Srednja Europa o\u010dima hrvatskih intelektualaca u 20. stolje\u0107u<\/a><\/blockquote><iframe loading=\"lazy\" class=\"wp-embedded-content\" sandbox=\"allow-scripts\" security=\"restricted\" style=\"position: absolute; visibility: hidden;\" title=\"&#8220;Srednja Europa o\u010dima hrvatskih intelektualaca u 20. stolje\u0107u&#8221; &#8212; Srednja Europa\" src=\"https:\/\/srednja-europa.hr\/proizvod\/srednja-europa-ocima-hrvatskih-intelektualaca-u-20-stoljecu\/embed\/#?secret=aajWSn1RRW#?secret=lkN4q2wP0O\" data-secret=\"lkN4q2wP0O\" width=\"600\" height=\"338\" frameborder=\"0\" marginwidth=\"0\" marginheight=\"0\" scrolling=\"no\"><\/iframe>\n<\/div><\/figure>\n\n\n\n<hr class=\"wp-block-separator has-alpha-channel-opacity\"\/>\n\n\n\n<p>Obavijest je objavljena i na portalu <strong>Historiografija.ba<\/strong>:<\/p>\n\n\n\n<p><a href=\"https:\/\/historiografija.ba\/knjige\/jugoistocna-evropa\/srednja-europa-ocima-hrvatskih-intelektualaca\">https:\/\/historiografija.ba\/knjige\/jugoistocna-evropa\/srednja-europa-ocima-hrvatskih-intelektualaca<\/a><\/p>\n\n\n\n<hr class=\"wp-block-separator has-alpha-channel-opacity\"\/>\n","protected":false},"excerpt":{"rendered":"","protected":false},"author":2,"featured_media":47458,"comment_status":"open","ping_status":"open","sticky":false,"template":"","format":"standard","meta":{"_acf_changed":false,"jetpack_post_was_ever_published":false,"_jetpack_newsletter_access":"","_jetpack_dont_email_post_to_subs":false,"_jetpack_newsletter_tier_id":0,"_jetpack_memberships_contains_paywalled_content":false,"_jetpack_memberships_contains_paid_content":false,"footnotes":"","jetpack_publicize_message":"","jetpack_publicize_feature_enabled":true,"jetpack_social_post_already_shared":true,"jetpack_social_options":{"image_generator_settings":{"template":"highway","default_image_id":0,"font":"","enabled":false},"version":2}},"categories":[8,3],"tags":[],"class_list":["post-47457","post","type-post","status-publish","format-standard","has-post-thumbnail","hentry","category-knjige","category-novosti"],"acf":{"facebook_opis":""},"jetpack_publicize_connections":[],"jetpack_featured_media_url":"https:\/\/i0.wp.com\/historiografija.hr\/wp-content\/uploads\/2025\/07\/Srednja-Europa.jpg?fit=450%2C563&ssl=1","jetpack_sharing_enabled":true,"jetpack-related-posts":[],"_links":{"self":[{"href":"https:\/\/historiografija.hr\/index.php?rest_route=\/wp\/v2\/posts\/47457","targetHints":{"allow":["GET"]}}],"collection":[{"href":"https:\/\/historiografija.hr\/index.php?rest_route=\/wp\/v2\/posts"}],"about":[{"href":"https:\/\/historiografija.hr\/index.php?rest_route=\/wp\/v2\/types\/post"}],"author":[{"embeddable":true,"href":"https:\/\/historiografija.hr\/index.php?rest_route=\/wp\/v2\/users\/2"}],"replies":[{"embeddable":true,"href":"https:\/\/historiografija.hr\/index.php?rest_route=%2Fwp%2Fv2%2Fcomments&post=47457"}],"version-history":[{"count":2,"href":"https:\/\/historiografija.hr\/index.php?rest_route=\/wp\/v2\/posts\/47457\/revisions"}],"predecessor-version":[{"id":47460,"href":"https:\/\/historiografija.hr\/index.php?rest_route=\/wp\/v2\/posts\/47457\/revisions\/47460"}],"wp:featuredmedia":[{"embeddable":true,"href":"https:\/\/historiografija.hr\/index.php?rest_route=\/wp\/v2\/media\/47458"}],"wp:attachment":[{"href":"https:\/\/historiografija.hr\/index.php?rest_route=%2Fwp%2Fv2%2Fmedia&parent=47457"}],"wp:term":[{"taxonomy":"category","embeddable":true,"href":"https:\/\/historiografija.hr\/index.php?rest_route=%2Fwp%2Fv2%2Fcategories&post=47457"},{"taxonomy":"post_tag","embeddable":true,"href":"https:\/\/historiografija.hr\/index.php?rest_route=%2Fwp%2Fv2%2Ftags&post=47457"}],"curies":[{"name":"wp","href":"https:\/\/api.w.org\/{rel}","templated":true}]}}