{"id":47436,"date":"2025-07-15T14:06:44","date_gmt":"2025-07-15T14:06:44","guid":{"rendered":"https:\/\/historiografija.hr\/?p=47436"},"modified":"2025-07-15T14:06:44","modified_gmt":"2025-07-15T14:06:44","slug":"podiumsdiskussion-300-jahre-vampire-grenzphanomene-im-habsburgerreich-1725-1755","status":"publish","type":"post","link":"https:\/\/historiografija.hr\/?p=47436","title":{"rendered":"Podiumsdiskussion \u201e300 Jahre Vampire. Grenzph\u00e4nomene im Habsburgerreich 1725-1755\u201c"},"content":{"rendered":"\n<p>Es diskutieren: Peter Mario Kreuter, Leibnitz-Institut f\u00fcr Ost- und S\u00fcdosteuropaforschung in Regensburg; Clemens Ruthner, Trinity College Dublin; Jaqueline Kr\u00fcger, JLU Gie\u00dfen<\/p>\n\n\n\n<hr class=\"wp-block-separator has-alpha-channel-opacity\"\/>\n\n\n\n<p>Vor 300 Jahren, am 21. Juli 1725, tauchte in einem Bericht einer Wiener Zeitung \u00fcber ein serbisches Dorf an der Donau zum ersten Mal das Wort \u201eVampir\u201c auf. Zu einer Sensation wurde das Ph\u00e4nomen aber erst, als sich F\u00e4lle von umgehenden Toten in der Milit\u00e4rgrenze der Habsburger zum Osmanischen Reich am Ende des Jahres 1731 wiederholten. In den beiden folgenden Jahrzehnten wurden weitere F\u00e4lle aus anderen Regionen \u00d6sterreich-Ungarns gemeldet. Schlie\u00dflich lie\u00df Maria Theresia 1755 jegliche Berichte \u00fcber die sogenannte Magia posthuma verbieten. Dennoch sind die Vampire nicht tot zu kriegen. Seit der Aufkl\u00e4rung \u00fcben sie in den Debatten der gelehrten Welt eine unheimliche Faszination aus. Sp\u00e4testens mit dem Dracula-Roman traten sie 1897 einen Siegeszug durch die Popul\u00e4rkultur an.<\/p>\n\n\n\n<hr class=\"wp-block-separator has-alpha-channel-opacity\"\/>\n\n\n\n<p><strong>Moderation<\/strong><\/p>\n\n\n\n<p>Thomas Bohn, JLU Gie\u00dfen<\/p>\n\n\n\n<hr class=\"wp-block-separator has-alpha-channel-opacity\"\/>\n\n\n\n<p>Am 15.07.2025, 18:00 Uhr<\/p>\n\n\n\n<p>Ort: Netanya-Saal im Alten Schloss Brandplatz 2, Gie\u00dfen<\/p>\n\n\n\n<hr class=\"wp-block-separator has-alpha-channel-opacity\"\/>\n\n\n\n<p><a href=\"https:\/\/www.sogde.org\/de\/events\/300-jahre-vampire\">https:\/\/www.sogde.org\/de\/events\/300-jahre-vampire<\/a><\/p>\n\n\n\n<hr class=\"wp-block-separator has-alpha-channel-opacity\"\/>\n","protected":false},"excerpt":{"rendered":"","protected":false},"author":2,"featured_media":47437,"comment_status":"open","ping_status":"open","sticky":false,"template":"","format":"standard","meta":{"_acf_changed":false,"jetpack_post_was_ever_published":false,"_jetpack_newsletter_access":"","_jetpack_dont_email_post_to_subs":false,"_jetpack_newsletter_tier_id":0,"_jetpack_memberships_contains_paywalled_content":false,"_jetpack_memberships_contains_paid_content":false,"footnotes":"","jetpack_publicize_message":"","jetpack_publicize_feature_enabled":true,"jetpack_social_post_already_shared":true,"jetpack_social_options":{"image_generator_settings":{"template":"highway","default_image_id":0,"font":"","enabled":false},"version":2}},"categories":[3],"tags":[],"class_list":["post-47436","post","type-post","status-publish","format-standard","has-post-thumbnail","hentry","category-novosti"],"acf":{"facebook_opis":""},"jetpack_publicize_connections":[],"jetpack_featured_media_url":"https:\/\/i0.wp.com\/historiografija.hr\/wp-content\/uploads\/2025\/07\/JLU_Giessen-Logo.png?fit=640%2C232&ssl=1","jetpack_sharing_enabled":true,"jetpack-related-posts":[],"_links":{"self":[{"href":"https:\/\/historiografija.hr\/index.php?rest_route=\/wp\/v2\/posts\/47436","targetHints":{"allow":["GET"]}}],"collection":[{"href":"https:\/\/historiografija.hr\/index.php?rest_route=\/wp\/v2\/posts"}],"about":[{"href":"https:\/\/historiografija.hr\/index.php?rest_route=\/wp\/v2\/types\/post"}],"author":[{"embeddable":true,"href":"https:\/\/historiografija.hr\/index.php?rest_route=\/wp\/v2\/users\/2"}],"replies":[{"embeddable":true,"href":"https:\/\/historiografija.hr\/index.php?rest_route=%2Fwp%2Fv2%2Fcomments&post=47436"}],"version-history":[{"count":1,"href":"https:\/\/historiografija.hr\/index.php?rest_route=\/wp\/v2\/posts\/47436\/revisions"}],"predecessor-version":[{"id":47438,"href":"https:\/\/historiografija.hr\/index.php?rest_route=\/wp\/v2\/posts\/47436\/revisions\/47438"}],"wp:featuredmedia":[{"embeddable":true,"href":"https:\/\/historiografija.hr\/index.php?rest_route=\/wp\/v2\/media\/47437"}],"wp:attachment":[{"href":"https:\/\/historiografija.hr\/index.php?rest_route=%2Fwp%2Fv2%2Fmedia&parent=47436"}],"wp:term":[{"taxonomy":"category","embeddable":true,"href":"https:\/\/historiografija.hr\/index.php?rest_route=%2Fwp%2Fv2%2Fcategories&post=47436"},{"taxonomy":"post_tag","embeddable":true,"href":"https:\/\/historiografija.hr\/index.php?rest_route=%2Fwp%2Fv2%2Ftags&post=47436"}],"curies":[{"name":"wp","href":"https:\/\/api.w.org\/{rel}","templated":true}]}}