{"id":47425,"date":"2025-07-15T13:47:43","date_gmt":"2025-07-15T13:47:43","guid":{"rendered":"https:\/\/historiografija.hr\/?p=47425"},"modified":"2025-07-15T13:48:55","modified_gmt":"2025-07-15T13:48:55","slug":"slavko-kovacic-glagoljastvo-na-podrucju-stare-splitske-metropolije","status":"publish","type":"post","link":"https:\/\/historiografija.hr\/?p=47425","title":{"rendered":"Slavko Kova\u010di\u0107: \u201eGlagolja\u0161tvo na podru\u010dju stare Splitske metropolije\u201c"},"content":{"rendered":"\n<p>Teku\u0107a 2025. godina uvelike je u znaku 925. godine, to\u010dnije, Prvoga splitskog crkvenog sabora odr\u017eanoga 925. godine. Najva\u017eniji su plodovi toga sabora uspostava Splitske metropolije, tj. zajedni\u010dke crkvene pokrajine za Hrvatsku i Dalmaciju, prvi spomen Tomislava kao hrvatskoga kralja te prvi spomen glagolja\u0161tva na dana\u0161njem hrvatskom prostoru.<\/p>\n\n\n\n<p>Vrijedan je doprinos ovogodi\u0161njem obilje\u017eavanju visoke obljetnice toga splitskog sabora knjiga \u201eGlagolja\u0161tvo na podru\u010dju stare Splitske metropolije\u201c, koju potpisuje ugledni crkveni povjesni\u010dar, i sam \u201epop\u201c glagolja\u0161, prof. dr. sc. don Slavko Kova\u010di\u0107 (r. 1938.).<\/p>\n\n\n\n<p>Knjiga okuplja njegove istaknute radove o glagolja\u0161tvu srednje Dalmacije i drugih podru\u010dja stare Splitske metropolije kao i radove o djelovanju glagolja\u0161a s prostora dana\u0161nje Splitsko-makarske nadbiskupije na drugim hrvatskim podru\u010djima. Rije\u010d je uglavnom o radovima koji su bili objavljivani tijekom bogate vi\u0161edesetljetne istra\u017eiva\u010dke djelatnosti profesora Kova\u010di\u0107a, ali su za ovo izdanje revidirani, kao i o pet novih i dosad neobjavljenih priloga.<\/p>\n\n\n\n<p>Podnaslovi okupljeni pod sredi\u0161njim naslovom knjige su sljede\u0107i:<\/p>\n\n\n\n<p>1. Dva glagoljska rukopisa iz srednje Dalmacije: \u201eTopi\u0107ev ulomak glagoljskoga obrednika\u201c i glagoljski rukopis \u201e\u010casi nasu\u0161nih\u02bc\u201c<\/p>\n\n\n\n<p>2. Ranonovovjekovni tekstovi na kurzivnoj glagoljici u splitskim crkvenim ustanovama<\/p>\n\n\n\n<p>3. Dvije starije mati\u010dne knjige pisane hrvatskom \u0107irilicom rukama glagolja\u0161a Splitske nadbiskupije\u00a0\u00a0\u00a0<\/p>\n\n\n\n<p>4. Glagolja\u0161ko bogoslu\u017eje i glagolja\u0161i na podru\u010dju srednje Dalmacije od 16. do 20. stolje\u0107a<\/p>\n\n\n\n<p>5. \u017dupe Splitske nadbiskupije u Polji\u010dko-radobiljskom dekanatu 1625. godine<\/p>\n\n\n\n<p>6. Polji\u010dki glagolja\u0161\u00a0(Dodatak: Slovo o polji\u010dko-radobiljskim glagolja\u0161ima)<\/p>\n\n\n\n<p>7. Glagolja\u0161ka pustinja\u010dka naseobina i Gospino sveti\u0161te u Prizidnicama na otoku \u010ciovu<\/p>\n\n\n\n<p>8. Glagolja\u0161i na podru\u010dju Imotske krajine za turske vladavine<\/p>\n\n\n\n<p>9. Splitski nadbiskup Stjepan Cosmi u odnosu prema glagolja\u0161ima i glagolja\u0161tvu<\/p>\n\n\n\n<p>10. Nastava crkvenoslavenskoga jezika na bogoslovnom u\u010dili\u0161tu Privremenoga pokrajinskog glagolja\u0161kog sjemeni\u0161ta dalmatinskih biskupija u Zadru<\/p>\n\n\n\n<p>11. Sve\u0107enici glagolja\u0161i rodom Neretvani u 18. i prvoj polovici 19. stolje\u0107a <\/p>\n\n\n\n<p>12. Glagoljanje i glagolja\u0161i u srednjoj Dalmaciji za vrijeme hrvatskoga narodnog preporoda\u00a0(1835. \u2013 1848.)<\/p>\n\n\n\n<p>13. Glagoljanje i glagolja\u0161i u Osorskoj biskupiji od konca 16. do po\u010detka 19. stolje\u0107a prema izvje\u0161tajima osorskih biskupa Svetoj Stolici<\/p>\n\n\n\n<p>14. Glagolja\u0161i Splitske nadbiskupije u Lici i Kordunu&nbsp;<\/p>\n\n\n\n<p>15. Ku\u010di\u0107e \u2013 selo u bli\u017eem omi\u0161kom zale\u0111u i drevna glagolja\u0161ka \u017eupa<\/p>\n\n\n\n<p>16. Djelovanje sve\u0107enika glagolja\u0161a Splitsko-makarske biskupije u \u017eupama Kotorske biskupije u prvoj polovici 19. stolje\u0107a<\/p>\n\n\n\n<p>17. Splitsko-makarski biskup Filip Franjo Naki\u0107 prema glagoljanju i glagolja\u0161ima&nbsp;&nbsp;<\/p>\n\n\n\n<p>18. Don Frane Buli\u0107 i glagoljica<\/p>\n\n\n\n<p>19. Glagoljski i latini\u010dni natpisi na crkvenoslavenskom jeziku u Splitsko-makarskoj nadbiskupiji na spomen-kri\u017eevima postavljenim u \u017eupama na smjeni 19. i 20. stolje\u0107a.<\/p>\n\n\n\n<hr class=\"wp-block-separator has-alpha-channel-opacity\"\/>\n\n\n\n<p>Knjiga prof. dr. sc. don Slavka Kova\u010di\u0107a \u201eGlagolja\u0161tvo na podru\u010dju stare Splitske metropolije\u201c temeljito i sadr\u017eajno \u0161iri obzore spoznaje i razumijevanja splitske, srednjodalmatinske i hrvatske povijesti. Rije\u010d je o izdanju koje pouzdano rasvjetljuje crkvene, dru\u0161tvene i kulturne slojeve te povijesti analiziraju\u0107i vi\u0161estoljetnu pojavu glagolja\u0161tva, jednoga od temelja hrvatskoga identiteta.<\/p>\n\n\n\n<p><strong>Mjesto i godina izdanja:<\/strong> Split, 2025.<\/p>\n\n\n\n<p><strong>Izdava\u010di:<\/strong> Staroslavenski institut, Filozofski fakultet Sveu\u010dili\u0161ta u Splitu, Centar \u00bbDon Frane Buli\u0107\u00ab pri Katoli\u010dkom bogoslovnom fakultetu Sveu\u010dili\u0161ta u Splitu<\/p>\n\n\n\n<p><strong>Broj stranica:<\/strong> 526<\/p>\n\n\n\n<p><strong>Cijena:<\/strong> 35 EUR<\/p>\n\n\n\n<p>Knjiga se mo\u017ee naru\u010diti slanjem upita na e-adresu <a href=\"mailto:info@stin.hr\">info@stin.hr<\/a>.<\/p>\n\n\n\n<hr class=\"wp-block-separator has-alpha-channel-opacity\"\/>\n","protected":false},"excerpt":{"rendered":"","protected":false},"author":2,"featured_media":47426,"comment_status":"open","ping_status":"open","sticky":false,"template":"","format":"standard","meta":{"_acf_changed":false,"jetpack_post_was_ever_published":false,"_jetpack_newsletter_access":"","_jetpack_dont_email_post_to_subs":false,"_jetpack_newsletter_tier_id":0,"_jetpack_memberships_contains_paywalled_content":false,"_jetpack_memberships_contains_paid_content":false,"footnotes":"","jetpack_publicize_message":"","jetpack_publicize_feature_enabled":true,"jetpack_social_post_already_shared":true,"jetpack_social_options":{"image_generator_settings":{"template":"highway","default_image_id":0,"font":"","enabled":false},"version":2}},"categories":[8,3],"tags":[],"class_list":["post-47425","post","type-post","status-publish","format-standard","has-post-thumbnail","hentry","category-knjige","category-novosti"],"acf":{"facebook_opis":""},"jetpack_publicize_connections":[],"jetpack_featured_media_url":"https:\/\/i0.wp.com\/historiografija.hr\/wp-content\/uploads\/2025\/07\/Kovacic_naslovnica-2.png?fit=498%2C331&ssl=1","jetpack_sharing_enabled":true,"jetpack-related-posts":[{"id":52589,"url":"https:\/\/historiografija.hr\/?p=52589","url_meta":{"origin":47425,"position":0},"title":"Predstavljena knjiga Miomira \u017du\u017eula &#8220;Dayton: Diplomacija &#8211; druga strana rata&#8221;","author":"Branimir Jankovi\u0107","date":"22. travnja 2026.","format":false,"excerpt":"Knjiga Miomira \u017du\u017eula \u201eDayton: Diplomacija \u2013 druga strana rata\u201d predstavljena je u srijedu, 22. travnja 2026. godine u foajeu Hrvatskoga narodnog kazali\u0161ta u Zagrebu. Op\u0161irnije: https:\/\/vijesti.hrt.hr\/hrvatska\/predstavljena-knjiga-miomira-zuzula-dayton-diplomacija-druga-strana-rata-12683259 https:\/\/www.vecernji.ba\/amp\/vijesti\/zuzulova-knjiga-o-daytonu-predstavljena-u-zagrebu-diplomacija-kao-druga-strana-rata-1953700 https:\/\/www.tportal.hr\/vijesti\/clanak\/bivsi-sanaderov-ministar-odrzao-promociju-evo-tko-je-sve-dosao-na-predstavljanje-knjige-miomira-zuzula-foto-20260422 https:\/\/direktno.hr\/zivot\/kultura\/zuzul-otkrio-sve-o-drugoj-strani-rata-za-hrvatsku-se-nije-libio-povuci-nekoga-i-za-kosu-395042 https:\/\/www.24sata.hr\/news\/miomir-zuzul-predstavio-je-knjigu-o-daytonu-diplomacija-je-bila-druga-strana-rata-1123152 https:\/\/www.vecernji.hr\/kultura\/kolinda-grabar-kitarovic-otvoreno-miomir-zuzul-nije-vukao-samo-za-rukav-nego-i-za-kosu-1953722 https:\/\/www.vecernji.hr\/kultura\/i-papa-lav-xiv-eksplicitno-je-daytonski-sporazum-istaknuo-kao-primjer-uspjesna-rjesavanja-sukoba-1952215","rel":"","context":"U &quot;Novosti&quot;","block_context":{"text":"Novosti","link":"https:\/\/historiografija.hr\/?cat=3"},"img":{"alt_text":"","src":"https:\/\/i0.wp.com\/historiografija.hr\/wp-content\/uploads\/2026\/04\/Dayton.jpg?fit=1024%2C683&ssl=1&resize=350%2C200","width":350,"height":200,"srcset":"https:\/\/i0.wp.com\/historiografija.hr\/wp-content\/uploads\/2026\/04\/Dayton.jpg?fit=1024%2C683&ssl=1&resize=350%2C200 1x, https:\/\/i0.wp.com\/historiografija.hr\/wp-content\/uploads\/2026\/04\/Dayton.jpg?fit=1024%2C683&ssl=1&resize=525%2C300 1.5x, https:\/\/i0.wp.com\/historiografija.hr\/wp-content\/uploads\/2026\/04\/Dayton.jpg?fit=1024%2C683&ssl=1&resize=700%2C400 2x"},"classes":[]},{"id":52666,"url":"https:\/\/historiografija.hr\/?p=52666","url_meta":{"origin":47425,"position":1},"title":"Najava programa Festivala povijesti Kliofest (5-8. V. 2026)","author":"Branimir Jankovi\u0107","date":"24. travnja 2026.","format":false,"excerpt":"Po trinaesti put odr\u017eava se Festival povijesti Kliofest! Do petka \u0107emo odr\u017eati osam okruglih stolova i dva kolokvija te niz predstavljanja knjiga i projekata razli\u010dite tematike, od antike do suvremenosti. Bit \u0107e predstavljeno i nekoliko izlo\u017ebi te odr\u017ean jedan povijesni kviz. Prikazat \u0107emo i jedan film \u2013 o generalu Boroevi\u0107u.\u2026","rel":"","context":"U &quot;Novosti&quot;","block_context":{"text":"Novosti","link":"https:\/\/historiografija.hr\/?cat=3"},"img":{"alt_text":"","src":"https:\/\/i0.wp.com\/historiografija.hr\/wp-content\/uploads\/2026\/04\/Kliofest-2026.jpg?fit=526%2C526&ssl=1&resize=350%2C200","width":350,"height":200,"srcset":"https:\/\/i0.wp.com\/historiografija.hr\/wp-content\/uploads\/2026\/04\/Kliofest-2026.jpg?fit=526%2C526&ssl=1&resize=350%2C200 1x, https:\/\/i0.wp.com\/historiografija.hr\/wp-content\/uploads\/2026\/04\/Kliofest-2026.jpg?fit=526%2C526&ssl=1&resize=525%2C300 1.5x"},"classes":[]},{"id":52563,"url":"https:\/\/historiografija.hr\/?p=52563","url_meta":{"origin":47425,"position":2},"title":"Predavanje Nenada Fabijani\u0107a o stadionu Poljud u Splitu","author":"Branimir Jankovi\u0107","date":"21. travnja 2026.","format":false,"excerpt":"Znanstveno vije\u0107e za arhitekturu, urbanizam i ure\u0111enje prostora Hrvatske akademije znanosti i umjetnosti organizira predavanje \u201cPo Poljudu\u201d koje \u0107e u srijedu 22. travnja 2026. s po\u010detkom u 14 sati u Knji\u017enici HAZU, Strossmayerov trg 14 u Zagrebu, odr\u017eati\u00a0prof. emerit. dr. art. Nenad Fabijani\u0107,\u00a0\u010dlan suradnik HAZU. Predavanje \u201ePo Poljudu\u201c (Projekt obnove)\u2026","rel":"","context":"U &quot;Novosti&quot;","block_context":{"text":"Novosti","link":"https:\/\/historiografija.hr\/?cat=3"},"img":{"alt_text":"","src":"https:\/\/i0.wp.com\/historiografija.hr\/wp-content\/uploads\/2026\/04\/Poljud-scaled.jpeg?fit=1200%2C800&ssl=1&resize=350%2C200","width":350,"height":200,"srcset":"https:\/\/i0.wp.com\/historiografija.hr\/wp-content\/uploads\/2026\/04\/Poljud-scaled.jpeg?fit=1200%2C800&ssl=1&resize=350%2C200 1x, https:\/\/i0.wp.com\/historiografija.hr\/wp-content\/uploads\/2026\/04\/Poljud-scaled.jpeg?fit=1200%2C800&ssl=1&resize=525%2C300 1.5x, https:\/\/i0.wp.com\/historiografija.hr\/wp-content\/uploads\/2026\/04\/Poljud-scaled.jpeg?fit=1200%2C800&ssl=1&resize=700%2C400 2x, https:\/\/i0.wp.com\/historiografija.hr\/wp-content\/uploads\/2026\/04\/Poljud-scaled.jpeg?fit=1200%2C800&ssl=1&resize=1050%2C600 3x"},"classes":[]},{"id":52528,"url":"https:\/\/historiografija.hr\/?p=52528","url_meta":{"origin":47425,"position":3},"title":"[Promocija knjige] Banja Luka u ratu: Etnopolitika i svakodnevica (1990\u20131995) (ActiveLab, YugoLab)","author":"Branimir Jankovi\u0107","date":"17. travnja 2026.","format":false,"excerpt":"Institut za filozofiju i dru\u0161tvenu teoriju i O\u0161tra Nula organizuju promociju knjige Banja Luka u ratu: Etnopolitika i svakodnevica (1990\u20131995) autorke Armine Galija\u0161, koja \u0107e se odr\u017eati 20. aprila 2026. u 12.00 sati u prostorijama Instituta (Kraljice Natalije 45, Beograd). Re\u010d je o prvom nau\u010dno utemeljenom i sistematskom radu koji\u2026","rel":"","context":"U &quot;Novosti&quot;","block_context":{"text":"Novosti","link":"https:\/\/historiografija.hr\/?cat=3"},"img":{"alt_text":"","src":"https:\/\/i0.wp.com\/historiografija.hr\/wp-content\/uploads\/2026\/04\/20-april-RS.jpg?fit=1200%2C675&ssl=1&resize=350%2C200","width":350,"height":200,"srcset":"https:\/\/i0.wp.com\/historiografija.hr\/wp-content\/uploads\/2026\/04\/20-april-RS.jpg?fit=1200%2C675&ssl=1&resize=350%2C200 1x, https:\/\/i0.wp.com\/historiografija.hr\/wp-content\/uploads\/2026\/04\/20-april-RS.jpg?fit=1200%2C675&ssl=1&resize=525%2C300 1.5x, https:\/\/i0.wp.com\/historiografija.hr\/wp-content\/uploads\/2026\/04\/20-april-RS.jpg?fit=1200%2C675&ssl=1&resize=700%2C400 2x, https:\/\/i0.wp.com\/historiografija.hr\/wp-content\/uploads\/2026\/04\/20-april-RS.jpg?fit=1200%2C675&ssl=1&resize=1050%2C600 3x"},"classes":[]},{"id":52592,"url":"https:\/\/historiografija.hr\/?p=52592","url_meta":{"origin":47425,"position":4},"title":"Predstavljanje knjige &#8220;Turska ku\u0107a u Rijeci&#8221; u Zagrebu","author":"Branimir Jankovi\u0107","date":"22. travnja 2026.","format":false,"excerpt":"U prostorijama Turskog kulturnog centra Yunus Emre u Zagrebu, u utorak 21. travnja 2026. godine, odr\u017eano je sve\u010dano predstavljanje dopunjenog izdanja knjige Turska ku\u0107a u Rijeci, u organizaciji Hrvatsko-turskog dru\u0161tva Rijeka i partnerstvu sa Skupinom prijateljstva Hrvatska-Turska Hrvatskog sabora, Veleposlanstvom Republike Turske u Republici Hrvatskoj te Turskim kulturnim centrom Yunus\u2026","rel":"","context":"U &quot;Novosti&quot;","block_context":{"text":"Novosti","link":"https:\/\/historiografija.hr\/?cat=3"},"img":{"alt_text":"","src":"https:\/\/i0.wp.com\/historiografija.hr\/wp-content\/uploads\/2026\/04\/Turska-kuca-ZG.jpg?fit=1200%2C800&ssl=1&resize=350%2C200","width":350,"height":200,"srcset":"https:\/\/i0.wp.com\/historiografija.hr\/wp-content\/uploads\/2026\/04\/Turska-kuca-ZG.jpg?fit=1200%2C800&ssl=1&resize=350%2C200 1x, https:\/\/i0.wp.com\/historiografija.hr\/wp-content\/uploads\/2026\/04\/Turska-kuca-ZG.jpg?fit=1200%2C800&ssl=1&resize=525%2C300 1.5x, https:\/\/i0.wp.com\/historiografija.hr\/wp-content\/uploads\/2026\/04\/Turska-kuca-ZG.jpg?fit=1200%2C800&ssl=1&resize=700%2C400 2x, https:\/\/i0.wp.com\/historiografija.hr\/wp-content\/uploads\/2026\/04\/Turska-kuca-ZG.jpg?fit=1200%2C800&ssl=1&resize=1050%2C600 3x"},"classes":[]},{"id":52559,"url":"https:\/\/historiografija.hr\/?p=52559","url_meta":{"origin":47425,"position":5},"title":"Dobitnici dr\u017eavne nagrade za znanost za 2024. godinu","author":"Branimir Jankovi\u0107","date":"20. travnja 2026.","format":false,"excerpt":"Na sjednici Odbora za podjelu dr\u017eavnih nagrada za znanost odr\u017eanoj 16. travnja 2026. godine donesena je Odluka o dodjeli dr\u017eavnih nagrada za znanost za 2024. godinu. Godi\u0161njom nagradom za popularizaciju i promid\u017ebu znanosti nagra\u0111eni su u podru\u010dju humanisti\u010dkih znanosti znanstveni suradnici dr. sc. Josip Mihaljevi\u0107 i dr. sc. Gordan Ravan\u010di\u0107,\u2026","rel":"","context":"U &quot;Novosti&quot;","block_context":{"text":"Novosti","link":"https:\/\/historiografija.hr\/?cat=3"},"img":{"alt_text":"","src":"https:\/\/i0.wp.com\/historiografija.hr\/wp-content\/uploads\/2021\/12\/povijesne-kontroverze.jpg?fit=1200%2C675&ssl=1&resize=350%2C200","width":350,"height":200,"srcset":"https:\/\/i0.wp.com\/historiografija.hr\/wp-content\/uploads\/2021\/12\/povijesne-kontroverze.jpg?fit=1200%2C675&ssl=1&resize=350%2C200 1x, https:\/\/i0.wp.com\/historiografija.hr\/wp-content\/uploads\/2021\/12\/povijesne-kontroverze.jpg?fit=1200%2C675&ssl=1&resize=525%2C300 1.5x, https:\/\/i0.wp.com\/historiografija.hr\/wp-content\/uploads\/2021\/12\/povijesne-kontroverze.jpg?fit=1200%2C675&ssl=1&resize=700%2C400 2x, https:\/\/i0.wp.com\/historiografija.hr\/wp-content\/uploads\/2021\/12\/povijesne-kontroverze.jpg?fit=1200%2C675&ssl=1&resize=1050%2C600 3x"},"classes":[]}],"_links":{"self":[{"href":"https:\/\/historiografija.hr\/index.php?rest_route=\/wp\/v2\/posts\/47425","targetHints":{"allow":["GET"]}}],"collection":[{"href":"https:\/\/historiografija.hr\/index.php?rest_route=\/wp\/v2\/posts"}],"about":[{"href":"https:\/\/historiografija.hr\/index.php?rest_route=\/wp\/v2\/types\/post"}],"author":[{"embeddable":true,"href":"https:\/\/historiografija.hr\/index.php?rest_route=\/wp\/v2\/users\/2"}],"replies":[{"embeddable":true,"href":"https:\/\/historiografija.hr\/index.php?rest_route=%2Fwp%2Fv2%2Fcomments&post=47425"}],"version-history":[{"count":3,"href":"https:\/\/historiografija.hr\/index.php?rest_route=\/wp\/v2\/posts\/47425\/revisions"}],"predecessor-version":[{"id":47429,"href":"https:\/\/historiografija.hr\/index.php?rest_route=\/wp\/v2\/posts\/47425\/revisions\/47429"}],"wp:featuredmedia":[{"embeddable":true,"href":"https:\/\/historiografija.hr\/index.php?rest_route=\/wp\/v2\/media\/47426"}],"wp:attachment":[{"href":"https:\/\/historiografija.hr\/index.php?rest_route=%2Fwp%2Fv2%2Fmedia&parent=47425"}],"wp:term":[{"taxonomy":"category","embeddable":true,"href":"https:\/\/historiografija.hr\/index.php?rest_route=%2Fwp%2Fv2%2Fcategories&post=47425"},{"taxonomy":"post_tag","embeddable":true,"href":"https:\/\/historiografija.hr\/index.php?rest_route=%2Fwp%2Fv2%2Ftags&post=47425"}],"curies":[{"name":"wp","href":"https:\/\/api.w.org\/{rel}","templated":true}]}}