{"id":47408,"date":"2025-07-14T21:29:15","date_gmt":"2025-07-14T21:29:15","guid":{"rendered":"https:\/\/historiografija.hr\/?p=47408"},"modified":"2025-07-14T21:29:44","modified_gmt":"2025-07-14T21:29:44","slug":"podiumsdiskussion-serbien-am-scheideweg-studentenproteste-und-ihre-folgen","status":"publish","type":"post","link":"https:\/\/historiografija.hr\/?p=47408","title":{"rendered":"Podiumsdiskussion \u201eSerbien am Scheideweg: Studentenproteste und ihre Folgen\u201c"},"content":{"rendered":"\n<p>Es diskutieren: Samir Behari\u0107, Philine Bickhardt, Mila Mileti\u0107, Uro\u0161 Milivojevi\u0107, Irena Risti\u0107, Lucas Schubert<\/p>\n\n\n\n<hr class=\"wp-block-separator has-alpha-channel-opacity\"\/>\n\n\n\n<p><strong>Es diskutieren:<\/strong><\/p>\n\n\n\n<ul class=\"wp-block-list\">\n<li><strong>Samir Behari\u0107<\/strong>, Sozialgeograph, Bamberg<\/li>\n\n\n\n<li><strong>Philine Bickhardt<\/strong>, Slawistin, Z\u00fcrich<\/li>\n\n\n\n<li><strong>Mila Mileti\u0107<\/strong>, Sozialgeographin, Bamberg<\/li>\n\n\n\n<li><strong>Uro\u0161 Milivojevi\u0107<\/strong>, Gewerkschaftsvertreter, Zrenjanin<\/li>\n\n\n\n<li><strong>Irena Risti\u0107<\/strong>, Historikerin, Belgrad<\/li>\n\n\n\n<li><strong>Lucas Schubert<\/strong>, Politikwissenschaftler, M\u00fcnchen<\/li>\n<\/ul>\n\n\n\n<p><strong>Moderation:<\/strong><\/p>\n\n\n\n<ul class=\"wp-block-list\">\n<li><strong>Johannes Grotzky<\/strong><\/li>\n<\/ul>\n\n\n\n<p><strong>Zum Thema:<\/strong><\/p>\n\n\n\n<p>Die von serbischen Studierenden im November 2024 initiierten Proteste gegen politische Intransparenz und Korruption haben sich in den letzten Monaten zur gr\u00f6\u00dften Protestbewegung in der j\u00fcngeren Geschichte Serbiens entwickelt.<\/p>\n\n\n\n<p>In der Podiumsdiskussion wollen wir die soziale Dimension der Proteste und ihre politischen Implikationen besprechen: Wie konnte sich der studentische Protest auf die gesamte Zivilgesellschaft ausbreiten? Wohin bewegt sich die serbische Gesellschaft politisch und welche Folgen sind zu erwarten?<\/p>\n\n\n\n<hr class=\"wp-block-separator has-alpha-channel-opacity\"\/>\n\n\n\n<p>Am 16.07.2025, 18:00 Uhr<\/p>\n\n\n\n<p>Ort: Otto-Friedrich-Universit\u00e4t Bamberg, Markusstra\u00dfe 8a, Raum MG2\/01.10<\/p>\n\n\n\n<p><a href=\"https:\/\/www.sogde.org\/site\/assets\/files\/35607\/07_serbien_plakat_rgb_digital.pdf\" target=\"_blank\" rel=\"noreferrer noopener\">Plakat<\/a><\/p>\n\n\n\n<hr class=\"wp-block-separator has-alpha-channel-opacity\"\/>\n\n\n\n<p><a href=\"https:\/\/www.sogde.org\/de\/events\/serbien-am-scheideweg\">https:\/\/www.sogde.org\/de\/events\/serbien-am-scheideweg<\/a><\/p>\n\n\n\n<hr class=\"wp-block-separator has-alpha-channel-opacity\"\/>\n","protected":false},"excerpt":{"rendered":"","protected":false},"author":2,"featured_media":47409,"comment_status":"open","ping_status":"open","sticky":false,"template":"","format":"standard","meta":{"_acf_changed":false,"jetpack_post_was_ever_published":false,"_jetpack_newsletter_access":"","_jetpack_dont_email_post_to_subs":false,"_jetpack_newsletter_tier_id":0,"_jetpack_memberships_contains_paywalled_content":false,"_jetpack_memberships_contains_paid_content":false,"footnotes":"","jetpack_publicize_message":"","jetpack_publicize_feature_enabled":true,"jetpack_social_post_already_shared":true,"jetpack_social_options":{"image_generator_settings":{"template":"highway","default_image_id":0,"font":"","enabled":false},"version":2}},"categories":[3],"tags":[],"class_list":["post-47408","post","type-post","status-publish","format-standard","has-post-thumbnail","hentry","category-novosti"],"acf":{"facebook_opis":""},"jetpack_publicize_connections":[],"jetpack_featured_media_url":"https:\/\/i0.wp.com\/historiografija.hr\/wp-content\/uploads\/2025\/07\/serbien_plakat.png?fit=1920%2C888&ssl=1","jetpack_sharing_enabled":true,"jetpack-related-posts":[],"_links":{"self":[{"href":"https:\/\/historiografija.hr\/index.php?rest_route=\/wp\/v2\/posts\/47408","targetHints":{"allow":["GET"]}}],"collection":[{"href":"https:\/\/historiografija.hr\/index.php?rest_route=\/wp\/v2\/posts"}],"about":[{"href":"https:\/\/historiografija.hr\/index.php?rest_route=\/wp\/v2\/types\/post"}],"author":[{"embeddable":true,"href":"https:\/\/historiografija.hr\/index.php?rest_route=\/wp\/v2\/users\/2"}],"replies":[{"embeddable":true,"href":"https:\/\/historiografija.hr\/index.php?rest_route=%2Fwp%2Fv2%2Fcomments&post=47408"}],"version-history":[{"count":2,"href":"https:\/\/historiografija.hr\/index.php?rest_route=\/wp\/v2\/posts\/47408\/revisions"}],"predecessor-version":[{"id":47411,"href":"https:\/\/historiografija.hr\/index.php?rest_route=\/wp\/v2\/posts\/47408\/revisions\/47411"}],"wp:featuredmedia":[{"embeddable":true,"href":"https:\/\/historiografija.hr\/index.php?rest_route=\/wp\/v2\/media\/47409"}],"wp:attachment":[{"href":"https:\/\/historiografija.hr\/index.php?rest_route=%2Fwp%2Fv2%2Fmedia&parent=47408"}],"wp:term":[{"taxonomy":"category","embeddable":true,"href":"https:\/\/historiografija.hr\/index.php?rest_route=%2Fwp%2Fv2%2Fcategories&post=47408"},{"taxonomy":"post_tag","embeddable":true,"href":"https:\/\/historiografija.hr\/index.php?rest_route=%2Fwp%2Fv2%2Ftags&post=47408"}],"curies":[{"name":"wp","href":"https:\/\/api.w.org\/{rel}","templated":true}]}}