{"id":47399,"date":"2025-07-14T21:07:19","date_gmt":"2025-07-14T21:07:19","guid":{"rendered":"https:\/\/historiografija.hr\/?p=47399"},"modified":"2025-07-14T21:07:19","modified_gmt":"2025-07-14T21:07:19","slug":"podiumsdiskussion-erinnerung-und-offene-wunden-wahrheit-wurde-und-verantwortung-30-jahre-nach-srebrenica","status":"publish","type":"post","link":"https:\/\/historiografija.hr\/?p=47399","title":{"rendered":"Podiumsdiskussion \u201eErinnerung und offene Wunden. Wahrheit, W\u00fcrde und Verantwortung 30 Jahre nach Srebrenica\u201c"},"content":{"rendered":"\n<p>In Kooperation mit Renovabis, dem M\u00fcnchner Forum f\u00fcr Islam, dem Fachbereich &#8220;Dialog der Religionen&#8221; des EOM und der Domberg-Akademie<\/p>\n\n\n\n<p><strong>Impulse, Diskussion, Begegnung und Austausch mit:<\/strong><\/p>\n\n\n\n<ul class=\"wp-block-list\">\n<li><strong>Hasan Hasanovi\u0107<\/strong>, Kurator und Leiter des Oral History Projekts des Srebrenica Memorial Center in Poto\u010dari, Autor des Buches \u201eSrebrenica \u00fcberleben\u201c<\/li>\n\n\n\n<li><strong>Prof. Dr. Marie-Janine Calic,\u00a0<\/strong>Ludwig-Maximilian-Universit\u00e4t M\u00fcnchen<\/li>\n\n\n\n<li><strong>Barbara Abdallah-Steinkopff,\u00a0<\/strong>Traumatherapeutin<\/li>\n\n\n\n<li><strong>Samedin Dedovi\u0107<\/strong>, M\u00fcnchner Forum f\u00fcr Islam<\/li>\n<\/ul>\n\n\n\n<p><strong>Moderation:<\/strong><\/p>\n\n\n\n<ul class=\"wp-block-list\">\n<li><strong>Gemma P\u00f6rzgen,\u00a0<\/strong>Chefredakteurin von \u201cOst-West. Europ\u00e4ische Perspektiven\u201d<\/li>\n<\/ul>\n\n\n\n<p><strong>Gedenken und Gebet:<\/strong><\/p>\n\n\n\n<ul class=\"wp-block-list\">\n<li><strong>Imam Belmin Mehi\u0107,\u00a0<\/strong>M\u00fcnchner Forum f\u00fcr Islam<\/li>\n\n\n\n<li><strong>Pfr. Prof. Dr. Thomas Schwartz,\u00a0<\/strong>Renovabis<\/li>\n<\/ul>\n\n\n\n<p><strong>Zum Thema:<\/strong><\/p>\n\n\n\n<p>Anl\u00e4sslich des 30. Jahrestags des Genozids in Srebrenica erinnern wir an die Verbrechen und ihre Opfer. Zugleich fragen wir, inwiefern die W\u00fcrde der Opfer, der \u00dcberlebenden und ihrer Angeh\u00f6rigen erneut dadurch angegriffen wird, dass die Verbrechen und das Leiden oft ignoriert, verleugnet oder missbraucht werden.<\/p>\n\n\n\n<p>Nach einer historisch-politischen Einordnung des Genozids wollen wir die Perspektive von Betroffenen, die Perspektive psychologisch-therapeutischer Arbeit mit traumatisierten Menschen und die Perspektive von in Deutschland lebenden Muslimen mit Bezug zu dem Geschehen ins Gespr\u00e4ch bringen. Dabei wird es auch um Themen wie die Voraussetzungen f\u00fcr ein gutes gesellschaftliches Miteinander und angemessene Formen der Erinnerung an Menschenrechtsverletzungen gehen. Die Veranstaltung bietet zugleich die Gelegenheit zu Austausch, Begegnung und zum (auch betenden) Gedenken.<\/p>\n\n\n\n<hr class=\"wp-block-separator has-alpha-channel-opacity\"\/>\n\n\n\n<p>Am 17.07.2025, 17:00 Uhr<\/p>\n\n\n\n<p>Ort: Internationales Begegnungszentrum (IBZ), Amalienstr. 38, 80799 M\u00fcnchen<\/p>\n\n\n\n<hr class=\"wp-block-separator has-alpha-channel-opacity\"\/>\n\n\n\n<p><a href=\"https:\/\/www.sogde.org\/de\/events\/erinnerung-und-offene-wunden\">https:\/\/www.sogde.org\/de\/events\/erinnerung-und-offene-wunden<\/a><\/p>\n\n\n\n<hr class=\"wp-block-separator has-alpha-channel-opacity\"\/>\n","protected":false},"excerpt":{"rendered":"","protected":false},"author":2,"featured_media":47400,"comment_status":"open","ping_status":"open","sticky":false,"template":"","format":"standard","meta":{"_acf_changed":false,"jetpack_post_was_ever_published":false,"_jetpack_newsletter_access":"","_jetpack_dont_email_post_to_subs":false,"_jetpack_newsletter_tier_id":0,"_jetpack_memberships_contains_paywalled_content":false,"_jetpack_memberships_contains_paid_content":false,"footnotes":"","jetpack_publicize_message":"","jetpack_publicize_feature_enabled":true,"jetpack_social_post_already_shared":true,"jetpack_social_options":{"image_generator_settings":{"template":"highway","default_image_id":0,"font":"","enabled":false},"version":2}},"categories":[3],"tags":[],"class_list":["post-47399","post","type-post","status-publish","format-standard","has-post-thumbnail","hentry","category-novosti"],"acf":{"facebook_opis":""},"jetpack_publicize_connections":[],"jetpack_featured_media_url":"https:\/\/i0.wp.com\/historiografija.hr\/wp-content\/uploads\/2025\/07\/foto_website.png?fit=1100%2C732&ssl=1","jetpack_sharing_enabled":true,"jetpack-related-posts":[],"_links":{"self":[{"href":"https:\/\/historiografija.hr\/index.php?rest_route=\/wp\/v2\/posts\/47399","targetHints":{"allow":["GET"]}}],"collection":[{"href":"https:\/\/historiografija.hr\/index.php?rest_route=\/wp\/v2\/posts"}],"about":[{"href":"https:\/\/historiografija.hr\/index.php?rest_route=\/wp\/v2\/types\/post"}],"author":[{"embeddable":true,"href":"https:\/\/historiografija.hr\/index.php?rest_route=\/wp\/v2\/users\/2"}],"replies":[{"embeddable":true,"href":"https:\/\/historiografija.hr\/index.php?rest_route=%2Fwp%2Fv2%2Fcomments&post=47399"}],"version-history":[{"count":1,"href":"https:\/\/historiografija.hr\/index.php?rest_route=\/wp\/v2\/posts\/47399\/revisions"}],"predecessor-version":[{"id":47401,"href":"https:\/\/historiografija.hr\/index.php?rest_route=\/wp\/v2\/posts\/47399\/revisions\/47401"}],"wp:featuredmedia":[{"embeddable":true,"href":"https:\/\/historiografija.hr\/index.php?rest_route=\/wp\/v2\/media\/47400"}],"wp:attachment":[{"href":"https:\/\/historiografija.hr\/index.php?rest_route=%2Fwp%2Fv2%2Fmedia&parent=47399"}],"wp:term":[{"taxonomy":"category","embeddable":true,"href":"https:\/\/historiografija.hr\/index.php?rest_route=%2Fwp%2Fv2%2Fcategories&post=47399"},{"taxonomy":"post_tag","embeddable":true,"href":"https:\/\/historiografija.hr\/index.php?rest_route=%2Fwp%2Fv2%2Ftags&post=47399"}],"curies":[{"name":"wp","href":"https:\/\/api.w.org\/{rel}","templated":true}]}}