{"id":47380,"date":"2025-07-11T23:55:41","date_gmt":"2025-07-11T23:55:41","guid":{"rendered":"https:\/\/historiografija.hr\/?p=47380"},"modified":"2025-07-11T23:57:16","modified_gmt":"2025-07-11T23:57:16","slug":"timothy-garton-ash-domovine-osobna-povijest-europe","status":"publish","type":"post","link":"https:\/\/historiografija.hr\/?p=47380","title":{"rendered":"Timothy Garton Ash, \u201eDomovine: Osobna povijest Europe\u201d"},"content":{"rendered":"\n<p>Europa koja izrasta iz ratnih ru\u0161evina, obnavlja se, trijumfira padom Berlinskog zida, demokratizira se i ujedinjuje\u2026 a onda posrne \u2013 Europa je kakvom ju je do\u017eivio Timothy Garton Ash, znameniti povjesni\u010dar i europski mislilac koji je posvetio \u017eivot prou\u010davanju ovog dijela svijeta te bio svjedokom i sudionikom mnogih politi\u010dkih i dru\u0161tvenih zbivanja. No Garton Ash je, iznad svega, strastveni Europljanin, i sada pi\u0161e svoju vrlo osobnu povijest Europe, koja po\u010dinje 1945., kada mu je otac bio stacioniran kao britanski \u010dasnik u Njema\u010dkoj. Govori o prijateljima poput V\u00e1clava Havela i Bronis\u0142awa Geremeka, kao i o drugim velikim i ne tako velikim dr\u017eavnicima s kojima je razgovarao i savjetovao ih, prisje\u0107a se Pra\u0161kog prolje\u0107a, izvje\u0161tava o ratu u Jugoslaviji, krizi eura i izbjegli\u010dkoj drami te daje britku, prodornu analizu novije povijesti.<\/p>\n\n\n\n<p>Timothy Garton Ash, znameniti povjesni\u010dar suvremenog doba, poklonik je europskog sna koji, unato\u010d svemu, ne prestaje fascinirati jo\u0161 od Drugoga svjetskog rata. U knjizi Domovine \u2013 Osobna povijest Europe vra\u0107a se na uzlete i sunovrate toga sna impresivno preple\u0107u\u0107i povijesne i politi\u010dke analize, reporta\u017ee iz prve ruke te intimne uspomene. Ispisuju\u0107i posljednje stranice ovoga svog tour de forcea posve\u0107ene ratu u Ukrajini, u\u010dvr\u0161\u0107uje ideju o nezamjenjivosti slobodnog i ujedinjenog europskog kontinenta te se obra\u0107a njegovim gra\u0111anima ne bi li razumjeli i branili ono \u0161to je tako mukotrpno postignuto.<\/p>\n\n\n\n<p><strong>Recenzije<\/strong><\/p>\n\n\n\n<p>\u201cKnjiga kakvu je Europa trebala, u pravo vrijeme.\u201d \u2013 Timothy Snyder<\/p>\n\n\n\n<p>\u201cPostoje povjesni\u010dari Europe koji ostaju odvojeni od kaoti\u010dne sada\u0161njosti kontinenta. Postoje i komentatori koji su uronjeni u tu sada\u0161njost, ali im nedostaje povijesno znanje da bi je istinski razumjeli. Ne postoji li\u010dnost koja bolje ujedinjuje obje discipline od Timothyja Gartona Asha. Njegova povijest \u2018povezivanja poslijeratnog doba i doba poslije Pada Zida\u2019 na europskom kontinentu bogata je misaonom originalno\u0161\u0107u i memoarskim pojedinostima.\u201d \u2013 <em>New Statesman<\/em><\/p>\n\n\n\n<p>\u201cJe li Europa stvarni entitet ili puki konstrukt \u017eelja? Ova knjiga, ako se bolje promotri, istra\u017euje obje mogu\u0107nosti.\u201d \u2013 <em>Kirkus Reviews<\/em><\/p>\n\n\n\n<p><strong>O autoru<\/strong><\/p>\n\n\n\n<p>Timothy Garton Ash profesor je europskih studija na Sveu\u010dili\u0161tu Oxford i kolumnist dnevnika <em>Guardian<\/em>. Dobitnik je mnogih nagrada i pohvala za svoj novinarski rad i knjige, izme\u0111u ostalih i za <em>Dosje<\/em>, fascinantan autobiografski prikaz prou\u010davanja vlastitog dosjea u arhivu Stasija nakon pada Isto\u010dne Njema\u010dke.<\/p>\n\n\n\n<hr class=\"wp-block-separator has-alpha-channel-opacity\"\/>\n\n\n\n<p>Prijevod: Vuk Peri\u0161i\u0107<\/p>\n\n\n\n<p>Naslov izvornika: Homelands. A Personal History of Europe<\/p>\n\n\n\n<p>Broj stranica: 408<\/p>\n\n\n\n<p>Datum izdanja: svibanj 2025.<\/p>\n\n\n\n<hr class=\"wp-block-separator has-alpha-channel-opacity\"\/>\n\n\n\n<p>Izvor: <a href=\"https:\/\/fraktura.hr\/proizvod\/domovine\/\">https:\/\/fraktura.hr\/proizvod\/domovine\/<\/a><\/p>\n\n\n\n<hr class=\"wp-block-separator has-alpha-channel-opacity\"\/>\n","protected":false},"excerpt":{"rendered":"","protected":false},"author":2,"featured_media":47381,"comment_status":"open","ping_status":"open","sticky":false,"template":"","format":"standard","meta":{"_acf_changed":false,"jetpack_post_was_ever_published":false,"_jetpack_newsletter_access":"","_jetpack_dont_email_post_to_subs":false,"_jetpack_newsletter_tier_id":0,"_jetpack_memberships_contains_paywalled_content":false,"_jetpack_memberships_contains_paid_content":false,"footnotes":"","jetpack_publicize_message":"","jetpack_publicize_feature_enabled":true,"jetpack_social_post_already_shared":true,"jetpack_social_options":{"image_generator_settings":{"template":"highway","default_image_id":0,"font":"","enabled":false},"version":2}},"categories":[8,3],"tags":[],"class_list":["post-47380","post","type-post","status-publish","format-standard","has-post-thumbnail","hentry","category-knjige","category-novosti"],"acf":{"facebook_opis":""},"jetpack_publicize_connections":[],"jetpack_featured_media_url":"https:\/\/i0.wp.com\/historiografija.hr\/wp-content\/uploads\/2025\/07\/Domovine.jpg?fit=801%2C1200&ssl=1","jetpack_sharing_enabled":true,"jetpack-related-posts":[],"_links":{"self":[{"href":"https:\/\/historiografija.hr\/index.php?rest_route=\/wp\/v2\/posts\/47380","targetHints":{"allow":["GET"]}}],"collection":[{"href":"https:\/\/historiografija.hr\/index.php?rest_route=\/wp\/v2\/posts"}],"about":[{"href":"https:\/\/historiografija.hr\/index.php?rest_route=\/wp\/v2\/types\/post"}],"author":[{"embeddable":true,"href":"https:\/\/historiografija.hr\/index.php?rest_route=\/wp\/v2\/users\/2"}],"replies":[{"embeddable":true,"href":"https:\/\/historiografija.hr\/index.php?rest_route=%2Fwp%2Fv2%2Fcomments&post=47380"}],"version-history":[{"count":2,"href":"https:\/\/historiografija.hr\/index.php?rest_route=\/wp\/v2\/posts\/47380\/revisions"}],"predecessor-version":[{"id":47383,"href":"https:\/\/historiografija.hr\/index.php?rest_route=\/wp\/v2\/posts\/47380\/revisions\/47383"}],"wp:featuredmedia":[{"embeddable":true,"href":"https:\/\/historiografija.hr\/index.php?rest_route=\/wp\/v2\/media\/47381"}],"wp:attachment":[{"href":"https:\/\/historiografija.hr\/index.php?rest_route=%2Fwp%2Fv2%2Fmedia&parent=47380"}],"wp:term":[{"taxonomy":"category","embeddable":true,"href":"https:\/\/historiografija.hr\/index.php?rest_route=%2Fwp%2Fv2%2Fcategories&post=47380"},{"taxonomy":"post_tag","embeddable":true,"href":"https:\/\/historiografija.hr\/index.php?rest_route=%2Fwp%2Fv2%2Ftags&post=47380"}],"curies":[{"name":"wp","href":"https:\/\/api.w.org\/{rel}","templated":true}]}}