{"id":47329,"date":"2025-07-10T20:53:04","date_gmt":"2025-07-10T20:53:04","guid":{"rendered":"https:\/\/historiografija.hr\/?p=47329"},"modified":"2025-07-10T20:54:27","modified_gmt":"2025-07-10T20:54:27","slug":"bernd-roeck-the-world-at-first-light-a-new-history-of-the-renaissance","status":"publish","type":"post","link":"https:\/\/historiografija.hr\/?p=47329","title":{"rendered":"Bernd Roeck, \u201eThe World at First Light: A New History of the Renaissance\u201c"},"content":{"rendered":"\n<p>The cultural epoch we know as the Renaissance emerged at a certain time and in a certain place. Why then and not earlier? Why there and not elsewhere? In <em>The World at First Light<\/em>, historian Bernd Roeck explores the cultural and historical preconditions that enabled the European Renaissance. Roeck shows that the rediscovery of ancient knowledge, including the science of the medieval Arab world, played a critical role in shaping the beginnings of Western modernity. He explains that the Renaissance emerged in a part of Europe where competing states and cities formed relatively open societies. Most of the era\u2019s creative minds\u2014from Leonardo da Vinci and Michelangelo to Copernicus and Galileo\u2014came from the middle classes. The art of arguing flowered, the basso continuo to intellectual and cultural breakthroughs.<\/p>\n\n\n\n<p>Roeck argues that two revolutions shaped the Renaissance: a media revolution, triggered by Gutenberg\u2019s invention of movable type\u2014which itself was a driving force behind the scientific revolution\u2014and the advent of modern science. He also reports on the dark side of the era\u2014hatred of Jews, witch panic, religious wars, and the atrocities of colonialism. In a series of meditative counterfactuals, Roeck considers other cultural rebirths throughout the first millennium, from the Islamic empire to the Carolingians, examining why the epic developments of the Renaissance took place in the West and not elsewhere. The complicated legacy of the Renaissance, he shows, encompasses the art of critical thinking as learned from the ancients, the emergence of the modern state, and the genesis of democracy.<\/p>\n\n\n\n<p><strong>Reviews<\/strong><\/p>\n\n\n\n<p>The World at First Light is a work of enormous erudition and the fascinating product of a lifetime of scholarship. Everyone interested in the idiosyncratic history of Europe and the origins of the modern world should read it. Not because it would be beyond criticism\u2014which major history book is?\u2014but because one can learn so much from studying it and from engaging with its many challenging claims. \u2013 Peer Vries, author of <em>State, Economy and the Great Divergence: Great Britain and China, 1680s\u20131850s<\/em><\/p>\n\n\n\n<p>Combining a broad overview with vivid vignettes, Bernd Roeck\u2019s emphasis on the modernity of the Renaissance gives him a good claim to be regarded as the Burckhardt of the early twenty-first century. \u2013 Peter Burke, Emmanuel College Cambridge<\/p>\n\n\n\n<p><strong>About the author<\/strong><\/p>\n\n\n\n<p>Bernd Roeck has been professor of modern history at the University of Zurich and director of the German Centre for Venetian Studies in Venice. He is the author of Florence 1900: The Quest for Arcadia, Civic Culture and Everyday Life in Early Modern Germany, and other books.<\/p>\n\n\n\n<p>Translated by Patrick Baker<\/p>\n\n\n\n<p><strong>Pages: <\/strong>1184<\/p>\n\n\n\n<p><strong>Published: <\/strong>Jun 3, 2025<\/p>\n\n\n\n<p><a href=\"https:\/\/press.princeton.edu\/?srsltid=AfmBOorc3S5mcdmiXrd4La0oq1pEWOv2bjURboWCLaw4dZACofJ3BtV5\">https:\/\/press.princeton.edu\/<\/a><\/p>\n\n\n\n<hr class=\"wp-block-separator has-alpha-channel-opacity\"\/>\n\n\n\n<p><\/p>\n","protected":false},"excerpt":{"rendered":"","protected":false},"author":2,"featured_media":47330,"comment_status":"open","ping_status":"open","sticky":false,"template":"","format":"standard","meta":{"_acf_changed":false,"jetpack_post_was_ever_published":false,"_jetpack_newsletter_access":"","_jetpack_dont_email_post_to_subs":false,"_jetpack_newsletter_tier_id":0,"_jetpack_memberships_contains_paywalled_content":false,"_jetpack_memberships_contains_paid_content":false,"footnotes":"","jetpack_publicize_message":"","jetpack_publicize_feature_enabled":true,"jetpack_social_post_already_shared":true,"jetpack_social_options":{"image_generator_settings":{"template":"highway","default_image_id":0,"font":"","enabled":false},"version":2}},"categories":[8,3],"tags":[],"class_list":["post-47329","post","type-post","status-publish","format-standard","has-post-thumbnail","hentry","category-knjige","category-novosti"],"acf":{"facebook_opis":""},"jetpack_publicize_connections":[],"jetpack_featured_media_url":"https:\/\/i0.wp.com\/historiografija.hr\/wp-content\/uploads\/2025\/07\/Renaissance-scaled.jpg?fit=1718%2C2560&ssl=1","jetpack_sharing_enabled":true,"jetpack-related-posts":[{"id":52580,"url":"https:\/\/historiografija.hr\/?p=52580","url_meta":{"origin":47329,"position":0},"title":"Conference &#8220;Living in the aftermaths: Trauma, politics and survival in Yugoslavia and successor states, 1945 \u2013 present&#8221;","author":"Branimir Jankovi\u0107","date":"21. travnja 2026.","format":false,"excerpt":"The conference aims to explore how war-related psychological distress was experienced, narrated, debated and reframed in Yugoslavia in the second half of the twentieth century. It asks how the theme of wounded psyche and wartime suffering was addressed and acknowledged in political, psychiatric and broader cultural discourses of socialist Yugoslavia,\u2026","rel":"","context":"U &quot;Novosti&quot;","block_context":{"text":"Novosti","link":"https:\/\/historiografija.hr\/?cat=3"},"img":{"alt_text":"","src":"https:\/\/i0.wp.com\/historiografija.hr\/wp-content\/uploads\/2026\/04\/Battle_of_Neretva_Picasso_poster-Conference-Living-in-the-aftermaths.webp?fit=564%2C954&ssl=1&resize=350%2C200","width":350,"height":200,"srcset":"https:\/\/i0.wp.com\/historiografija.hr\/wp-content\/uploads\/2026\/04\/Battle_of_Neretva_Picasso_poster-Conference-Living-in-the-aftermaths.webp?fit=564%2C954&ssl=1&resize=350%2C200 1x, https:\/\/i0.wp.com\/historiografija.hr\/wp-content\/uploads\/2026\/04\/Battle_of_Neretva_Picasso_poster-Conference-Living-in-the-aftermaths.webp?fit=564%2C954&ssl=1&resize=525%2C300 1.5x"},"classes":[]},{"id":52622,"url":"https:\/\/historiografija.hr\/?p=52622","url_meta":{"origin":47329,"position":1},"title":"Annual CAPONEU conference: Political Novel in Europe Between Democracy and Authoritarianism","author":"Branimir Jankovi\u0107","date":"23. travnja 2026.","format":false,"excerpt":"Caponeu event 22.04.2026 - 24.04.2026 Location: The Faculty of Polish and Classical Philology AMU (Fredry 10, Pozna\u0144)Organized by: Tomasz Mizerkiewicz, Krystyna Pieni\u0105\u017cek-Markovi\u0107, Anna Gawarecka, Ewa Szperlik, Magda Potok, B\u0142a\u017cej Warkocki, Gerard Ronge (all Adam Mickiewicz University in Pozna\u0144)Contact: gerron@amu.edu.pl The Adam Mickiewicz University team, as part of the international CAPONEU\u2026","rel":"","context":"U &quot;Novosti&quot;","block_context":{"text":"Novosti","link":"https:\/\/historiografija.hr\/?cat=3"},"img":{"alt_text":"","src":"https:\/\/i0.wp.com\/historiografija.hr\/wp-content\/uploads\/2026\/04\/Caponeu-political-novel.jpg?fit=500%2C261&ssl=1&resize=350%2C200","width":350,"height":200},"classes":[]},{"id":52516,"url":"https:\/\/historiografija.hr\/?p=52516","url_meta":{"origin":47329,"position":2},"title":"Marko Grde\u0161i\u0107, Mislav \u017ditko, \u201eSocialist Economics in Yugoslavia: A Critical History\u201c","author":"Branimir Jankovi\u0107","date":"17. travnja 2026.","format":false,"excerpt":"This book presents a critical history of Yugoslav socialist economics, from its inception in the late 1940s to its dissolution in the late 1980s. After the dramatic break with the Soviet Union in 1948, Yugoslavia found itself in urgent need of a third way: A socialist trajectory which would not\u2026","rel":"","context":"U &quot;Knjige&quot;","block_context":{"text":"Knjige","link":"https:\/\/historiografija.hr\/?cat=8"},"img":{"alt_text":"","src":"https:\/\/i0.wp.com\/historiografija.hr\/wp-content\/uploads\/2026\/04\/Zitko_Grdesic.jpg?fit=350%2C535&ssl=1&resize=350%2C200","width":350,"height":200},"classes":[]}],"_links":{"self":[{"href":"https:\/\/historiografija.hr\/index.php?rest_route=\/wp\/v2\/posts\/47329","targetHints":{"allow":["GET"]}}],"collection":[{"href":"https:\/\/historiografija.hr\/index.php?rest_route=\/wp\/v2\/posts"}],"about":[{"href":"https:\/\/historiografija.hr\/index.php?rest_route=\/wp\/v2\/types\/post"}],"author":[{"embeddable":true,"href":"https:\/\/historiografija.hr\/index.php?rest_route=\/wp\/v2\/users\/2"}],"replies":[{"embeddable":true,"href":"https:\/\/historiografija.hr\/index.php?rest_route=%2Fwp%2Fv2%2Fcomments&post=47329"}],"version-history":[{"count":3,"href":"https:\/\/historiografija.hr\/index.php?rest_route=\/wp\/v2\/posts\/47329\/revisions"}],"predecessor-version":[{"id":47333,"href":"https:\/\/historiografija.hr\/index.php?rest_route=\/wp\/v2\/posts\/47329\/revisions\/47333"}],"wp:featuredmedia":[{"embeddable":true,"href":"https:\/\/historiografija.hr\/index.php?rest_route=\/wp\/v2\/media\/47330"}],"wp:attachment":[{"href":"https:\/\/historiografija.hr\/index.php?rest_route=%2Fwp%2Fv2%2Fmedia&parent=47329"}],"wp:term":[{"taxonomy":"category","embeddable":true,"href":"https:\/\/historiografija.hr\/index.php?rest_route=%2Fwp%2Fv2%2Fcategories&post=47329"},{"taxonomy":"post_tag","embeddable":true,"href":"https:\/\/historiografija.hr\/index.php?rest_route=%2Fwp%2Fv2%2Ftags&post=47329"}],"curies":[{"name":"wp","href":"https:\/\/api.w.org\/{rel}","templated":true}]}}