{"id":47315,"date":"2025-07-09T19:02:07","date_gmt":"2025-07-09T19:02:07","guid":{"rendered":"https:\/\/historiografija.hr\/?p=47315"},"modified":"2025-07-09T19:02:07","modified_gmt":"2025-07-09T19:02:07","slug":"predavanje-dinka-zupana-zivot-i-djelo-matije-petra-katancica-u-beliscu","status":"publish","type":"post","link":"https:\/\/historiografija.hr\/?p=47315","title":{"rendered":"Predavanje Dinka \u017dupana \u201e\u017divot i djelo Matije Petra Katan\u010di\u0107a\u201c u Beli\u0161\u0107u"},"content":{"rendered":"\n<p>Beli\u0161\u0107e, 4. srpnja 2025.<\/p>\n\n\n\n<hr class=\"wp-block-separator has-alpha-channel-opacity\"\/>\n\n\n\n<p>Povodom 200. obljetnice smrti Matije Petra Katan\u010di\u0107a u prostorijama Gradske knji\u017enice Beli\u0161\u0107e u Pala\u010di Gutmann krajem pro\u0161log tjedna dr. sc. Dinko \u017dupan je odr\u017eao predavanje \u201e\u017divot i djelo Matije Petra Katan\u010di\u0107a\u201c. Na po\u010detku predavanja publiku i predava\u010da je pozdravio dr. sc. Matko Mu\u017eevi\u0107, potpredsjednik Gradskog vije\u0107a Beli\u0161\u0107a. S organizacijom predavanja o \u017eivotu i djelu Matije Petra Katan\u010di\u0107a (1750-1825.) Grad Beli\u0161\u0107e se pridru\u017eio ovogodi\u0161njem obilje\u017eavanju 200. obljetnice smrti ovog kulturnog velikana koji je ostavio duboki trag u mnogim humanisti\u010dkim disciplinama krajem 18. i po\u010detkom 19. stolje\u0107a.<\/p>\n\n\n\n<hr class=\"wp-block-separator has-alpha-channel-opacity\"\/>\n\n\n\n<p>Izvor i fotogalerija:<\/p>\n\n\n\n<figure class=\"wp-block-embed is-type-wp-embed is-provider-hrvatski-institut-za-povijest wp-block-embed-hrvatski-institut-za-povijest\"><div class=\"wp-block-embed__wrapper\">\n<blockquote class=\"wp-embedded-content\" data-secret=\"IKHUL82oIb\"><a href=\"https:\/\/hipsb.hr\/odrzano-predavanje-o-zivotu-i-djelo-matije-petra-katancica-u-beliscu\/\">U Beli\u0161\u0107u odr\u017eano predavanje o \u017eivotu i djelu Matije Petra Katan\u010di\u0107a<\/a><\/blockquote><iframe loading=\"lazy\" class=\"wp-embedded-content\" sandbox=\"allow-scripts\" security=\"restricted\" style=\"position: absolute; visibility: hidden;\" title=\"&#8220;U Beli\u0161\u0107u odr\u017eano predavanje o \u017eivotu i djelu Matije Petra Katan\u010di\u0107a&#8221; &#8212; Hrvatski institut za povijest\" src=\"https:\/\/hipsb.hr\/odrzano-predavanje-o-zivotu-i-djelo-matije-petra-katancica-u-beliscu\/embed\/#?secret=IKHUL82oIb\" data-secret=\"IKHUL82oIb\" width=\"600\" height=\"338\" frameborder=\"0\" marginwidth=\"0\" marginheight=\"0\" scrolling=\"no\"><\/iframe>\n<\/div><\/figure>\n\n\n\n<hr class=\"wp-block-separator has-alpha-channel-opacity\"\/>\n","protected":false},"excerpt":{"rendered":"","protected":false},"author":2,"featured_media":47316,"comment_status":"open","ping_status":"open","sticky":false,"template":"","format":"standard","meta":{"_acf_changed":false,"jetpack_post_was_ever_published":false,"_jetpack_newsletter_access":"","_jetpack_dont_email_post_to_subs":false,"_jetpack_newsletter_tier_id":0,"_jetpack_memberships_contains_paywalled_content":false,"_jetpack_memberships_contains_paid_content":false,"footnotes":"","jetpack_publicize_message":"","jetpack_publicize_feature_enabled":true,"jetpack_social_post_already_shared":true,"jetpack_social_options":{"image_generator_settings":{"template":"highway","default_image_id":0,"font":"","enabled":false},"version":2}},"categories":[3],"tags":[],"class_list":["post-47315","post","type-post","status-publish","format-standard","has-post-thumbnail","hentry","category-novosti"],"acf":{"facebook_opis":""},"jetpack_publicize_connections":[],"jetpack_featured_media_url":"https:\/\/i0.wp.com\/historiografija.hr\/wp-content\/uploads\/2025\/07\/Predavanje_Zupan.jpg?fit=1366%2C678&ssl=1","jetpack_sharing_enabled":true,"jetpack-related-posts":[],"_links":{"self":[{"href":"https:\/\/historiografija.hr\/index.php?rest_route=\/wp\/v2\/posts\/47315","targetHints":{"allow":["GET"]}}],"collection":[{"href":"https:\/\/historiografija.hr\/index.php?rest_route=\/wp\/v2\/posts"}],"about":[{"href":"https:\/\/historiografija.hr\/index.php?rest_route=\/wp\/v2\/types\/post"}],"author":[{"embeddable":true,"href":"https:\/\/historiografija.hr\/index.php?rest_route=\/wp\/v2\/users\/2"}],"replies":[{"embeddable":true,"href":"https:\/\/historiografija.hr\/index.php?rest_route=%2Fwp%2Fv2%2Fcomments&post=47315"}],"version-history":[{"count":1,"href":"https:\/\/historiografija.hr\/index.php?rest_route=\/wp\/v2\/posts\/47315\/revisions"}],"predecessor-version":[{"id":47317,"href":"https:\/\/historiografija.hr\/index.php?rest_route=\/wp\/v2\/posts\/47315\/revisions\/47317"}],"wp:featuredmedia":[{"embeddable":true,"href":"https:\/\/historiografija.hr\/index.php?rest_route=\/wp\/v2\/media\/47316"}],"wp:attachment":[{"href":"https:\/\/historiografija.hr\/index.php?rest_route=%2Fwp%2Fv2%2Fmedia&parent=47315"}],"wp:term":[{"taxonomy":"category","embeddable":true,"href":"https:\/\/historiografija.hr\/index.php?rest_route=%2Fwp%2Fv2%2Fcategories&post=47315"},{"taxonomy":"post_tag","embeddable":true,"href":"https:\/\/historiografija.hr\/index.php?rest_route=%2Fwp%2Fv2%2Ftags&post=47315"}],"curies":[{"name":"wp","href":"https:\/\/api.w.org\/{rel}","templated":true}]}}