{"id":47309,"date":"2025-07-09T18:51:01","date_gmt":"2025-07-09T18:51:01","guid":{"rendered":"https:\/\/historiografija.hr\/?p=47309"},"modified":"2025-07-09T18:55:46","modified_gmt":"2025-07-09T18:55:46","slug":"ivo-kokic-apel-za-obnovu-monumentalne-fontane-u-splitu","status":"publish","type":"post","link":"https:\/\/historiografija.hr\/?p=47309","title":{"rendered":"Ivo Koki\u0107: Apel za obnovu Monumentalne fontane u Splitu"},"content":{"rendered":"\n<p class=\"has-text-align-center\"><strong>Apel za obnovu Monumentalne fontane u Splitu<\/strong><\/p>\n\n\n\n<hr class=\"wp-block-separator has-alpha-channel-opacity\"\/>\n\n\n\n<p>Antonio Bajamonti bio je splitski gradona\u010delnik u drugoj polovici 19. stolje\u0107a. Za vrijeme njegove vladavine, u Splitu su postavljene vodovodne instalacije, tj. ku\u0107anstva su opskrbljena vodom. Kako bi se obilje\u017eio taj veliki uspjeh, Bajamonti je dao izgraditi Monumentalnu fontanu koja je zapravo bila spomenik vodi. Fontana je otvorena 1890., a sru\u0161ena 1947. godine. Nalazila se ispred Prokurativa (Trga Republike).<\/p>\n\n\n\n<p>Ovaj \u010dlanak tematizira okolnosti nastanka Fontane, njezin izgled, Bajamontijevu vladavinu, okolnosti pod kojima je Fontana sru\u0161ena te va\u017enost njezine obnove.<\/p>\n\n\n\n<p><strong>Izgradnja Fontane<\/strong><\/p>\n\n\n\n<p>Ve\u0107 spomenuti Antonio Bajamonti jedan je od zaslu\u017enijih splitskih gradona\u010delnika. Pokrenuo je brojne projekte (npr. izgradnja kazali\u0161ta) za \u010diju je realizaciju \u010desto donirao i vlastiti novac. Jedan u nizu njegovih uspje\u0161nih pothvata bilo je i snabdijevanje Splita vodom. Kako bi se proslavilo to postignu\u0107e, Bajamonti je 1880. naru\u010dio izgradnju fontane u klesarskoj radionici u Milanu.<\/p>\n\n\n\n<p>Bila je to posljednja godina Bajamontijevog mandata. On je bio autonoma\u0161 (<em>talijana\u0161<\/em>), a vlast su ubrzo osvojili narodnjaci, koji su (za razliku od autonoma\u0161a) bili prohrvatski orijentirani. No, \u010dim je Bajamonti inicirao gradnju Fontane, novac za njezinu izgradnju po\u010deli su donirati svi \u2013 i autonoma\u0161i i narodnjaci (tada u opoziciji), kao i brojne udruge te Crkva. To je dodatan pokazatelj kako je budu\u0107a Fontana bila simbol jedinstva svih Spli\u0107ana, bez obzira na to kojoj politi\u010dkoj opciji su bili priklonjeni. To ne treba \u010duditi jer radilo se o zajedni\u010dkom postignu\u0107u, tj. opskrbi vode za sve Spli\u0107ane, neovisno o njihovom svjetonazoru.<\/p>\n\n\n\n<p>Treba naglasiti kako je jedino slu\u017ebeno ime spomenute fontane uvijek bilo samo Monumentalna fontana. Ona se nikada nije zvala <em>Bajamontijeva fontana<\/em> niti <em>Bajamontu\u0161a<\/em>, kako se \u010desto mo\u017ee \u010duti u javnosti. Takve pogre\u0161ne izraze koriste samo dvije skupine ljudi. Jedni koji su neinformirani o to\u010dnom i pogre\u0161nom nazivu Fontane pa se njima donekle mo\u017ee oprostiti jer se radi o neznanju. Drugi su oni koji tendenciozno koriste taj naziv kako bi joj oduzeli vrijednost. Naime, smatraju da joj mogu umanjiti zna\u010daj time \u0161to ju povezuju isklju\u010divo uz Bajamontija. A o tome \u0161to to\u010dno zamjeraju Bajamontiju (i kojim se logi\u010dkim pogre\u0161kama slu\u017ee kako bi Fontani atribuirali isklju\u010divo jedno zna\u010denje) bit \u0107e rije\u010di u nastavku \u010dlanka.<\/p>\n\n\n\n<p>Fontanu je otvorio splitski gradona\u010delnik Gajo Bulat 4. prosinca 1890. godine. Njezin idejni za\u010detnik, Bajamonti, preminuo je nekoliko mjeseci poslije toga.<\/p>\n\n\n\n<p>Kao \u0161to vidimo, narodnjaci (borci za afirmiranje hrvatskog identiteta) ne samo da nisu bili protiv njezine izgradnje i ne samo da su donirali novac za tu nakanu, nego su i (nakon dolaska na vlast) dovr\u0161ili realizaciju tog projekta. Ljepota Fontane bila je estetski neosporna.<\/p>\n\n\n\n<hr class=\"wp-block-separator has-alpha-channel-opacity\"\/>\n\n\n\n<figure class=\"wp-block-image size-full\"><img data-recalc-dims=\"1\" loading=\"lazy\" decoding=\"async\" width=\"860\" height=\"860\" data-attachment-id=\"47310\" data-permalink=\"https:\/\/historiografija.hr\/?attachment_id=47310\" data-orig-file=\"https:\/\/i0.wp.com\/historiografija.hr\/wp-content\/uploads\/2025\/07\/Fontana.png?fit=945%2C945&amp;ssl=1\" data-orig-size=\"945,945\" data-comments-opened=\"1\" data-image-meta=\"{&quot;aperture&quot;:&quot;0&quot;,&quot;credit&quot;:&quot;&quot;,&quot;camera&quot;:&quot;&quot;,&quot;caption&quot;:&quot;&quot;,&quot;created_timestamp&quot;:&quot;0&quot;,&quot;copyright&quot;:&quot;&quot;,&quot;focal_length&quot;:&quot;0&quot;,&quot;iso&quot;:&quot;0&quot;,&quot;shutter_speed&quot;:&quot;0&quot;,&quot;title&quot;:&quot;&quot;,&quot;orientation&quot;:&quot;0&quot;}\" data-image-title=\"Fontana\" data-image-description=\"\" data-image-caption=\"\" data-large-file=\"https:\/\/i0.wp.com\/historiografija.hr\/wp-content\/uploads\/2025\/07\/Fontana.png?fit=860%2C860&amp;ssl=1\" src=\"https:\/\/i0.wp.com\/historiografija.hr\/wp-content\/uploads\/2025\/07\/Fontana.png?resize=860%2C860&#038;ssl=1\" alt=\"\" class=\"wp-image-47310\" srcset=\"https:\/\/i0.wp.com\/historiografija.hr\/wp-content\/uploads\/2025\/07\/Fontana.png?w=945&amp;ssl=1 945w, https:\/\/i0.wp.com\/historiografija.hr\/wp-content\/uploads\/2025\/07\/Fontana.png?resize=300%2C300&amp;ssl=1 300w, https:\/\/i0.wp.com\/historiografija.hr\/wp-content\/uploads\/2025\/07\/Fontana.png?resize=150%2C150&amp;ssl=1 150w, https:\/\/i0.wp.com\/historiografija.hr\/wp-content\/uploads\/2025\/07\/Fontana.png?resize=768%2C768&amp;ssl=1 768w, https:\/\/i0.wp.com\/historiografija.hr\/wp-content\/uploads\/2025\/07\/Fontana.png?resize=90%2C90&amp;ssl=1 90w, https:\/\/i0.wp.com\/historiografija.hr\/wp-content\/uploads\/2025\/07\/Fontana.png?resize=75%2C75&amp;ssl=1 75w\" sizes=\"auto, (max-width: 860px) 100vw, 860px\" \/><\/figure>\n\n\n\n<p><em>Slika 1 \u2013 Monumentalna fontana na staroj fotografiji Splita<\/em><\/p>\n\n\n\n<hr class=\"wp-block-separator has-alpha-channel-opacity\"\/>\n\n\n\n<p><strong>Bajamontijeva ideologija<\/strong><\/p>\n\n\n\n<p>Unato\u010d njegovim neospornim zaslugama za Split, treba kazati pone\u0161to i o Bajamontijevoj politi\u010dkoj orijentaciji. Kao \u0161to je ve\u0107 navedeno, on je bio protalijanski politi\u010dar te protivnik Hrvatskog narodnog preporoda. Mo\u017eemo konstatirati kako je dobro \u0161to takve ideje (njegovih strana\u010dkih kolega) na kraju nisu pobijedile u Dalmaciji.<\/p>\n\n\n\n<p>Me\u0111utim, s vremenskim odmakom od gotovo 150 godina ne bi trebalo biti sporno konstatirati da se mogu izvu\u0107i dva zaklju\u010dka koja nisu u koliziji. Prvi je osuda takvih politi\u010dkih ideja koje ne samo da nisu i\u0161le u smjeru afirmiranja hrvatstva u Dalmaciji, ve\u0107 su imale upravo suprotnu tendenciju. No, to ne bi trebalo utjecati na drugi zaklju\u010dak o tome da je Monumentalna fontana predstavljala neprocjenjivo vrijedno umjetni\u010dko djelo.<\/p>\n\n\n\n<p>Osim toga, u 19. stolje\u0107u postojala je realna opasnost od \u0161irenja takvog talijanskog politi\u010dkog utjecaja u Dalmaciji koji bi zatirao hrvatski jezik i kulturu. Danas takva opasnost ne postoji. A \u010dak i tada kad je postojala \u2013 narodnjaci su podr\u017eavali gradnju Fontane. Prema tome, danas gledati na Fontanu kao na stra\u0161ilo iz kojeg se \u0161iri prete\u010da talijanskog fa\u0161izma nije objektivan pogled na povijesnu zbilju. Ako je to nekada i bilo opravdano, onda se na to moglo upozoravati u tom trenutku, a uvi\u0111amo da takvog otpora nije bilo.<\/p>\n\n\n\n<p><strong>Liktorski simbol<\/strong><\/p>\n\n\n\n<p>Na vrhu Monumentalne fontane nalazio se kip dje\u010daka koji u ruci dr\u017ei liktorski simbol &#8211; <em>fascio <\/em>(<em>fasces<\/em>), tj. snop pru\u0107a sa sjekirom. Fasces je bio jedan od simbola mo\u0107i i pravde u anti\u010dkom Rimu. Predstavljao je slo\u017enost, tj. snagu koju dru\u0161tvo posti\u017ee kroz zajedni\u0161tvo. To je upravo ono zna\u010denje kakvo bi on i trebao imati na Fontani \u2013 jedinstvo Spli\u0107ana koji \u017eele obilje\u017eiti zajedni\u010dki uspjeh.<\/p>\n\n\n\n<p>U 20. stolje\u0107u, fasces je postao simbol fa\u0161izma. U 19. stolje\u0107u jo\u0161 nije postojao fa\u0161izam, ali je postojala njegova prete\u010da \u2013 talijanski iredentizam. Cilj iredentista bio je pripajanje Istre i Dalmacije Italiji. Imaju\u0107i to u vidu, zaista se ne smije izostaviti i tu \u010dinjenicu, pogotovo imaju\u0107i u vidu Bajamontijevo talijana\u0161tvo. On se doista zalagao za povezivanje s Italijom te bi i pri\u017eeljkivao talijaniziranje Dalmacije. Drugim rije\u010dima, iz njegove perspektive se i mogu prona\u0107i poveznice fascesa sa iredentisti\u010dkim te\u017enjama.<\/p>\n\n\n\n<p>Ipak, treba uzeti u obzir i neke druge \u010dinjenice. Kao \u0161to je ve\u0107 re\u010deno, cijeli taj projekt svesrdno su podr\u017eavali (i na kraju realizirali) narodnjaci, koji su bili najve\u0107i borci protiv takvog protalijanskog svjetonazora. Jasno je da fasces ovdje itekako mo\u017ee predstavljati simbol jedinstva Splita.<\/p>\n\n\n\n<p>Uostalom, Monumentalna fontana nije sru\u0161ena za vrijeme Kraljevine Jugoslavije, koja je bila izrazito antitalijanski nastrojena (kao i antiaustrijski, a to je bitno jer Fontana je sagra\u0111ena za vrijeme Austro-Ugarske).<\/p>\n\n\n\n<p>Ne treba zaboraviti i da postoje brojni slu\u010dajevi gdje se fasces koristi u svom izvornom zna\u010denju, a izvan konotacija s fa\u0161izmom. Primjer za to je (dodu\u0161e neformalni) grb Francuske, kojeg je Francuska prihvatila \u010dak nakon Drugog svjetskog rata. Dakle, nakon cijelog razdoblja vladavine fa\u0161ista u Italiji (i drugdje). A Fontana u Splitu sagra\u0111ena je u 19. stolje\u0107u.<\/p>\n\n\n\n<p>Posebno treba naglasiti kako se simbol fascesa i danas nalazi u zgradi ameri\u010dkog Kongresa, a SAD je bio jedan od lidera Antifa\u0161isti\u010dke koalicije u Drugom svjetskom ratu.<\/p>\n\n\n\n<p><strong>Ru\u0161enje fontane<\/strong><\/p>\n\n\n\n<p>Za vrijeme talijanske okupacije Splita (1941.-1943.) u Drugom svjetkom ratu, Talijani su interpretirali zna\u010denje liktorskog simbola na na\u010din koji je odgovarao njihovoj tada\u0161njoj slu\u017ebenoj ideologiji. No, kao zanimljivost treba istaknuti da samo po sebi postojanje tog simbola nije moglo biti razlog ru\u0161enja Fontane nakon Drugog svjetskog rata jer njega tamo vi\u0161e nije bilo. Naime, 1944. godine (dok je Split bio u NDH), netko je ve\u0107 razbio fasces i time ga uklonio s vrha Fontane.<\/p>\n\n\n\n<p>Dvije godine nakon kraja Drugog svjetskog rata (1947.), donesena je odluka o ru\u0161enju Fontane. Dakle, to nije bila nekakva huliganska akcija skupine pojedinaca, ve\u0107 svjesna odluka tada\u0161njih gradskih vlasti. Fontanu nije moglo spasiti ni to \u0161to fascesa vi\u0161e nije bilo na njoj. Bilo kakav talijanski utjecaj na kulturnu ostav\u0161tinu u Splitu trebalo je ukloniti.<\/p>\n\n\n\n<p>Neki dijelovi poru\u0161ene Fontane ipak su spa\u0161eni te su danas izlo\u017eeni u Muzeju grada Splita, gdje svjedo\u010de o tome kakvom se ljepotom arhitekture Split nekada mogao pohvaliti.<\/p>\n\n\n\n<p><strong>Pseudoargumenti protiv obnove Fontane<\/strong><\/p>\n\n\n\n<p>Ne manjka ljudi koji ka\u017eu kako se sla\u017eu da Fontanu nije trebalo ru\u0161iti, ali onda krenu iznositi (pseudo)argumente u prilog protivljenju njezine restauracije. A ti navodni argumenti zvu\u010de kao slu\u0161anje opravdavanja za njezino ru\u0161enje. Uglavnom se takve teze svode na to \u0161to je fasces predstavljao talijana\u0161ima koji su inicirali gradnju Fontane. Iako nije jo\u0161 mogao imati fa\u0161isti\u010dke konotacije, mogao je imati iredentisti\u010dke. Potom s pravom navode kako ne bi bilo dobro da su se takve zamisli realizirale u Dalmaciji nekoliko desetlje\u0107a kasnije. I na taj na\u010din smatraju da su osporili legitimnost te\u017enji za obnovu Fontane. U redu, prihva\u0107am izazov.<\/p>\n\n\n\n<p>U \u010dlanku su do sada ve\u0107 temeljito razja\u0161njene sve kontroverze u vezi tih pitanja pa je sada potrebno osloniti se na neke druge argumente. Za po\u010detak, neosporni vi\u0161estoljetni talijanski utjecaj na Dalmaciju je ne\u0161to \u0161to se ni na koji na\u010din ne mo\u017ee odvojiti od dalmatinske povijesti, kulture pa \u010dak i dijalekta. U tom utjecaju bilo je i mnogo toga pozitivnog. Primjerice, Mleta\u010dka Republika sagradila je Splitski lazaret (tako\u0111er na\u017ealost sru\u0161en nakon Drugog svjetskog rata).<\/p>\n\n\n\n<p>No, potreba za iskorijenjivanjem bilo kakvog talijanskog utjecaja o\u010dito kod nekih i dalje postoji. Trebaju li onda Dalmatinci prestati koristiti dijalektalne izraze <em>\u0161ugaman<\/em> i <em>poma <\/em>(<em>pomidor<\/em>) samo zato \u0161to se ru\u010dnik i raj\u010dica na talijanski ka\u017eu <em>asciugamano<\/em> i<em> pomodoro<\/em>?<\/p>\n\n\n\n<p>Argumentiranjem negativnosti Bajamontijeve ideologije mogu se povu\u0107i i neke usporedbe. Treba li sru\u0161iti Dioklecijanovu pala\u010du zato \u0161to je Dioklecijan bio progonitelj kr\u0161\u0107ana? Treba li ne ulagati u obnavljanje nogometnog stadiona Poljud zato \u0161to je on sagra\u0111en u Jugoslaviji?<\/p>\n\n\n\n<p>Naposlijetku, koji je to re\u017eim kroz koji je Split pro\u0161ao u svojoj povijesti bio idealan i oli\u010denje savr\u0161ene demokracije bez ikakvih stranih utjecaja? Ako takav nije postojao, onda bi tom logikom trebalo sru\u0161iti cijeli Split jer svaka gra\u0111evina je sagra\u0111ena za vrijeme nekog sustava kojem se mogu prona\u0107i mane.<\/p>\n\n\n\n<p><strong>Te\u017enje za obnovu Fontane&nbsp;&nbsp;&nbsp;&nbsp;&nbsp;&nbsp;&nbsp;&nbsp;&nbsp;&nbsp;&nbsp;&nbsp;&nbsp;&nbsp;&nbsp;&nbsp;&nbsp;&nbsp;&nbsp;&nbsp;&nbsp;&nbsp;&nbsp;&nbsp;&nbsp;&nbsp;&nbsp;&nbsp;&nbsp;&nbsp;&nbsp;&nbsp;&nbsp;&nbsp;&nbsp;&nbsp;&nbsp;&nbsp;&nbsp;&nbsp;&nbsp;&nbsp;&nbsp;&nbsp;&nbsp;&nbsp;&nbsp;&nbsp;&nbsp;&nbsp;&nbsp;&nbsp;&nbsp;&nbsp;&nbsp;&nbsp;&nbsp;&nbsp;&nbsp;&nbsp;&nbsp;&nbsp;&nbsp;&nbsp;&nbsp;&nbsp;&nbsp;&nbsp;&nbsp;&nbsp;&nbsp;&nbsp;&nbsp;&nbsp;&nbsp;&nbsp;&nbsp;&nbsp;&nbsp;&nbsp;&nbsp;&nbsp;&nbsp;&nbsp;&nbsp;&nbsp;&nbsp;&nbsp;&nbsp;&nbsp;&nbsp;&nbsp;&nbsp;&nbsp;&nbsp;<\/strong><\/p>\n\n\n\n<p>U poprili\u010dnom dijelu splitske javnosti ve\u0107 nekoliko desetlje\u0107a postoji sna\u017ena \u017eelja za ponovnom izgradnjom Monumentalne fontane u njezinom izvornom obliku. No, ta \u017eelja nikako da se realizira. To djeluje demotiviraju\u0107e, ali ne treba zbog toga odustati, nego je to samo znak da se treba jo\u0161 sna\u017enije i upornije zalo\u017eiti za tu ideju. Nikada se ne smije odustati od cilja kojem bi trebao stremiti svatko tko dr\u017ei do povijesti, kulture i umjetnosti, a to je da \u0107e do\u0107i dan kada \u0107e Monumentalna fontana ponovno postati jedan od prepoznatljivih simbola Splita.<\/p>\n\n\n\n<p>Danas se na mjestu nekada\u0161nje Fontane nalazi jedna manja (znatno skromnija) fontana, koja nije ukra\u0161ena nikakvim umjetni\u010dkim skulpturama. No, dotok vode je i dalje tu, tako da definitivno nada nije izgubljena. Dobro je \u0161to za obnovu Fontane nikada ne\u0107e biti prekasno, no to nije razlog da se vodimo razmi\u0161ljanjem <em>ima vremena<\/em> jer na taj na\u010din obnova nikada ne\u0107e zapo\u010deti.<\/p>\n\n\n\n<p>Prije nekoliko godina Grad Split pokrenuo je projekt obnove Monumentalne fontane. Novca ne samo da nije manjkalo (barem tada), ve\u0107 su se javili i brojni ljudi koji su bili spremni donirati novac za realizaciju te inicijative. Upravo ovaj drugi dio re\u010denice mo\u017ee biti ohrabrenje da \u0107e se, kakva god da je financijska situacija, sigurno na\u0107i onih koji \u0107e rado nov\u010dano potpomo\u0107i ostvarenju navedenog cilja. Me\u0111utim, konzervatori su 2021. zaustavili taj projekt, tj. nisu dali potrebnu suglasnost. To su opravdali argumentom da nema dovoljno elemenata za obnovu Fontane.<\/p>\n\n\n\n<p>Dalmatinski portal je prije dvije godine otvorio mogu\u0107nost obra\u0107anja (tom portalu) s prijedlozima o tome \u0161to bi trebalo pobolj\u0161ati ili pak izgraditi u gradu Splitu. Ako bi procijenili da je odre\u0111ena tema dovoljno relevantna, objavili bi \u010dlanak o tome pod naslovom \u201eIdeja za Split\u201c te u nastavku napisali o \u010demu se radi. Po potrebi su kontaktirali i nadle\u017ena gradska tijela u vezi s tim.<\/p>\n\n\n\n<p>Stoga sam im se obratio glede Monumentalne fontane \u2013 napisao sam im najva\u017eije podatke o njoj, objasnio za\u0161to je njezino ru\u0161enje predstavljalo zlo\u010din nad kulturom te naglasio za\u0161to bi ju trebalo ponovno izgraditi. Temeljem mog dopisa, objavili su <a href=\"https:\/\/dalmatinskiportal.hr\/vijesti\/ideja-za-split-obnovite-monumentalnu-fontanu\/189932\">\u010dlanak<\/a> te su kontaktirali lokalnu vlast u Gradu Splitu.<\/p>\n\n\n\n<p>Tada\u0161nji splitski gradona\u010delnik odbio je moj prijedlog te se pozvao na zaklju\u010dak konzervatora iz 2021. godine. To je u redu, odluku konzervatora treba po\u0161tovati. Me\u0111utim, to nije nikakvo opravdanje za nerad i pasivnost, ve\u0107 upravo suprotno \u2013 trebala bi biti dvostruka motivacija za jo\u0161 ve\u0107i rad. Potrebno je pobolj\u0161ati uvjete koji su nu\u017eni za obnovu Fontane, kako bi konzervatori potom dali zeleno svjetlo te kako bi to onda bio prvi korak u tom procesu.<\/p>\n\n\n\n<p><strong>Zaklju\u010dak i apel za obnovu Monumentalne fontane<\/strong><\/p>\n\n\n\n<p>Monumentalna fontana bila je jedna od najljep\u0161ih umjetni\u010dkih djela s kojima se Split mogao pohvaliti. Predstavljala je jedinstvo Spli\u0107ana te je slavila dolazak vode u grad. Njezinu gradnju podr\u017eavali su svi, neovisno o svjetonazoru.<\/p>\n\n\n\n<p>Odluka o njezinom ru\u0161enju bila je kulturolo\u0161ka tragedija. Kao odgovor na taj kulturocid te kako bismo pokazali brigu o povijesnoj ba\u0161tini, potrebno ju je obnoviti. U ovom \u010dlanku dekonstruirani su svi navodni argumenti koji bi i\u0161li u smjeru protiv obnove Fontane.<\/p>\n\n\n\n<p>Stoga ovim putem lokalnoj vlasti u Gradu Splitu upu\u0107ujem apel za obnovu Monumentalne fontane, tj. za njezinu ponovnu izgradnju u izvornom obliku. Jasno je da prvi korak u tom procesu treba biti pobolj\u0161anje uvjeta za njezinu restauraciju, kako bi konzervatori dali suglasnost za takvo \u0161to.<\/p>\n\n\n\n<p>Splitski politi\u010dari (i svi relevantni akteri) u 19. stolje\u0107u bili su u stanju nadvladati svoje razlike i ujediniti se oko zajedni\u010dkog cilja izgradnje Fontane. Nema razloga da tako ne bude i danas po pitanju njezine obnove.<\/p>\n\n\n\n<p><em>Ivo Koki\u0107<\/em><\/p>\n\n\n\n<hr class=\"wp-block-separator has-alpha-channel-opacity\"\/>\n\n\n\n<p>Bibliografija:<\/p>\n\n\n\n<p>\u201eIDEJA ZA SPLIT &#8216;Obnovite Monumentalnu Fontanu&#8217;.\u201c, <em>Dalmatinski portal<\/em>, <a href=\"https:\/\/dalmatinskiportal.hr\/vijesti\/ideja-za-split-obnovite-monumentalnu-fontanu\/189932\">https:\/\/dalmatinskiportal.hr\/vijesti\/ideja-za-split-obnovite-monumentalnu-fontanu\/189932<\/a>, 21.12.2023.<\/p>\n\n\n\n<hr class=\"wp-block-separator has-alpha-channel-opacity\"\/>\n\n\n\n<p>Izvori ilustracija:<\/p>\n\n\n\n<p>Slika 1 \u2013 \u201eBajamontu\u0161a\u201c, <em>Slobodna Dalmacija<\/em>, <a href=\"https:\/\/slobodnadalmacija.hr\/tag\/bajamontusa\">https:\/\/slobodnadalmacija.hr\/tag\/bajamontusa<\/a><\/p>\n\n\n\n<hr class=\"wp-block-separator has-alpha-channel-opacity\"\/>\n","protected":false},"excerpt":{"rendered":"","protected":false},"author":2,"featured_media":0,"comment_status":"open","ping_status":"open","sticky":false,"template":"","format":"standard","meta":{"_acf_changed":false,"jetpack_post_was_ever_published":false,"_jetpack_newsletter_access":"","_jetpack_dont_email_post_to_subs":false,"_jetpack_newsletter_tier_id":0,"_jetpack_memberships_contains_paywalled_content":false,"_jetpack_memberships_contains_paid_content":false,"footnotes":"","jetpack_publicize_message":"","jetpack_publicize_feature_enabled":true,"jetpack_social_post_already_shared":true,"jetpack_social_options":{"image_generator_settings":{"template":"highway","default_image_id":0,"font":"","enabled":false},"version":2}},"categories":[4],"tags":[],"class_list":["post-47309","post","type-post","status-publish","format-standard","hentry","category-osvrti"],"acf":{"facebook_opis":""},"jetpack_publicize_connections":[],"jetpack_featured_media_url":"","jetpack_sharing_enabled":true,"jetpack-related-posts":[{"id":52563,"url":"https:\/\/historiografija.hr\/?p=52563","url_meta":{"origin":47309,"position":0},"title":"Predavanje Nenada Fabijani\u0107a o stadionu Poljud u Splitu","author":"Branimir Jankovi\u0107","date":"21. travnja 2026.","format":false,"excerpt":"Znanstveno vije\u0107e za arhitekturu, urbanizam i ure\u0111enje prostora Hrvatske akademije znanosti i umjetnosti organizira predavanje \u201cPo Poljudu\u201d koje \u0107e u srijedu 22. travnja 2026. s po\u010detkom u 14 sati u Knji\u017enici HAZU, Strossmayerov trg 14 u Zagrebu, odr\u017eati\u00a0prof. emerit. dr. art. Nenad Fabijani\u0107,\u00a0\u010dlan suradnik HAZU. Predavanje \u201ePo Poljudu\u201c (Projekt obnove)\u2026","rel":"","context":"U &quot;Novosti&quot;","block_context":{"text":"Novosti","link":"https:\/\/historiografija.hr\/?cat=3"},"img":{"alt_text":"","src":"https:\/\/i0.wp.com\/historiografija.hr\/wp-content\/uploads\/2026\/04\/Poljud-scaled.jpeg?fit=1200%2C800&ssl=1&resize=350%2C200","width":350,"height":200,"srcset":"https:\/\/i0.wp.com\/historiografija.hr\/wp-content\/uploads\/2026\/04\/Poljud-scaled.jpeg?fit=1200%2C800&ssl=1&resize=350%2C200 1x, https:\/\/i0.wp.com\/historiografija.hr\/wp-content\/uploads\/2026\/04\/Poljud-scaled.jpeg?fit=1200%2C800&ssl=1&resize=525%2C300 1.5x, https:\/\/i0.wp.com\/historiografija.hr\/wp-content\/uploads\/2026\/04\/Poljud-scaled.jpeg?fit=1200%2C800&ssl=1&resize=700%2C400 2x, https:\/\/i0.wp.com\/historiografija.hr\/wp-content\/uploads\/2026\/04\/Poljud-scaled.jpeg?fit=1200%2C800&ssl=1&resize=1050%2C600 3x"},"classes":[]},{"id":52760,"url":"https:\/\/historiografija.hr\/?p=52760","url_meta":{"origin":47309,"position":1},"title":"Izlo\u017eba \u201cLo\u0161injski brodovi, njihove zastave i ljudi\u201d, 4. svibnja u 19h","author":"Filip \u0160imunjak","date":"30. travnja 2026.","format":false,"excerpt":"Hrvatski pomorski muzej Split, Glagolja\u0161a 18 (Tvr\u0111ava Gripe) Nakon \u0161to je u rujnu 2025. godine na otoku Lo\u0161inju, u suradnji Lo\u0161injskog muzeja i Hrvatskog pomorskog muzeja Split, predstavljena izlo\u017eba posve\u0107ena bogatoj pomorskoj ba\u0161tini otoka, njezino pro\u0161ireno izdanje postavlja se u Splitu. Uo\u010di blagdana svetog Dujma splitskoj \u0107e se publici predstaviti\u2026","rel":"","context":"U &quot;Izlo\u017ebe&quot;","block_context":{"text":"Izlo\u017ebe","link":"https:\/\/historiografija.hr\/?cat=10"},"img":{"alt_text":"","src":"https:\/\/i0.wp.com\/historiografija.hr\/wp-content\/uploads\/2026\/04\/Losinjski-brodovi-Izlozba-1-scaled.webp?fit=840%2C1200&ssl=1&resize=350%2C200","width":350,"height":200,"srcset":"https:\/\/i0.wp.com\/historiografija.hr\/wp-content\/uploads\/2026\/04\/Losinjski-brodovi-Izlozba-1-scaled.webp?fit=840%2C1200&ssl=1&resize=350%2C200 1x, https:\/\/i0.wp.com\/historiografija.hr\/wp-content\/uploads\/2026\/04\/Losinjski-brodovi-Izlozba-1-scaled.webp?fit=840%2C1200&ssl=1&resize=525%2C300 1.5x, https:\/\/i0.wp.com\/historiografija.hr\/wp-content\/uploads\/2026\/04\/Losinjski-brodovi-Izlozba-1-scaled.webp?fit=840%2C1200&ssl=1&resize=700%2C400 2x"},"classes":[]},{"id":52502,"url":"https:\/\/historiografija.hr\/?p=52502","url_meta":{"origin":47309,"position":2},"title":"Novi znanstveni projekt Hrvatskog instituta za povijest: \u201c\u017drtve ratova i dr\u017eavnog\/politi\u010dkog nasilja u hrvatskoj povijesti 20. stolje\u0107a\u201d","author":"Branimir Jankovi\u0107","date":"17. travnja 2026.","format":false,"excerpt":"Na redovitoj sjednici Vlade RH, 16. travnja 2026., donijet je Zaklju\u010dak kojim se pokre\u0107e znanstveni projekt \u201c\u017drtve ratova i dr\u017eavnog\/politi\u010dkog nasilja u hrvatskoj povijesti 20. stolje\u0107a\u201d. Projekt \u0107e provoditi i koordinirati Hrvatski institut za povijest u razdoblju trajanja projekta od pet godina. Zakljucak Vlade RH Iz teksta projektnog prijedloga: Problematika\u2026","rel":"","context":"U &quot;Novosti&quot;","block_context":{"text":"Novosti","link":"https:\/\/historiografija.hr\/?cat=3"},"img":{"alt_text":"","src":"https:\/\/i0.wp.com\/historiografija.hr\/wp-content\/uploads\/2026\/04\/Vlada-RH.jpg?fit=1200%2C557&ssl=1&resize=350%2C200","width":350,"height":200,"srcset":"https:\/\/i0.wp.com\/historiografija.hr\/wp-content\/uploads\/2026\/04\/Vlada-RH.jpg?fit=1200%2C557&ssl=1&resize=350%2C200 1x, https:\/\/i0.wp.com\/historiografija.hr\/wp-content\/uploads\/2026\/04\/Vlada-RH.jpg?fit=1200%2C557&ssl=1&resize=525%2C300 1.5x, https:\/\/i0.wp.com\/historiografija.hr\/wp-content\/uploads\/2026\/04\/Vlada-RH.jpg?fit=1200%2C557&ssl=1&resize=700%2C400 2x, https:\/\/i0.wp.com\/historiografija.hr\/wp-content\/uploads\/2026\/04\/Vlada-RH.jpg?fit=1200%2C557&ssl=1&resize=1050%2C600 3x"},"classes":[]},{"id":52148,"url":"https:\/\/historiografija.hr\/?p=52148","url_meta":{"origin":47309,"position":3},"title":"Poziv za prijavu na me\u0111unarodnu znanstvenu konferenciju \u201eGranice (ne)slobode: Zadarski krug 1966. Intelektualna opozicija u totalitarnom dru\u0161tvu\u201c","author":"Branimir Jankovi\u0107","date":"27. o\u017eujka 2026.","format":false,"excerpt":"\u00a0\u00a0\u00a0\u00a0 Povodom \u0161ezdesete obljetnice poku\u0161aja osnivanja \u010dasopisa Slobodan glas u Zadru 1966. godine, pozivamo vas na znanstvenu konferenciju posve\u0107enu istra\u017eivanju disidentstva, intelektualne opozicije i granica divergentnog mi\u0161ljenja nasuprot slu\u017ebenoj ideologiji u komunisti\u010dkoj Jugoslaviji. Ideja konferencije je analizirati konkretan fenomen zadarskog slu\u010daja razloge i okolnosti njegove pojave, ali uz otvaranje komparativnih\u2026","rel":"","context":"U &quot;Novosti&quot;","block_context":{"text":"Novosti","link":"https:\/\/historiografija.hr\/?cat=3"},"img":{"alt_text":"","src":"https:\/\/i0.wp.com\/historiografija.hr\/wp-content\/uploads\/2026\/03\/Poziv-konferencija-Zadar.jpg?fit=1200%2C509&ssl=1&resize=350%2C200","width":350,"height":200,"srcset":"https:\/\/i0.wp.com\/historiografija.hr\/wp-content\/uploads\/2026\/03\/Poziv-konferencija-Zadar.jpg?fit=1200%2C509&ssl=1&resize=350%2C200 1x, https:\/\/i0.wp.com\/historiografija.hr\/wp-content\/uploads\/2026\/03\/Poziv-konferencija-Zadar.jpg?fit=1200%2C509&ssl=1&resize=525%2C300 1.5x, https:\/\/i0.wp.com\/historiografija.hr\/wp-content\/uploads\/2026\/03\/Poziv-konferencija-Zadar.jpg?fit=1200%2C509&ssl=1&resize=700%2C400 2x, https:\/\/i0.wp.com\/historiografija.hr\/wp-content\/uploads\/2026\/03\/Poziv-konferencija-Zadar.jpg?fit=1200%2C509&ssl=1&resize=1050%2C600 3x"},"classes":[]},{"id":52669,"url":"https:\/\/historiografija.hr\/?p=52669","url_meta":{"origin":47309,"position":4},"title":"Predavanje Igora Dude &#8220;Odmor kao \u017eivotna potreba: o slobodnom vremenu u socijalisti\u010dkoj Jugoslaviji&#8221;","author":"Branimir Jankovi\u0107","date":"27. travnja 2026.","format":false,"excerpt":"U sklopu proljetnog ciklusa programa\u00a0Kriti\u010dka dramaturgija: pauza, u\u00a0subotu, 25. travnja 2026. u 19 sati\u00a0u prostoru Udru\u017eenja hrvatskih arhitekata povjesni\u010dar Igor Duda\u00a0odr\u017eao je predavanje naslovljeno\u00a0Odmor kao \u017eivotna potreba: o slobodnom vremenu u socijalisti\u010dkoj Jugoslaviji. Industrijalizacija i urbanizacija dru\u0161tava u povijesti su zna\u010dile i prelazak s predindustrijskog na industrijsko shva\u0107anje vremena. Ono\u2026","rel":"","context":"U &quot;Novosti&quot;","block_context":{"text":"Novosti","link":"https:\/\/historiografija.hr\/?cat=3"},"img":{"alt_text":"","src":"https:\/\/i0.wp.com\/historiografija.hr\/wp-content\/uploads\/2026\/04\/Duda.png?fit=1200%2C628&ssl=1&resize=350%2C200","width":350,"height":200,"srcset":"https:\/\/i0.wp.com\/historiografija.hr\/wp-content\/uploads\/2026\/04\/Duda.png?fit=1200%2C628&ssl=1&resize=350%2C200 1x, https:\/\/i0.wp.com\/historiografija.hr\/wp-content\/uploads\/2026\/04\/Duda.png?fit=1200%2C628&ssl=1&resize=525%2C300 1.5x, https:\/\/i0.wp.com\/historiografija.hr\/wp-content\/uploads\/2026\/04\/Duda.png?fit=1200%2C628&ssl=1&resize=700%2C400 2x, https:\/\/i0.wp.com\/historiografija.hr\/wp-content\/uploads\/2026\/04\/Duda.png?fit=1200%2C628&ssl=1&resize=1050%2C600 3x"},"classes":[]},{"id":52505,"url":"https:\/\/historiografija.hr\/?p=52505","url_meta":{"origin":47309,"position":5},"title":"Izlo\u017eba &#8220;Eschenstock \/ Jasenov prut&#8221;","author":"Branimir Jankovi\u0107","date":"17. travnja 2026.","format":false,"excerpt":"Srpsko narodno vije\u0107e (SNV) i Vizura aperta postavljaju izlo\u017ebu \u0161vicarskog slikara Velimira Ili\u0161evi\u0107a: Eschenstock \/ Jasenov prut. Izlo\u017eba se uz prisustvo autora otvara povodom 81. godi\u0161njice proboja logora\u0161a iz usta\u0161kog logora smrti Jasenovac 22. aprila 2026. u 19 sati u Srpskom kulturnom centru (SKC) u Preradovi\u0107evoj ulici 21 u Zagrebu.\u2026","rel":"","context":"U &quot;Izlo\u017ebe&quot;","block_context":{"text":"Izlo\u017ebe","link":"https:\/\/historiografija.hr\/?cat=10"},"img":{"alt_text":"","src":"https:\/\/i0.wp.com\/historiografija.hr\/wp-content\/uploads\/2026\/04\/Jasenov_prut.jpg?fit=1024%2C640&ssl=1&resize=350%2C200","width":350,"height":200,"srcset":"https:\/\/i0.wp.com\/historiografija.hr\/wp-content\/uploads\/2026\/04\/Jasenov_prut.jpg?fit=1024%2C640&ssl=1&resize=350%2C200 1x, https:\/\/i0.wp.com\/historiografija.hr\/wp-content\/uploads\/2026\/04\/Jasenov_prut.jpg?fit=1024%2C640&ssl=1&resize=525%2C300 1.5x, https:\/\/i0.wp.com\/historiografija.hr\/wp-content\/uploads\/2026\/04\/Jasenov_prut.jpg?fit=1024%2C640&ssl=1&resize=700%2C400 2x"},"classes":[]}],"_links":{"self":[{"href":"https:\/\/historiografija.hr\/index.php?rest_route=\/wp\/v2\/posts\/47309","targetHints":{"allow":["GET"]}}],"collection":[{"href":"https:\/\/historiografija.hr\/index.php?rest_route=\/wp\/v2\/posts"}],"about":[{"href":"https:\/\/historiografija.hr\/index.php?rest_route=\/wp\/v2\/types\/post"}],"author":[{"embeddable":true,"href":"https:\/\/historiografija.hr\/index.php?rest_route=\/wp\/v2\/users\/2"}],"replies":[{"embeddable":true,"href":"https:\/\/historiografija.hr\/index.php?rest_route=%2Fwp%2Fv2%2Fcomments&post=47309"}],"version-history":[{"count":4,"href":"https:\/\/historiografija.hr\/index.php?rest_route=\/wp\/v2\/posts\/47309\/revisions"}],"predecessor-version":[{"id":47314,"href":"https:\/\/historiografija.hr\/index.php?rest_route=\/wp\/v2\/posts\/47309\/revisions\/47314"}],"wp:attachment":[{"href":"https:\/\/historiografija.hr\/index.php?rest_route=%2Fwp%2Fv2%2Fmedia&parent=47309"}],"wp:term":[{"taxonomy":"category","embeddable":true,"href":"https:\/\/historiografija.hr\/index.php?rest_route=%2Fwp%2Fv2%2Fcategories&post=47309"},{"taxonomy":"post_tag","embeddable":true,"href":"https:\/\/historiografija.hr\/index.php?rest_route=%2Fwp%2Fv2%2Ftags&post=47309"}],"curies":[{"name":"wp","href":"https:\/\/api.w.org\/{rel}","templated":true}]}}