{"id":47254,"date":"2025-07-07T10:11:39","date_gmt":"2025-07-07T10:11:39","guid":{"rendered":"https:\/\/historiografija.hr\/?p=47254"},"modified":"2025-07-07T10:11:39","modified_gmt":"2025-07-07T10:11:39","slug":"centar-za-obnovu-kulture-oslobodenje-ili-porobljavanje-vazna-konferencija-o-zavrsetku-drugog-svjetskog-rata","status":"publish","type":"post","link":"https:\/\/historiografija.hr\/?p=47254","title":{"rendered":"Centar za obnovu kulture: Oslobo\u0111enje ili porobljavanje? Va\u017ena konferencija o zavr\u0161etku Drugog svjetskog rata"},"content":{"rendered":"\n<p>U utorak i srijedu, 8. i 9. srpnja, Centar za obnovu kulture i <a href=\"https:\/\/www.eventbrite.com\/e\/liberation-or-enslavement-tickets-1436354989439\" target=\"_blank\" rel=\"noreferrer noopener\">briselski think tank New Direction<\/a> organiziraju dvodnevnu me\u0111unarodnu konferenciju posve\u0107enu raspravi o zna\u010denju zavr\u0161etka Drugog svjetskog rata za Jugoisto\u010dnu, Isto\u010dnu i Srednju Europu. Dok se 8. svibnja 1945. godine na Zapadu slavi kao Dan pobjede u Europi (VE Day), postavlja se pitanje kako bi dolazak partizana u Zagreb toga dana trebalo vrednovati. Je li to bilo oslobo\u0111enje? Ili je to pak ozna\u010dilo po\u010detak \u010detrdesetpetogodi\u0161njeg ugnjetavanja Komunisti\u010dke partije? Isto se pitanje name\u0107e za sve zemlje u kojima su komunisti preuzeli vlast u neposrednom poslijeratnom razdoblju.<\/p>\n\n\n\n<p><strong>\u201cDobra stara vremena socijalizma\u201d<\/strong><\/p>\n\n\n\n<p>Ovo nije puko pitanje namijenjeno uskim krugovima povjesni\u010dara ili onima optere\u0107enima poravnavanjem starih ra\u010duna. Gotovo nijedan dan ne prolazi, bilo u Hrvatskoj ili drugim biv\u0161im komunisti\u010dkim zemljama, bez izljeva nostalgije za \u201cdobrim starim vremenima socijalizma\u201d. Neprestano se poku\u0161ava glorificirati, ili barem opravdavati, djelovanje Partije, te ocrnjivati ili zatirati sje\u0107anje na one koji su joj se suprotstavljali.<\/p>\n\n\n\n<p>Spomenici, podignuti u \u010dast stvarnih ili imaginarnih doga\u0111aja, perpetuiraju ljevi\u010darsku mitologiju. Nova generacija kulturnih marksista ponosno prihva\u0107a antifa\u0161izam koji je Partija stvorila kako bi prikrila svoju pravu narav. U zemljama biv\u0161e Jugoslavije, ali i u drugim dr\u017eavama Srednje i Isto\u010dne Europe, stare partijske sigurnosne mre\u017ee u\u010dinkovito su iskori\u0161tene za boga\u0107enje postkomunisti\u010dke elite koja se, bez ikakvog temelja, predstavlja najsposobnijom za vladanje u dana\u0161njem slobodnom i demokratskom svijetu. Svijetu koji njihovi prethodnici nisu stvorili, i koji, u dubini du\u0161e, uz to tajno preziru. Stoga je pitanje \u0161to se doista dogodilo prije mnogo godina kada su komunisti preuzeli vlast relevantno za sve nas. Svi\u0111alo nam se to ili ne.<\/p>\n\n\n\n<p><strong>Oslobo\u0111enje ili porobljavanje: izuzetan doprinos Litve i Poljske<\/strong><\/p>\n\n\n\n<p>Dvodnevna me\u0111unarodna konferencija u Zagrebu ugostit \u0107e najbolje povjesni\u010dare iz svojih podru\u010dja, koji \u0107e izlagati o \u0161irokom spektru tema. Stru\u010dnjaci \u0107e govoriti o Titovom (i Staljinovom) kultu li\u010dnosti, organizaciji i djelovanju jugoslavenske tajne policije, logorima i zatvorima u kojima su \u010damili politi\u010dki zatvorenici, stranim dojmovima o partizanima, progonu Crkve, odnosu Partije prema talijanskoj i njema\u010dkoj manjini te prema muslimanima, posebnom slu\u010daju Dubrovnika, Bleibur\u0161kim pokoljima, Kri\u017enom putu, kao i najnovijim dokazima o masovnim grobnicama u Sloveniji i Hrvatskoj.<\/p>\n\n\n\n<p>Rasprave ne\u0107e biti ograni\u010dene samo na Hrvatsku, ili \u010dak Jugoslaviju. Povjesni\u010dari iz Litve i Poljske govorit \u0107e o druga\u010dijim, ali paralelnim iskustvima svojih naroda nakon preuzimanja vlasti od strane Sovjeta i Komunisti\u010dke partije. Litavci i Poljaci u\u010dinili su daleko vi\u0161e nego Hrvatska ili bilo koja od zemalja biv\u0161e komunisti\u010dke Jugoslavije na istra\u017eivanju, obja\u0161njavanju i objavljivanju te mra\u010dne pro\u0161losti. Njihovo znanstveno djelovanje i muzeji su izuzetni. Od njih mo\u017eemo i trebamo u\u010diti.<\/p>\n\n\n\n<p>Ulaz na konferenciju je <strong>besplatan<\/strong>. Ona se odr\u017eava u <a href=\"https:\/\/www.hotel-dubrovnik.hr\/hotel-overview\/map-and-directions\/\" target=\"_blank\" rel=\"noreferrer noopener\">hotelu Dubrovnik<\/a>, a <a href=\"https:\/\/www.eventbrite.com\/e\/liberation-or-enslavement-tickets-1436354989439\">prethodno se mo\u017eete registrirati ovdje<\/a>.<\/p>\n\n\n\n<p><em>Autor: Robin Harris, predsjednik <a href=\"https:\/\/cok.hr\/en\">COK-a<\/a> i autor knjige <a href=\"https:\/\/mvep.gov.hr\/vijesti-82847-106056\/predstavljena-knjiga-robina-harrisa-u-londonu\/274916\" target=\"_blank\" rel=\"noreferrer noopener\">Povijest Hrvatske: od revolucije do nezavisnosti<\/a>.<\/em><\/p>\n\n\n\n<hr class=\"wp-block-separator has-alpha-channel-opacity\"\/>\n\n\n\n<p><strong>Raspored konferencije<\/strong><\/p>\n\n\n\n<p><strong>Utorak, 1. dan<\/strong><\/p>\n\n\n\n<p><strong>17.00 \u2013 Uvodna rije\u010d<\/strong><br>Uvodna rije\u010d<br>Robin Harris, predsjednik, Centar za obnovu kulture<br>Branka Lozo, \u010dlanica upravnog odbora, New Direction<\/p>\n\n\n\n<p><strong>17.15 \u2013 1. izlaganje<\/strong><br>\u0160to je podrazumijevala komunisti\u010dka revolucija u Jugoslaviji<br>(Robin Harris, COK)<\/p>\n\n\n\n<p><strong>17.35 \u2013 2. izlaganje<\/strong><br>\u201cUz Tita i Staljina, dva juna\u010dka sina\u201d: percepcija i prezentacija \u201cdruga\u201d Staljina i \u201cbratskog\u201d Sovjetskog saveza u hrvatskim i jugoslavenskim medijima i propagandi nakon Drugog svjetskog rata<br>(Mario Jareb, povjesni\u010dar, Hrvatski institut za povijest)<\/p>\n\n\n\n<p><strong>17.55 \u2013 3. izlaganje<\/strong><br>VOS, OZNA i UDBA \u2013 Komunisti\u010dka tajna policija u Sloveniji od 1941. do 1990.<br>(Igor Omerza, pisac, Slovenija)<\/p>\n\n\n\n<p><strong>18.15 Pauza za kavu<\/strong><\/p>\n\n\n\n<p><strong>18.30 \u2013 4. izlaganje<\/strong><br>Komunisti\u010dko-sovjetski teror u Litvi od 1944. do 1953.<br>(Arunas Bubnys, Istra\u017eiva\u010dki centar za genocid i otpor, Litva)<\/p>\n\n\n\n<p><strong>18.50 \u2013 5. izlaganje<\/strong><br>Komunisti\u010dka revolucija u poslijeratnoj Europi. Poljska perspektiva i iskustva<br>(Grzegorz Wo\u0142k, Institut nacionalnog sje\u0107anja, Poljska)<\/p>\n\n\n\n<p><strong>19.10 \u2013 6. izlaganje<\/strong><br>Razmatranje i suo\u010davanje sa sje\u0107anjima na komunisti\u010dku pro\u0161lost<br>(Rasa \u010cepaitien\u0117, Litavski institut za povijest)<\/p>\n\n\n\n<p><strong>19.30 Panel rasprava: Stvarnost komunizma<\/strong><br>(Moderator: Robin Harris, COK)<\/p>\n\n\n\n<p><strong>Srijeda, 2. dan<\/strong><\/p>\n\n\n\n<p><strong>10.00 Otvaranje<\/strong><\/p>\n\n\n\n<p><strong>10.15 \u2013 1. izlaganje<\/strong><br>Evelyn Waugh i partizani<br>(Mario Jareb, povjesni\u010dar, Hrvatski institut za povijest)<\/p>\n\n\n\n<p><strong>10.35 \u2013 2. izlaganje<\/strong><br>Progon Crkve u Hrvatskoj<br>(Jure Kri\u0161to, povjesni\u010dar)<\/p>\n\n\n\n<p><strong>10.55 \u2013 3. izlaganje<\/strong><br>Likvidacije i teror u Dubrovniku<br>(Robin Harris, COK)<\/p>\n\n\n\n<p><strong>11.15 Panel rasprava: Komunisti\u010dki ciljevi i metode<\/strong><br>(Moderator: Hrvoje \u010capo, povjesni\u010dar, Hrvatski institut za povijest)<\/p>\n\n\n\n<p><strong>12.00 RU\u010cAK<\/strong><\/p>\n\n\n\n<p><strong>13.30 \u2013 4. izlaganje<\/strong><br>Jugoslavenski dr\u017eavni terorizam protiv hrvatske emigracije<br>(Bo\u017ee Vuku\u0161i\u0107, udruga Hrvatski kri\u017eni put)<\/p>\n\n\n\n<p><strong>13.50 \u2013 5. izlaganje<\/strong><br>Komunisti\u010dka represija nad muslimanskom zajednicom \u2013 zagreba\u010dka studija slu\u010daja<br>(Zlatko Hasanbegovi\u0107, povjesni\u010dar, biv\u0161i ministar kulture, Institut dru\u0161tvenih znanosti Ivo Pilar)<\/p>\n\n\n\n<p><strong>14.10 \u2013 6. izlaganje<\/strong><br>Sudbina Talijana u Dalmaciji i Istri<br>(Marino Manin, povjesni\u010dar, Hrvatski institut za povijest)<\/p>\n\n\n\n<p><strong>14.30 \u2013 7. izlaganje<\/strong><br>Sudbina njema\u010dke manjine u Hrvatskoj i Jugoslaviji potkraj Drugoga svjetskoga rata i u neposrednom pora\u0107u<br>(Vladimir Geiger, povjesni\u010dar, Hrvatski institut za povijest)<\/p>\n\n\n\n<p><strong>14.50 Panel rasprava: \u017drtve komunizma<\/strong><br>(Moderator: Hrvoje \u010capo, povjesni\u010dar, Hrvatski institut za povijest)<\/p>\n\n\n\n<p><strong>15.15 Pauza za kavu<\/strong><\/p>\n\n\n\n<p><strong>15.30 \u2013 8. izlaganje<\/strong><br>Likvidacije i masovne grobnice u Sloveniji<br>(Mitja Ferenc, povjesni\u010dar, Slovenija)<\/p>\n\n\n\n<p><strong>15.50 \u2013 9. izlaganje<\/strong><br>Posljedice Bleiburga: Masovne grobnice u Republici Hrvatskoj<br>(Amir Obho\u0111a\u0161, povjesni\u010dar, Hrvatski dr\u017eavni arhiv)<\/p>\n\n\n\n<p><strong>16.10 \u2013 10. izlaganje<\/strong><br>OZNA-ina represija i progon u Hercegovini 1945.<br>(Hrvoje Mandi\u0107, povjesni\u010dar, Sveu\u010dili\u0161te u Zagrebu)<\/p>\n\n\n\n<p><strong>16.30 \u2013 11. izlaganje<\/strong><br>Dva modela odmazde u Europi<br>(Hrvoje \u010capo, povjesni\u010dar, Hrvatski institut za povijest)<\/p>\n\n\n\n<p><strong>16.50 Panel rasprava: Bleiburg i Kri\u017eni put<\/strong><br>(Moderator: Mate \u0106uri\u0107, COK)<\/p>\n\n\n\n<p><strong>Zavr\u0161na rije\u010d<\/strong><\/p>\n\n\n\n<hr class=\"wp-block-separator has-alpha-channel-opacity\"\/>\n\n\n\n<p>Izvor:<\/p>\n\n\n\n<figure class=\"wp-block-embed is-type-wp-embed is-provider-centar-za-obnovu-kulture-cok wp-block-embed-centar-za-obnovu-kulture-cok\"><div class=\"wp-block-embed__wrapper\">\n<blockquote class=\"wp-embedded-content\" data-secret=\"zTwvxcL1DU\"><a href=\"https:\/\/cok.hr\/oslobodenje-ili-porobljavanje-konferencija-o-zavrsetku-drugog-svjetskog-rata\/\">Oslobo\u0111enje ili porobljavanje? Va\u017ena konferencija o zavr\u0161etku Drugog svjetskog rata<\/a><\/blockquote><iframe loading=\"lazy\" class=\"wp-embedded-content\" sandbox=\"allow-scripts\" security=\"restricted\" style=\"position: absolute; visibility: hidden;\" title=\"&#8220;Oslobo\u0111enje ili porobljavanje? Va\u017ena konferencija o zavr\u0161etku Drugog svjetskog rata&#8221; &#8212; Centar za obnovu kulture - COK\" src=\"https:\/\/cok.hr\/oslobodenje-ili-porobljavanje-konferencija-o-zavrsetku-drugog-svjetskog-rata\/embed\/#?secret=RTHugYdsTx#?secret=zTwvxcL1DU\" data-secret=\"zTwvxcL1DU\" width=\"600\" height=\"338\" frameborder=\"0\" marginwidth=\"0\" marginheight=\"0\" scrolling=\"no\"><\/iframe>\n<\/div><\/figure>\n\n\n\n<hr class=\"wp-block-separator has-alpha-channel-opacity\"\/>\n\n\n\n<p>Iz medija:<\/p>\n\n\n\n<p><a href=\"https:\/\/www.vecernji.hr\/vijesti\/oslobodenje-ili-pocetak-ugnjetavanja-uskoro-pocinje-konferencija-o-znacenju-zavrsetka-drugog-svjetskog-rata-1874038\">https:\/\/www.vecernji.hr\/vijesti\/oslobodenje-ili-pocetak-ugnjetavanja-uskoro-pocinje-konferencija-o-znacenju-zavrsetka-drugog-svjetskog-rata-1874038<\/a><\/p>\n\n\n\n<p><a href=\"https:\/\/narod.hr\/hrvatska\/oslobodenje-ili-porobljavanje-dodite-na-konferenciju-o-zavrsetku-drugog-svjetskog-rata-8-i-9-srpnja\">https:\/\/narod.hr\/hrvatska\/oslobodenje-ili-porobljavanje-dodite-na-konferenciju-o-zavrsetku-drugog-svjetskog-rata-8-i-9-srpnja<\/a><\/p>\n\n\n\n<hr class=\"wp-block-separator has-alpha-channel-opacity\"\/>\n","protected":false},"excerpt":{"rendered":"","protected":false},"author":2,"featured_media":47255,"comment_status":"open","ping_status":"open","sticky":false,"template":"","format":"standard","meta":{"_acf_changed":false,"jetpack_post_was_ever_published":false,"_jetpack_newsletter_access":"","_jetpack_dont_email_post_to_subs":false,"_jetpack_newsletter_tier_id":0,"_jetpack_memberships_contains_paywalled_content":false,"_jetpack_memberships_contains_paid_content":false,"footnotes":"","jetpack_publicize_message":"","jetpack_publicize_feature_enabled":true,"jetpack_social_post_already_shared":true,"jetpack_social_options":{"image_generator_settings":{"template":"highway","default_image_id":0,"font":"","enabled":false},"version":2}},"categories":[3,9],"tags":[],"class_list":["post-47254","post","type-post","status-publish","format-standard","has-post-thumbnail","hentry","category-novosti","category-skupovi"],"acf":{"facebook_opis":""},"jetpack_publicize_connections":[],"jetpack_featured_media_url":"https:\/\/i0.wp.com\/historiografija.hr\/wp-content\/uploads\/2025\/07\/Liberation-or-Enslavement-conference.jpg?fit=940%2C529&ssl=1","jetpack_sharing_enabled":true,"jetpack-related-posts":[],"_links":{"self":[{"href":"https:\/\/historiografija.hr\/index.php?rest_route=\/wp\/v2\/posts\/47254","targetHints":{"allow":["GET"]}}],"collection":[{"href":"https:\/\/historiografija.hr\/index.php?rest_route=\/wp\/v2\/posts"}],"about":[{"href":"https:\/\/historiografija.hr\/index.php?rest_route=\/wp\/v2\/types\/post"}],"author":[{"embeddable":true,"href":"https:\/\/historiografija.hr\/index.php?rest_route=\/wp\/v2\/users\/2"}],"replies":[{"embeddable":true,"href":"https:\/\/historiografija.hr\/index.php?rest_route=%2Fwp%2Fv2%2Fcomments&post=47254"}],"version-history":[{"count":1,"href":"https:\/\/historiografija.hr\/index.php?rest_route=\/wp\/v2\/posts\/47254\/revisions"}],"predecessor-version":[{"id":47256,"href":"https:\/\/historiografija.hr\/index.php?rest_route=\/wp\/v2\/posts\/47254\/revisions\/47256"}],"wp:featuredmedia":[{"embeddable":true,"href":"https:\/\/historiografija.hr\/index.php?rest_route=\/wp\/v2\/media\/47255"}],"wp:attachment":[{"href":"https:\/\/historiografija.hr\/index.php?rest_route=%2Fwp%2Fv2%2Fmedia&parent=47254"}],"wp:term":[{"taxonomy":"category","embeddable":true,"href":"https:\/\/historiografija.hr\/index.php?rest_route=%2Fwp%2Fv2%2Fcategories&post=47254"},{"taxonomy":"post_tag","embeddable":true,"href":"https:\/\/historiografija.hr\/index.php?rest_route=%2Fwp%2Fv2%2Ftags&post=47254"}],"curies":[{"name":"wp","href":"https:\/\/api.w.org\/{rel}","templated":true}]}}