{"id":47251,"date":"2025-07-07T09:50:00","date_gmt":"2025-07-07T09:50:00","guid":{"rendered":"https:\/\/historiografija.hr\/?p=47251"},"modified":"2025-07-07T09:58:54","modified_gmt":"2025-07-07T09:58:54","slug":"poziv-na-medunarodno-studijsko-putovanje-i-fotografsku-radionicu-u-italiji-logor-le-fraschette","status":"publish","type":"post","link":"https:\/\/historiografija.hr\/?p=47251","title":{"rendered":"Poziv na me\u0111unarodno studijsko putovanje i fotografsku radionicu u Italiji \u2013 Logor \u201cLe Fraschette\u201d"},"content":{"rendered":"\n<p>Pridru\u017eite nam se na <strong>me\u0111unarodnom studijskom putovanju i fotografskoj radionici u Italiji<\/strong>, posve\u0107enima istra\u017eivanju povijesti i sje\u0107anja na <strong>logor \u201cLe Fraschette\u201d<\/strong> u blizini Alatrija (Rim) \u2013 jednog od najve\u0107ih logora iz razdoblja fa\u0161isti\u010dke Italije \u2013 te njegove poslijeratne uloge kao centra za raseljene osobe.<\/p>\n\n\n\n<p>Sudionici \u0107e sudjelovati u predavanjima, diskusijama, terenskim posjetima i prakti\u010dnim fotografskim radionicama, istra\u017euju\u0107i mjesto fa\u0161isti\u010dkog interniranja, prisilnog raseljavanja te politike sje\u0107anja i zaborava u Europi.<\/p>\n\n\n\n<p>Sve tro\u0161kove vezane uz smje\u0161taj i prehranu tijekom datuma navedenih u programu pokrivaju organizatori. Molimo vas da provjerite prilo\u017eeni info-paket za vi\u0161e informacija o programu i pravilima povrata tro\u0161kova.<\/p>\n\n\n\n<p><strong>Za prijavu, molimo vas ispunite ovaj obrazac: <\/strong><a href=\"https:\/\/forms.gle\/guKmBiECW8yQvgBT8\">https:\/\/forms.gle\/guKmBiECW8yQvgBT8<\/a><\/p>\n\n\n\n<p>Aktivnost je organizirana u sklopu projekta \u201eMo\u0107 osobnih pri\u010da u suo\u010davanju sa zaboravom (PPSCO)\u201d, koji financira Europska unija putem programa CERV \u2013 Europsko sje\u0107anje.<\/p>\n\n\n\n<p><em>foto: Marilinda Figliozzi<\/em><\/p>\n\n\n\n<hr class=\"wp-block-separator has-alpha-channel-opacity\"\/>\n\n\n\n<p>Izvor i dodatne obavijesti:<\/p>\n\n\n\n<figure class=\"wp-block-embed is-type-wp-embed is-provider-documenta wp-block-embed-documenta\"><div class=\"wp-block-embed__wrapper\">\n<blockquote class=\"wp-embedded-content\" data-secret=\"aundSDEDUN\"><a href=\"https:\/\/documenta.hr\/novosti\/poziv-na-medunarodno-studijsko-putovanje-i-fotografsku-radionicu-u-italiji-logor-le-fraschette\/\">Poziv na me\u0111unarodno studijsko putovanje i fotografsku radionicu u Italiji &#8211; Logor &#8220;Le Fraschette&#8221;<\/a><\/blockquote><iframe loading=\"lazy\" class=\"wp-embedded-content\" sandbox=\"allow-scripts\" security=\"restricted\" style=\"position: absolute; visibility: hidden;\" title=\"&#8220;Poziv na me\u0111unarodno studijsko putovanje i fotografsku radionicu u Italiji &#8211; Logor &#8220;Le Fraschette&#8221;&#8221; &#8212; Documenta\" src=\"https:\/\/documenta.hr\/novosti\/poziv-na-medunarodno-studijsko-putovanje-i-fotografsku-radionicu-u-italiji-logor-le-fraschette\/embed\/#?secret=aundSDEDUN\" data-secret=\"aundSDEDUN\" width=\"600\" height=\"338\" frameborder=\"0\" marginwidth=\"0\" marginheight=\"0\" scrolling=\"no\"><\/iframe>\n<\/div><\/figure>\n\n\n\n<hr class=\"wp-block-separator has-alpha-channel-opacity\"\/>\n","protected":false},"excerpt":{"rendered":"","protected":false},"author":2,"featured_media":47252,"comment_status":"open","ping_status":"open","sticky":false,"template":"","format":"standard","meta":{"_acf_changed":false,"jetpack_post_was_ever_published":false,"_jetpack_newsletter_access":"","_jetpack_dont_email_post_to_subs":false,"_jetpack_newsletter_tier_id":0,"_jetpack_memberships_contains_paywalled_content":false,"_jetpack_memberships_contains_paid_content":false,"footnotes":"","jetpack_publicize_message":"","jetpack_publicize_feature_enabled":true,"jetpack_social_post_already_shared":true,"jetpack_social_options":{"image_generator_settings":{"template":"highway","default_image_id":0,"font":"","enabled":false},"version":2}},"categories":[3],"tags":[],"class_list":["post-47251","post","type-post","status-publish","format-standard","has-post-thumbnail","hentry","category-novosti"],"acf":{"facebook_opis":""},"jetpack_publicize_connections":[],"jetpack_featured_media_url":"https:\/\/i0.wp.com\/historiografija.hr\/wp-content\/uploads\/2025\/07\/Rome.png?fit=618%2C875&ssl=1","jetpack_sharing_enabled":true,"jetpack-related-posts":[],"_links":{"self":[{"href":"https:\/\/historiografija.hr\/index.php?rest_route=\/wp\/v2\/posts\/47251","targetHints":{"allow":["GET"]}}],"collection":[{"href":"https:\/\/historiografija.hr\/index.php?rest_route=\/wp\/v2\/posts"}],"about":[{"href":"https:\/\/historiografija.hr\/index.php?rest_route=\/wp\/v2\/types\/post"}],"author":[{"embeddable":true,"href":"https:\/\/historiografija.hr\/index.php?rest_route=\/wp\/v2\/users\/2"}],"replies":[{"embeddable":true,"href":"https:\/\/historiografija.hr\/index.php?rest_route=%2Fwp%2Fv2%2Fcomments&post=47251"}],"version-history":[{"count":1,"href":"https:\/\/historiografija.hr\/index.php?rest_route=\/wp\/v2\/posts\/47251\/revisions"}],"predecessor-version":[{"id":47253,"href":"https:\/\/historiografija.hr\/index.php?rest_route=\/wp\/v2\/posts\/47251\/revisions\/47253"}],"wp:featuredmedia":[{"embeddable":true,"href":"https:\/\/historiografija.hr\/index.php?rest_route=\/wp\/v2\/media\/47252"}],"wp:attachment":[{"href":"https:\/\/historiografija.hr\/index.php?rest_route=%2Fwp%2Fv2%2Fmedia&parent=47251"}],"wp:term":[{"taxonomy":"category","embeddable":true,"href":"https:\/\/historiografija.hr\/index.php?rest_route=%2Fwp%2Fv2%2Fcategories&post=47251"},{"taxonomy":"post_tag","embeddable":true,"href":"https:\/\/historiografija.hr\/index.php?rest_route=%2Fwp%2Fv2%2Ftags&post=47251"}],"curies":[{"name":"wp","href":"https:\/\/api.w.org\/{rel}","templated":true}]}}