{"id":47243,"date":"2025-07-07T08:36:00","date_gmt":"2025-07-07T08:36:00","guid":{"rendered":"https:\/\/historiografija.hr\/?p=47243"},"modified":"2025-07-07T09:37:06","modified_gmt":"2025-07-07T09:37:06","slug":"predavanje-dr-ivana-matijevica-odnosi-izmedu-vatikana-i-washingtona-tijekom-1980-ih-godina","status":"publish","type":"post","link":"https:\/\/historiografija.hr\/?p=47243","title":{"rendered":"Predavanje dr. Ivana Matijevi\u0107a \u201cOdnosi izme\u0111u Vatikana i Washingtona tijekom 1980-ih godina\u201d"},"content":{"rendered":"\n<p>U programu obilje\u017eavanja 30. obljetnice vojno-redarstvene operacije \u201cOluja\u201d, u organizaciji Muzeja Domovinskog rata u Splitu i Hrvatske udruge Benedikt,&nbsp; izv. prof. dr. sc.&nbsp;<strong>Ivan Matijevi\u0107<\/strong>&nbsp;s Odsjeka za povijest Filozofskog fakulteta u Splitu, odr\u017eati \u0107e predavanje o odnosu izme\u0111u pape&nbsp;<strong>Ivana Pavla II<\/strong>&nbsp;i ameri\u010dkog predsjednika&nbsp;<strong>Ronalda Reagana.<\/strong><\/p>\n\n\n\n<p>Predavanje \u0107e se odr\u017eati u ponedjeljak,<strong> 7. srpnja 2025.<\/strong> s <strong>po\u010detkom u 19:30 sati<\/strong> u <strong>Muzejskoj galeriji Muzeja Domovinskog rata u Splitu<\/strong>, Ulica Mike Tripala 6. Ulaz je slobodan!<\/p>\n\n\n\n<p>Papa Ivan Pavao II i ameri\u010dki predsjednik Ronald Reagan susreli su se \u010detiri puta: dvaput u Rimu (1982., 1987.), u Fairbanksu (1984.) i Miamiju (1987.). Njihov prvi susret obilje\u017eio je zajedni\u010dki zaklju\u010dak da \u2018ateisti\u010dki komunizam \u017eivi u la\u017ei i da \u0107e na kraju propasti\u2019. Deklasificirani dokumenti i svjedo\u010danstva sudionika ovih doga\u0111aja jasno pokazuju da su papa i predsjednik redovito komunicirali i \u010desto se savjetovali. Koristili su svaku priliku da bi govorili o slobodi upozoravaju\u0107i na njezinu besplatnost i opasnu podlo\u017enost pogre\u0161nom tuma\u010denju.<\/p>\n\n\n\n<hr class=\"wp-block-separator has-alpha-channel-opacity\"\/>\n\n\n\n<p>Izvor i dodatne obavijesti:<\/p>\n\n\n\n<figure class=\"wp-block-embed is-type-wp-embed is-provider-hu-benedikt wp-block-embed-hu-benedikt\"><div class=\"wp-block-embed__wrapper\">\n<blockquote class=\"wp-embedded-content\" data-secret=\"89K0sm0VYJ\"><a href=\"https:\/\/hu-benedikt.hr\/2025\/07\/predavanje-dr-ivana-matijevica-odnosi-izmedu-vatikana-i-washingtona-tijekom-1980-ih-godina\/\">Predavanje dr. Ivana Matijevi\u0107a &#8220;Odnosi izme\u0111u Vatikana i Washingtona tijekom 1980-ih godina&#8221;<\/a><\/blockquote><iframe loading=\"lazy\" class=\"wp-embedded-content\" sandbox=\"allow-scripts\" security=\"restricted\" style=\"position: absolute; visibility: hidden;\" title=\"&#8220;Predavanje dr. Ivana Matijevi\u0107a &#8220;Odnosi izme\u0111u Vatikana i Washingtona tijekom 1980-ih godina&#8221;&#8221; &#8212; Hu-benedikt\" src=\"https:\/\/hu-benedikt.hr\/2025\/07\/predavanje-dr-ivana-matijevica-odnosi-izmedu-vatikana-i-washingtona-tijekom-1980-ih-godina\/embed\/#?secret=89K0sm0VYJ\" data-secret=\"89K0sm0VYJ\" width=\"600\" height=\"338\" frameborder=\"0\" marginwidth=\"0\" marginheight=\"0\" scrolling=\"no\"><\/iframe>\n<\/div><\/figure>\n\n\n\n<figure class=\"wp-block-embed is-type-wp-embed is-provider-hu-benedikt wp-block-embed-hu-benedikt\"><div class=\"wp-block-embed__wrapper\">\n<blockquote class=\"wp-embedded-content\" data-secret=\"fDMvh04eHd\"><a href=\"https:\/\/hu-benedikt.hr\/2025\/06\/program-obiljezavanja-30-obljetnice-vro-oluja\/\">Program obilje\u017eavanja 30. obljetnice VRO Oluja!<\/a><\/blockquote><iframe loading=\"lazy\" class=\"wp-embedded-content\" sandbox=\"allow-scripts\" security=\"restricted\" style=\"position: absolute; visibility: hidden;\" title=\"&#8220;Program obilje\u017eavanja 30. obljetnice VRO Oluja!&#8221; &#8212; Hu-benedikt\" src=\"https:\/\/hu-benedikt.hr\/2025\/06\/program-obiljezavanja-30-obljetnice-vro-oluja\/embed\/#?secret=fDMvh04eHd\" data-secret=\"fDMvh04eHd\" width=\"600\" height=\"338\" frameborder=\"0\" marginwidth=\"0\" marginheight=\"0\" scrolling=\"no\"><\/iframe>\n<\/div><\/figure>\n\n\n\n<hr class=\"wp-block-separator has-alpha-channel-opacity\"\/>\n","protected":false},"excerpt":{"rendered":"","protected":false},"author":2,"featured_media":47244,"comment_status":"open","ping_status":"open","sticky":false,"template":"","format":"standard","meta":{"_acf_changed":false,"jetpack_post_was_ever_published":false,"_jetpack_newsletter_access":"","_jetpack_dont_email_post_to_subs":false,"_jetpack_newsletter_tier_id":0,"_jetpack_memberships_contains_paywalled_content":false,"_jetpack_memberships_contains_paid_content":false,"footnotes":"","jetpack_publicize_message":"","jetpack_publicize_feature_enabled":true,"jetpack_social_post_already_shared":true,"jetpack_social_options":{"image_generator_settings":{"template":"highway","default_image_id":0,"font":"","enabled":false},"version":2}},"categories":[3],"tags":[],"class_list":["post-47243","post","type-post","status-publish","format-standard","has-post-thumbnail","hentry","category-novosti"],"acf":{"facebook_opis":""},"jetpack_publicize_connections":[],"jetpack_featured_media_url":"https:\/\/i0.wp.com\/historiografija.hr\/wp-content\/uploads\/2025\/07\/Matijevic_pozivnica.jpg?fit=1000%2C1000&ssl=1","jetpack_sharing_enabled":true,"jetpack-related-posts":[],"_links":{"self":[{"href":"https:\/\/historiografija.hr\/index.php?rest_route=\/wp\/v2\/posts\/47243","targetHints":{"allow":["GET"]}}],"collection":[{"href":"https:\/\/historiografija.hr\/index.php?rest_route=\/wp\/v2\/posts"}],"about":[{"href":"https:\/\/historiografija.hr\/index.php?rest_route=\/wp\/v2\/types\/post"}],"author":[{"embeddable":true,"href":"https:\/\/historiografija.hr\/index.php?rest_route=\/wp\/v2\/users\/2"}],"replies":[{"embeddable":true,"href":"https:\/\/historiografija.hr\/index.php?rest_route=%2Fwp%2Fv2%2Fcomments&post=47243"}],"version-history":[{"count":1,"href":"https:\/\/historiografija.hr\/index.php?rest_route=\/wp\/v2\/posts\/47243\/revisions"}],"predecessor-version":[{"id":47245,"href":"https:\/\/historiografija.hr\/index.php?rest_route=\/wp\/v2\/posts\/47243\/revisions\/47245"}],"wp:featuredmedia":[{"embeddable":true,"href":"https:\/\/historiografija.hr\/index.php?rest_route=\/wp\/v2\/media\/47244"}],"wp:attachment":[{"href":"https:\/\/historiografija.hr\/index.php?rest_route=%2Fwp%2Fv2%2Fmedia&parent=47243"}],"wp:term":[{"taxonomy":"category","embeddable":true,"href":"https:\/\/historiografija.hr\/index.php?rest_route=%2Fwp%2Fv2%2Fcategories&post=47243"},{"taxonomy":"post_tag","embeddable":true,"href":"https:\/\/historiografija.hr\/index.php?rest_route=%2Fwp%2Fv2%2Ftags&post=47243"}],"curies":[{"name":"wp","href":"https:\/\/api.w.org\/{rel}","templated":true}]}}