{"id":47227,"date":"2025-07-04T15:10:26","date_gmt":"2025-07-04T15:10:26","guid":{"rendered":"https:\/\/historiografija.hr\/?p=47227"},"modified":"2025-07-07T12:03:32","modified_gmt":"2025-07-07T12:03:32","slug":"literatura-o-thompsonu","status":"publish","type":"post","link":"https:\/\/historiografija.hr\/?p=47227","title":{"rendered":"Literatura o Thompsonu"},"content":{"rendered":"\n<p>Osim mnogobrojnih polemi\u010dkih komentara u medijima objavljivanih proteklih godina (o pitanjima Thompsonova odnosa prema NDH i njezinim simbolima, Domovinskom ratu i Herceg-Bosni, prikazima nacionalne povijesti, nacionalnog identiteta i Drugog, glazbe i nacionalizma, glazbe i politike itd.), postoji i odre\u0111eni broj radova o Thompsonu, u rasponu od pohvalnih knjiga Josipa Pe\u010dari\u0107a, preko kriti\u010dkih radova do raznovrsnih analiti\u010dkih studija i \u010dlanaka vi\u0161e autora i autorica u Hrvatskoj i inozemstvu, na koje upu\u0107ujemo u prilogu.<\/p>\n\n\n\n<hr class=\"wp-block-separator has-alpha-channel-opacity\"\/>\n\n\n\n<p><strong>Josip Pe\u010dari\u0107<\/strong><\/p>\n\n\n\n<p>Thompson u o\u010dima hrvatskih intelektualaca: bilo je i to jednom u Hrvatskoj, priredili Josip Pe\u010dari\u0107, Mate Kova\u010devi\u0107, Strmec Samoborski 2009. &nbsp;<\/p>\n\n\n\n<p>Hajka na Thompsona, Zagreb 2012.<\/p>\n\n\n\n<p>Thompson: pjesmom za Hrvatsku, Zagreb 2017.<\/p>\n\n\n\n<p>Thompson \u2013 najzna\u010dajniji \u017eivu\u0107i Hrvat, 2024.<\/p>\n\n\n\n<p>Mladen Pavkovi\u0107 i Thompson, Zagreb 2025.<\/p>\n\n\n\n<hr class=\"wp-block-separator has-alpha-channel-opacity\"\/>\n\n\n\n<p><strong>Dickie Wallace<\/strong><\/p>\n\n\n\n<p>Broadcasting Ethnonational Exclusion and Inclusion: Two Musicians in Two Croatias<\/p>\n\n\n\n<p>2004<\/p>\n\n\n\n<p><a href=\"https:\/\/scholarworks.iu.edu\/journals\/index.php\/aeer\/article\/view\/327\">https:\/\/scholarworks.iu.edu\/journals\/index.php\/aeer\/article\/view\/327<\/a><\/p>\n\n\n\n<hr class=\"wp-block-separator has-alpha-channel-opacity\"\/>\n\n\n\n<p><strong>Marina Biti, Diana Grguri\u0107<\/strong><\/p>\n\n\n\n<p>Tvornica privida: o\u010du\u0111uju\u0107i efekti diskursnih pro\u017eimanja<\/p>\n\n\n\n<p>Rijeka 2010.<\/p>\n\n\n\n<p><a href=\"https:\/\/www.knjigoriaplanet.hr\/tvornica-privida-ocudujuci-efekti-diskursnih-prozimanja-marina-biti\/16433\/product\">https:\/\/www.knjigoriaplanet.hr\/tvornica-privida-ocudujuci-efekti-diskursnih-prozimanja-marina-biti\/16433\/product<\/a><\/p>\n\n\n\n<hr class=\"wp-block-separator has-alpha-channel-opacity\"\/>\n\n\n\n<p><strong>Catherine Baker<\/strong><\/p>\n\n\n\n<p>Sounds of the Borderland: Popular Music, War and Nationalism in Croatia since 1991<\/p>\n\n\n\n<p>2010<\/p>\n\n\n\n<p>Zvuci granice. Popularna muzika, rat i nacionalizam u Hrvatskoj posle 1991<\/p>\n\n\n\n<p>2011.<\/p>\n\n\n\n<p><a href=\"https:\/\/www.routledge.com\/Sounds-of-the-Borderland-Popular-Music-War-and-Nationalism-in-Croatia-since-1991\/Baker\/p\/book\/9781138260696\">https:\/\/www.routledge.com\/Sounds-of-the-Borderland-Popular-Music-War-and-Nationalism-in-Croatia-since-1991\/Baker\/p\/book\/9781138260696<\/a><\/p>\n\n\n\n<p><a href=\"https:\/\/bibliotekaxxvek.com\/bejker-ketrin-zvuci-granice-popularna-muzika-rat-i-nacionalizam-u-hrvatskoj-posle-1991\">https:\/\/bibliotekaxxvek.com\/bejker-ketrin-zvuci-granice-popularna-muzika-rat-i-nacionalizam-u-hrvatskoj-posle-1991<\/a><\/p>\n\n\n\n<hr class=\"wp-block-separator has-alpha-channel-opacity\"\/>\n\n\n\n<p><strong>Neven Duvnjak<\/strong><\/p>\n\n\n\n<p>Marko Perkovi\u0107 Thompson. National hero or Croatia\u00b4s troublemaker?<\/p>\n\n\n\n<p>2014<\/p>\n\n\n\n<p><a href=\"https:\/\/www.croris.hr\/crosbi\/publikacija\/prilog-knjiga\/51277\">https:\/\/www.croris.hr\/crosbi\/publikacija\/prilog-knjiga\/51277<\/a><\/p>\n\n\n\n<hr class=\"wp-block-separator has-alpha-channel-opacity\"\/>\n\n\n\n<p><strong>Tomislav Pletenac<\/strong><\/p>\n\n\n\n<p>Accidental Celebrity? Constructing Fame in Postwar Croatia<\/p>\n\n\n\n<p>2016<\/p>\n\n\n\n<p><a href=\"https:\/\/ojs.zrc-sazu.si\/traditiones\/article\/view\/4814\">https:\/\/ojs.zrc-sazu.si\/traditiones\/article\/view\/4814<\/a><\/p>\n\n\n\n<hr class=\"wp-block-separator has-alpha-channel-opacity\"\/>\n\n\n\n<p><strong>Marko Stojanovska Rup\u010di\u0107<\/strong><\/p>\n\n\n\n<p>Songs That Sound \u201cRight\u201d<\/p>\n\n\n\n<p>2016<\/p>\n\n\n\n<p><a href=\"https:\/\/link.springer.com\/chapter\/10.1007\/978-3-319-43533-6_19\">https:\/\/link.springer.com\/chapter\/10.1007\/978-3-319-43533-6_19<\/a><\/p>\n\n\n\n<hr class=\"wp-block-separator has-alpha-channel-opacity\"\/>\n\n\n\n<p><strong>Christina Rajkovi\u0107<\/strong><\/p>\n\n\n\n<p>&#8220;E moj narode&#8221;. The interrelations of music and politics using the example of Marko Perkovi\u0107 Thompson (Master\u2019s Thesis)<\/p>\n\n\n\n<p>2018<\/p>\n\n\n\n<p><a href=\"https:\/\/unipub.uni-graz.at\/obvugrhs\/content\/titleinfo\/2492254\">https:\/\/unipub.uni-graz.at\/obvugrhs\/content\/titleinfo\/2492254<\/a><\/p>\n\n\n\n<hr class=\"wp-block-separator has-alpha-channel-opacity\"\/>\n\n\n\n<p><strong>Dora Udovi\u010di\u0107<\/strong><\/p>\n\n\n\n<p>Popularne pjesme Thompsona: analiza izbora tekstova pjesama (zavr\u0161ni rad)<\/p>\n\n\n\n<p>2020.<\/p>\n\n\n\n<p><a href=\"https:\/\/dabar.srce.hr\/islandora\/object\/ffri%3A2375\">https:\/\/dabar.srce.hr\/islandora\/object\/ffri%3A2375<\/a><\/p>\n\n\n\n<hr class=\"wp-block-separator has-alpha-channel-opacity\"\/>\n\n\n\n<p><strong>Senna \u0160imek<\/strong><\/p>\n\n\n\n<p><em>Lijepa li si<\/em> &#8211; uloga glazbe Marka Perkovi\u0107a Thompsona u konstrukciji hrvatskog nacionalnog identiteta<\/p>\n\n\n\n<p>2022.<\/p>\n\n\n\n<p><a href=\"https:\/\/www.yihr.hr\/hr\/predstavljamo-publikaciju-jel-ovo-zemlja-za-sve-nas-zbornik-istrazivackih-clanaka-o-uzrocima-i-posljedicama-nacionalistickih-trendova-u-hrvatskoj\">https:\/\/www.yihr.hr\/hr\/predstavljamo-publikaciju-jel-ovo-zemlja-za-sve-nas-zbornik-istrazivackih-clanaka-o-uzrocima-i-posljedicama-nacionalistickih-trendova-u-hrvatskoj<\/a><\/p>\n\n\n\n<hr class=\"wp-block-separator has-alpha-channel-opacity\"\/>\n\n\n\n<p><strong>Kristina Vugdelija<\/strong><\/p>\n\n\n\n<p>Tvorba nacionalnih heroja u suvremenim kulturama sje\u0107anja u Hrvatskoj (doktorski rad)<\/p>\n\n\n\n<p>2023.<\/p>\n\n\n\n<p><a href=\"https:\/\/dr.nsk.hr\/islandora\/object\/ffzg%3A8203\">https:\/\/dr.nsk.hr\/islandora\/object\/ffzg%3A8203<\/a><\/p>\n\n\n\n<hr class=\"wp-block-separator has-alpha-channel-opacity\"\/>\n\n\n\n<p><strong>Filip \u010cabr\u00e1dek<\/strong><\/p>\n\n\n\n<p>Hudba a nacionalismus na p\u0159\u00edkladu Marka Perkovi\u0107e Thompsona v Chorvatsku<\/p>\n\n\n\n<p>Music and nationalism in the case of Marko Perkovi\u0107 Thompson in Croatia (diploma thesis)<\/p>\n\n\n\n<p>2024.<\/p>\n\n\n\n<p><a href=\"https:\/\/dspace.cuni.cz\/handle\/20.500.11956\/195054\">https:\/\/dspace.cuni.cz\/handle\/20.500.11956\/195054<\/a><\/p>\n\n\n\n<hr class=\"wp-block-separator has-alpha-channel-opacity\"\/>\n\n\n\n<p><strong>Karlo Mak<\/strong><\/p>\n\n\n\n<p>Ako ne zna\u0161 \u0161to je bilo ili o (ne)suo\u010davanju s pro\u0161lo\u0161\u0107u<\/p>\n\n\n\n<p>2025.<\/p>\n\n\n\n<p><a href=\"https:\/\/www.yihr.hr\/hr\/generacija-sada-ako-ne-znas-sto-je-bilo-ili-o-ne-suocavanju-s-prosloscu\">https:\/\/www.yihr.hr\/hr\/generacija-sada-ako-ne-znas-sto-je-bilo-ili-o-ne-suocavanju-s-prosloscu<\/a><\/p>\n\n\n\n<hr class=\"wp-block-separator has-alpha-channel-opacity\"\/>\n\n\n\n<p><strong>Miljenko Hajdarovi\u0107<\/strong><\/p>\n\n\n\n<p>Thompson, povijest i izazovi kriti\u010dkog mi\u0161ljenja u hrvatskom obrazovanju<\/p>\n\n\n\n<p>\u0160to ako va\u0161i u\u010denici ne vide problem? Banalnost zla u hrvatskom dru\u0161tvu<\/p>\n\n\n\n<p>2025.<\/p>\n\n\n\n<figure class=\"wp-block-embed is-type-wp-embed is-provider-clionaut-akademija wp-block-embed-clionaut-akademija\"><div class=\"wp-block-embed__wrapper\">\n<blockquote class=\"wp-embedded-content\" data-secret=\"Q5gS5K8Ji4\"><a href=\"https:\/\/povijest.net\/ca\/2025\/thompson-povijest-i-izazovi-kritickog-misljenja-u-hrvatskom-obrazovanju\/\">Thompson, povijest i izazovi kriti\u010dkog mi\u0161ljenja u hrvatskom obrazovanju<\/a><\/blockquote><iframe loading=\"lazy\" class=\"wp-embedded-content\" sandbox=\"allow-scripts\" security=\"restricted\" style=\"position: absolute; visibility: hidden;\" title=\"&#8220;Thompson, povijest i izazovi kriti\u010dkog mi\u0161ljenja u hrvatskom obrazovanju&#8221; &#8212; ClioNaut Akademija\" src=\"https:\/\/povijest.net\/ca\/2025\/thompson-povijest-i-izazovi-kritickog-misljenja-u-hrvatskom-obrazovanju\/embed\/#?secret=sKw9OwpytO#?secret=Q5gS5K8Ji4\" data-secret=\"Q5gS5K8Ji4\" width=\"600\" height=\"338\" frameborder=\"0\" marginwidth=\"0\" marginheight=\"0\" scrolling=\"no\"><\/iframe>\n<\/div><\/figure>\n\n\n\n<figure class=\"wp-block-embed is-type-wp-embed is-provider-clionaut-akademija wp-block-embed-clionaut-akademija\"><div class=\"wp-block-embed__wrapper\">\n<blockquote class=\"wp-embedded-content\" data-secret=\"4mlLMFtiSP\"><a href=\"https:\/\/povijest.net\/ca\/2025\/sto-ako-vasi-ucenici-ne-vide-problem-banalnost-zla-u-hrvatskom-drustvu\/\">\u0160to ako va\u0161i u\u010denici ne vide problem? Banalnost zla u hrvatskom dru\u0161tvu<\/a><\/blockquote><iframe loading=\"lazy\" class=\"wp-embedded-content\" sandbox=\"allow-scripts\" security=\"restricted\" style=\"position: absolute; visibility: hidden;\" title=\"&#8220;\u0160to ako va\u0161i u\u010denici ne vide problem? Banalnost zla u hrvatskom dru\u0161tvu&#8221; &#8212; ClioNaut Akademija\" src=\"https:\/\/povijest.net\/ca\/2025\/sto-ako-vasi-ucenici-ne-vide-problem-banalnost-zla-u-hrvatskom-drustvu\/embed\/#?secret=xiinJq0nK7#?secret=4mlLMFtiSP\" data-secret=\"4mlLMFtiSP\" width=\"600\" height=\"338\" frameborder=\"0\" marginwidth=\"0\" marginheight=\"0\" scrolling=\"no\"><\/iframe>\n<\/div><\/figure>\n\n\n\n<hr class=\"wp-block-separator has-alpha-channel-opacity\"\/>\n","protected":false},"excerpt":{"rendered":"","protected":false},"author":2,"featured_media":47228,"comment_status":"open","ping_status":"open","sticky":false,"template":"","format":"standard","meta":{"_acf_changed":false,"jetpack_post_was_ever_published":false,"_jetpack_newsletter_access":"","_jetpack_dont_email_post_to_subs":false,"_jetpack_newsletter_tier_id":0,"_jetpack_memberships_contains_paywalled_content":false,"_jetpack_memberships_contains_paid_content":false,"footnotes":"","jetpack_publicize_message":"","jetpack_publicize_feature_enabled":true,"jetpack_social_post_already_shared":true,"jetpack_social_options":{"image_generator_settings":{"template":"highway","default_image_id":0,"font":"","enabled":false},"version":2}},"categories":[3,17],"tags":[],"class_list":["post-47227","post","type-post","status-publish","format-standard","has-post-thumbnail","hentry","category-novosti","category-rasprave"],"acf":{"facebook_opis":""},"jetpack_publicize_connections":[],"jetpack_featured_media_url":"https:\/\/i0.wp.com\/historiografija.hr\/wp-content\/uploads\/2025\/07\/Thompson_koncert.png?fit=600%2C400&ssl=1","jetpack_sharing_enabled":true,"jetpack-related-posts":[{"id":52502,"url":"https:\/\/historiografija.hr\/?p=52502","url_meta":{"origin":47227,"position":0},"title":"Novi znanstveni projekt Hrvatskog instituta za povijest: \u201c\u017drtve ratova i dr\u017eavnog\/politi\u010dkog nasilja u hrvatskoj povijesti 20. stolje\u0107a\u201d","author":"Branimir Jankovi\u0107","date":"17. travnja 2026.","format":false,"excerpt":"Na redovitoj sjednici Vlade RH, 16. travnja 2026., donijet je Zaklju\u010dak kojim se pokre\u0107e znanstveni projekt \u201c\u017drtve ratova i dr\u017eavnog\/politi\u010dkog nasilja u hrvatskoj povijesti 20. stolje\u0107a\u201d. Projekt \u0107e provoditi i koordinirati Hrvatski institut za povijest u razdoblju trajanja projekta od pet godina. Zakljucak Vlade RH Iz teksta projektnog prijedloga: Problematika\u2026","rel":"","context":"U &quot;Novosti&quot;","block_context":{"text":"Novosti","link":"https:\/\/historiografija.hr\/?cat=3"},"img":{"alt_text":"","src":"https:\/\/i0.wp.com\/historiografija.hr\/wp-content\/uploads\/2026\/04\/Vlada-RH.jpg?fit=1200%2C557&ssl=1&resize=350%2C200","width":350,"height":200,"srcset":"https:\/\/i0.wp.com\/historiografija.hr\/wp-content\/uploads\/2026\/04\/Vlada-RH.jpg?fit=1200%2C557&ssl=1&resize=350%2C200 1x, https:\/\/i0.wp.com\/historiografija.hr\/wp-content\/uploads\/2026\/04\/Vlada-RH.jpg?fit=1200%2C557&ssl=1&resize=525%2C300 1.5x, https:\/\/i0.wp.com\/historiografija.hr\/wp-content\/uploads\/2026\/04\/Vlada-RH.jpg?fit=1200%2C557&ssl=1&resize=700%2C400 2x, https:\/\/i0.wp.com\/historiografija.hr\/wp-content\/uploads\/2026\/04\/Vlada-RH.jpg?fit=1200%2C557&ssl=1&resize=1050%2C600 3x"},"classes":[]},{"id":52508,"url":"https:\/\/historiografija.hr\/?p=52508","url_meta":{"origin":47227,"position":1},"title":"Glazbena radionica \u201eDUGMETARA REVISITED\u201c","author":"Branimir Jankovi\u0107","date":"17. travnja 2026.","format":false,"excerpt":"DUGMETARA REVISITED glazbena radionica vodi: Ana Horvat 13., 20. i 27. travnja, od 18 do 20 sati Radiona, Nova cesta 186 Na tri radioni\u010dka susreta uranjamo u naslje\u0111e Dugmetare, biv\u0161e tvornice dugmadi na Savskoj cesti koja je po\u010detkom 2000-ih igrom slu\u010daja postala \u017eivo, jedinstveno mjesto glazbene proizvodnje. Svoje su probe\u2026","rel":"","context":"U &quot;Novosti&quot;","block_context":{"text":"Novosti","link":"https:\/\/historiografija.hr\/?cat=3"},"img":{"alt_text":"","src":"https:\/\/i0.wp.com\/historiografija.hr\/wp-content\/uploads\/2026\/04\/TRESNJA_TRESTI.jpg?fit=380%2C475&ssl=1&resize=350%2C200","width":350,"height":200},"classes":[]},{"id":52575,"url":"https:\/\/historiografija.hr\/?p=52575","url_meta":{"origin":47227,"position":2},"title":"Izlo\u017eba dje\u010djih radova \u201cU po\u010detku bija\u0161e crte\u017e\u2026\u201d","author":"Branimir Jankovi\u0107","date":"21. travnja 2026.","format":false,"excerpt":"U subotu, 25. travnja 2026. u 11 sati u Galeriji Klovi\u0107evi dvori sve\u010dano otvaramo izlo\u017ebu dje\u010djih radova pod nazivom U po\u010detku bija\u0161e crte\u017e\u2026 Radovi su nastali u sklopu likovnih radionica uz izlo\u017ebu U po\u010detku bija\u0161e kraljevstvo \u2013 izlo\u017eba povodom 1100 godina Hrvatskoga Kraljevstva. Na brojnim likovnim radionicama, uz \u0161kolsku djecu,\u2026","rel":"","context":"U &quot;Izlo\u017ebe&quot;","block_context":{"text":"Izlo\u017ebe","link":"https:\/\/historiografija.hr\/?cat=10"},"img":{"alt_text":"","src":"https:\/\/i0.wp.com\/historiografija.hr\/wp-content\/uploads\/2025\/10\/Klovicevi_sluzbeni-plakat.png?fit=840%2C1200&ssl=1&resize=350%2C200","width":350,"height":200,"srcset":"https:\/\/i0.wp.com\/historiografija.hr\/wp-content\/uploads\/2025\/10\/Klovicevi_sluzbeni-plakat.png?fit=840%2C1200&ssl=1&resize=350%2C200 1x, https:\/\/i0.wp.com\/historiografija.hr\/wp-content\/uploads\/2025\/10\/Klovicevi_sluzbeni-plakat.png?fit=840%2C1200&ssl=1&resize=525%2C300 1.5x, https:\/\/i0.wp.com\/historiografija.hr\/wp-content\/uploads\/2025\/10\/Klovicevi_sluzbeni-plakat.png?fit=840%2C1200&ssl=1&resize=700%2C400 2x"},"classes":[]},{"id":52660,"url":"https:\/\/historiografija.hr\/?p=52660","url_meta":{"origin":47227,"position":3},"title":"Medijski odjeci \u010dlanka Steve \u0110ura\u0161kovi\u0107a \u201e\u017dupanovljeva ne\u017eeljena djeca: ideolo\u0161ko pribli\u017eavanje neoliberala i kr\u0161\u0107anske radikalne desnice u Hrvatskoj\u201c","author":"Branimir Jankovi\u0107","date":"24. travnja 2026.","format":false,"excerpt":"U sklopu projekta \u201eIzazovi intelektualne povijesti: recepcije, preobrazbe i upotrebe politi\u010dkih ideja\u201c objavljen je polemi\u010dki \u010dlanak Steve \u0110ura\u0161kovi\u0107a \u201e\u017dupanovljeva ne\u017eeljena djeca: ideolo\u0161ko pribli\u017eavanje neoliberala i kr\u0161\u0107anske radikalne desnice u Hrvatskoj\u201c, koji je izazvao odre\u0111ene medijske reakcije. Stevo \u0110ura\u0161kovi\u0107 \u017dupanovljeva ne\u017eeljena djeca: ideolo\u0161ko pribli\u017eavanje neoliberala i kr\u0161\u0107anske radikalne desnice u Hrvatskoj\u2026","rel":"","context":"U &quot;Novosti&quot;","block_context":{"text":"Novosti","link":"https:\/\/historiografija.hr\/?cat=3"},"img":{"alt_text":"","src":"https:\/\/i0.wp.com\/historiografija.hr\/wp-content\/uploads\/2026\/04\/SD.png?fit=809%2C821&ssl=1&resize=350%2C200","width":350,"height":200,"srcset":"https:\/\/i0.wp.com\/historiografija.hr\/wp-content\/uploads\/2026\/04\/SD.png?fit=809%2C821&ssl=1&resize=350%2C200 1x, https:\/\/i0.wp.com\/historiografija.hr\/wp-content\/uploads\/2026\/04\/SD.png?fit=809%2C821&ssl=1&resize=525%2C300 1.5x, https:\/\/i0.wp.com\/historiografija.hr\/wp-content\/uploads\/2026\/04\/SD.png?fit=809%2C821&ssl=1&resize=700%2C400 2x"},"classes":[]},{"id":52499,"url":"https:\/\/historiografija.hr\/?p=52499","url_meta":{"origin":47227,"position":4},"title":"POTPISAN UGOVOR O ZNANSTVENO-ISTRA\u017dIVA\u010cKOJ SURADNJI: PROJEKT \u201eTEMELJI HRVATSKE SAMOSTALNOSTI\u201d","author":"Branimir Jankovi\u0107","date":"17. travnja 2026.","format":false,"excerpt":"Hrvatski institut za povijest, Sveu\u010dili\u0161te obrane i sigurnosti \u201eDr. Franjo Tu\u0111man\u201d, Institut dru\u0161tvenih znanosti Ivo Pilar i Hrvatski dr\u017eavni arhiv\u00a0potpisali su 23. o\u017eujka 2026.\u00a0Ugovor o znanstveno-istra\u017eiva\u010dkoj suradnji s ciljem provedbe projekta \u201eTemelji hrvatske samostalnosti\u201d. Tim projektom obuhva\u0107a se istra\u017eivanje arhivskoga gradiva, priprema znanstvenih publikacija, digitalizacija i javna prezentacija rezultata istra\u017eivanja\u2026","rel":"","context":"U &quot;Novosti&quot;","block_context":{"text":"Novosti","link":"https:\/\/historiografija.hr\/?cat=3"},"img":{"alt_text":"","src":"https:\/\/i0.wp.com\/historiografija.hr\/wp-content\/uploads\/2026\/04\/THS_sporazum.jpg?fit=1200%2C583&ssl=1&resize=350%2C200","width":350,"height":200,"srcset":"https:\/\/i0.wp.com\/historiografija.hr\/wp-content\/uploads\/2026\/04\/THS_sporazum.jpg?fit=1200%2C583&ssl=1&resize=350%2C200 1x, https:\/\/i0.wp.com\/historiografija.hr\/wp-content\/uploads\/2026\/04\/THS_sporazum.jpg?fit=1200%2C583&ssl=1&resize=525%2C300 1.5x, https:\/\/i0.wp.com\/historiografija.hr\/wp-content\/uploads\/2026\/04\/THS_sporazum.jpg?fit=1200%2C583&ssl=1&resize=700%2C400 2x, https:\/\/i0.wp.com\/historiografija.hr\/wp-content\/uploads\/2026\/04\/THS_sporazum.jpg?fit=1200%2C583&ssl=1&resize=1050%2C600 3x"},"classes":[]},{"id":52573,"url":"https:\/\/historiografija.hr\/?p=52573","url_meta":{"origin":47227,"position":5},"title":"Znanstvena konferencija &#8220;Filozofija odgoja: povijest, praksa, perspektive&#8221;","author":"Branimir Jankovi\u0107","date":"21. travnja 2026.","format":false,"excerpt":"Znanstvena konferencija \"Filozofija odgoja: povijest, praksa, perspektive\" odr\u017eat \u0107e se 23. i 24. travnja 2026. u Konferencijskoj dvorani Knji\u017enice Filozofskog fakulteta u Zagrebu (2. kat).\u00a0Konferencija je organizirana u okviru projekta\u00a0SUMKOS (voditeljica prof. dr. sc. Ivana Zagorac, financiran\u00a0sredstvima NextGenerationEU), uz potporu Odsjeka za filozofiju.\u00a0 Uz izlaga\u010dki dio, konferencija obuhva\u0107a i izlo\u017ebu\u2026","rel":"","context":"U &quot;Novosti&quot;","block_context":{"text":"Novosti","link":"https:\/\/historiografija.hr\/?cat=3"},"img":{"alt_text":"","src":"","width":0,"height":0},"classes":[]}],"_links":{"self":[{"href":"https:\/\/historiografija.hr\/index.php?rest_route=\/wp\/v2\/posts\/47227","targetHints":{"allow":["GET"]}}],"collection":[{"href":"https:\/\/historiografija.hr\/index.php?rest_route=\/wp\/v2\/posts"}],"about":[{"href":"https:\/\/historiografija.hr\/index.php?rest_route=\/wp\/v2\/types\/post"}],"author":[{"embeddable":true,"href":"https:\/\/historiografija.hr\/index.php?rest_route=\/wp\/v2\/users\/2"}],"replies":[{"embeddable":true,"href":"https:\/\/historiografija.hr\/index.php?rest_route=%2Fwp%2Fv2%2Fcomments&post=47227"}],"version-history":[{"count":8,"href":"https:\/\/historiografija.hr\/index.php?rest_route=\/wp\/v2\/posts\/47227\/revisions"}],"predecessor-version":[{"id":47277,"href":"https:\/\/historiografija.hr\/index.php?rest_route=\/wp\/v2\/posts\/47227\/revisions\/47277"}],"wp:featuredmedia":[{"embeddable":true,"href":"https:\/\/historiografija.hr\/index.php?rest_route=\/wp\/v2\/media\/47228"}],"wp:attachment":[{"href":"https:\/\/historiografija.hr\/index.php?rest_route=%2Fwp%2Fv2%2Fmedia&parent=47227"}],"wp:term":[{"taxonomy":"category","embeddable":true,"href":"https:\/\/historiografija.hr\/index.php?rest_route=%2Fwp%2Fv2%2Fcategories&post=47227"},{"taxonomy":"post_tag","embeddable":true,"href":"https:\/\/historiografija.hr\/index.php?rest_route=%2Fwp%2Fv2%2Ftags&post=47227"}],"curies":[{"name":"wp","href":"https:\/\/api.w.org\/{rel}","templated":true}]}}