{"id":47208,"date":"2025-07-03T11:18:49","date_gmt":"2025-07-03T11:18:49","guid":{"rendered":"https:\/\/historiografija.hr\/?p=47208"},"modified":"2025-07-03T11:18:49","modified_gmt":"2025-07-03T11:18:49","slug":"izlozba-u-ime-svih-naroda-kcl-jasenovac-na-javnom-pretresu","status":"publish","type":"post","link":"https:\/\/historiografija.hr\/?p=47208","title":{"rendered":"Izlo\u017eba \u201cU ime svih naroda: KCL Jasenovac na javnom pretresu\u201d"},"content":{"rendered":"\n<p>U \u010detvrtak, 3. jula 2025. u 20 sati u Srpskom kulturnom centru u Zagrebu \/Preradovi\u0107eva 21\/ otvaramo izlo\u017ebu U IME SVIH NARODA: KCL Jasenovac na javnom pretresu.<\/p>\n\n\n\n<p>Rije\u010d je multimedijalnoj prezentaciji sudskog procesa, koji je po\u010deo 12. jula 1948. protiv 55 pripadnika usta\u0161kog i \u010detni\u010dkog pokreta, s naglaskom na \u0161estoricu optu\u017eenih, prete\u017eno za zlo\u010dine po\u010dinjene u KCL Jasenovac.<\/p>\n\n\n\n<p>Izlo\u017eba prikazuje svjedo\u010denja pre\u017eivjelih logora\u0161a i logora\u0161ica, te svjedo\u010denja pojedinih optu\u017eenika temeljem kojih je uspostavljen osnovni korpus tu\u017ebe i presude.<\/p>\n\n\n\n<p>Izlo\u017ebu \u201eU IME SVIH NARODA: KCL Jasenovac na javnom pretresu\u201d konceptualno su osmislili i istra\u017eiva\u010dki pripremili Danijela Kvesi\u0107 Stojanac, Nikola Ostoj\u010di\u0107, Nikola Puhari\u0107 i Aneta Vladimirov. Vizualno i prostorno oblikovanje potpisuju Ena Jurov, Ivona Cvitkovi\u0107 i Mirna Udov\u010di\u0107.&nbsp;<\/p>\n\n\n\n<p>Pozivamo Vas da nam se pridru\u017eite na otvorenju izlo\u017ebe koja ostaje otvorena do 6. augusta 2025. a koja svakako ne bi bila mogu\u0107a bez podr\u0161ke Ureda za ljudska prava i prava nacionalnih manjina Vlade RH.<\/p>\n\n\n\n<hr class=\"wp-block-separator has-alpha-channel-opacity\"\/>\n\n\n\n<p>Izvor:<\/p>\n\n\n\n<p><a href=\"https:\/\/snv.hr\/u-ime-svih-naroda-kcl-jasenovac-na-javnom-pretresu\">https:\/\/snv.hr\/u-ime-svih-naroda-kcl-jasenovac-na-javnom-pretresu<\/a><\/p>\n\n\n\n<hr class=\"wp-block-separator has-alpha-channel-opacity\"\/>\n","protected":false},"excerpt":{"rendered":"","protected":false},"author":2,"featured_media":47209,"comment_status":"open","ping_status":"open","sticky":false,"template":"","format":"standard","meta":{"_acf_changed":false,"jetpack_post_was_ever_published":false,"_jetpack_newsletter_access":"","_jetpack_dont_email_post_to_subs":false,"_jetpack_newsletter_tier_id":0,"_jetpack_memberships_contains_paywalled_content":false,"_jetpack_memberships_contains_paid_content":false,"footnotes":"","jetpack_publicize_message":"","jetpack_publicize_feature_enabled":true,"jetpack_social_post_already_shared":true,"jetpack_social_options":{"image_generator_settings":{"template":"highway","default_image_id":0,"font":"","enabled":false},"version":2}},"categories":[10,3],"tags":[],"class_list":["post-47208","post","type-post","status-publish","format-standard","has-post-thumbnail","hentry","category-izlozbe","category-novosti"],"acf":{"facebook_opis":""},"jetpack_publicize_connections":[],"jetpack_featured_media_url":"https:\/\/i0.wp.com\/historiografija.hr\/wp-content\/uploads\/2025\/07\/Na-narodnom-sudu.png?fit=1024%2C634&ssl=1","jetpack_sharing_enabled":true,"jetpack-related-posts":[],"_links":{"self":[{"href":"https:\/\/historiografija.hr\/index.php?rest_route=\/wp\/v2\/posts\/47208","targetHints":{"allow":["GET"]}}],"collection":[{"href":"https:\/\/historiografija.hr\/index.php?rest_route=\/wp\/v2\/posts"}],"about":[{"href":"https:\/\/historiografija.hr\/index.php?rest_route=\/wp\/v2\/types\/post"}],"author":[{"embeddable":true,"href":"https:\/\/historiografija.hr\/index.php?rest_route=\/wp\/v2\/users\/2"}],"replies":[{"embeddable":true,"href":"https:\/\/historiografija.hr\/index.php?rest_route=%2Fwp%2Fv2%2Fcomments&post=47208"}],"version-history":[{"count":1,"href":"https:\/\/historiografija.hr\/index.php?rest_route=\/wp\/v2\/posts\/47208\/revisions"}],"predecessor-version":[{"id":47210,"href":"https:\/\/historiografija.hr\/index.php?rest_route=\/wp\/v2\/posts\/47208\/revisions\/47210"}],"wp:featuredmedia":[{"embeddable":true,"href":"https:\/\/historiografija.hr\/index.php?rest_route=\/wp\/v2\/media\/47209"}],"wp:attachment":[{"href":"https:\/\/historiografija.hr\/index.php?rest_route=%2Fwp%2Fv2%2Fmedia&parent=47208"}],"wp:term":[{"taxonomy":"category","embeddable":true,"href":"https:\/\/historiografija.hr\/index.php?rest_route=%2Fwp%2Fv2%2Fcategories&post=47208"},{"taxonomy":"post_tag","embeddable":true,"href":"https:\/\/historiografija.hr\/index.php?rest_route=%2Fwp%2Fv2%2Ftags&post=47208"}],"curies":[{"name":"wp","href":"https:\/\/api.w.org\/{rel}","templated":true}]}}