{"id":47200,"date":"2025-07-03T11:02:46","date_gmt":"2025-07-03T11:02:46","guid":{"rendered":"https:\/\/historiografija.hr\/?p=47200"},"modified":"2025-07-03T11:06:43","modified_gmt":"2025-07-03T11:06:43","slug":"odrzano-komemorativno-bogosluzje-povodom-80-obljetnice-ubojstva-biskupa-philippa-poppa","status":"publish","type":"post","link":"https:\/\/historiografija.hr\/?p=47200","title":{"rendered":"Odr\u017eano komemorativno bogoslu\u017eje povodom 80. obljetnice ubojstva biskupa Philippa Poppa"},"content":{"rendered":"\n<p>U nedjelju, 29. lipnja 2025., u zagreba\u010dkom parku Maksimir odr\u017eano je komemorativno bogoslu\u017eje u povodu 80. obljetnice ubojstva evangeli\u010dkog biskupa Philippa Poppa (1893.-1945). Park Maksimir odabran je kao mjesto sje\u0107anja jer se, prema dostupnim informacijama, vjeruje da je biskup Popp upravo ondje pogubljen u no\u0107i s 29. na 30. lipnja 1945., te da je na podru\u010dju parka i pokopan. Bogoslu\u017eje je organizirala Hrvatska protestantska konferencija, a predvodili su ga biskup Protestantske reformirane kr\u0161\u0107anske crkve u Hrvatskoj Jasmin Mili\u0107 te senior Evangeli\u010dke metodisti\u010dke crkve u Hrvatskoj Vatroslav \u017dupan\u010di\u0107.<\/p>\n\n\n\n<hr class=\"wp-block-separator has-alpha-channel-opacity\"\/>\n\n\n\n<p>Izvor i dodatne obavijesti:<\/p>\n\n\n\n<figure class=\"wp-block-embed is-type-wp-embed is-provider-horizonti-vjere wp-block-embed-horizonti-vjere\"><div class=\"wp-block-embed__wrapper\">\n<blockquote class=\"wp-embedded-content\" data-secret=\"XeMaOxCDd4\"><a href=\"https:\/\/horizontivjere.com\/2025\/06\/29\/komemorativno-bogosluzje\/\">Odr\u017eano komemorativno bogoslu\u017eje povodom 80. obljetnice ubojstva biskupa Philippa Poppa<\/a><\/blockquote><iframe loading=\"lazy\" class=\"wp-embedded-content\" sandbox=\"allow-scripts\" security=\"restricted\" style=\"position: absolute; visibility: hidden;\" title=\"&#8220;Odr\u017eano komemorativno bogoslu\u017eje povodom 80. obljetnice ubojstva biskupa Philippa Poppa&#8221; &#8212; Horizonti vjere\" src=\"https:\/\/horizontivjere.com\/2025\/06\/29\/komemorativno-bogosluzje\/embed\/#?secret=xTC80nVKJk#?secret=XeMaOxCDd4\" data-secret=\"XeMaOxCDd4\" width=\"600\" height=\"338\" frameborder=\"0\" marginwidth=\"0\" marginheight=\"0\" scrolling=\"no\"><\/iframe>\n<\/div><\/figure>\n\n\n\n<hr class=\"wp-block-separator has-alpha-channel-opacity\"\/>\n","protected":false},"excerpt":{"rendered":"","protected":false},"author":2,"featured_media":47203,"comment_status":"open","ping_status":"open","sticky":false,"template":"","format":"standard","meta":{"_acf_changed":false,"jetpack_post_was_ever_published":false,"_jetpack_newsletter_access":"","_jetpack_dont_email_post_to_subs":false,"_jetpack_newsletter_tier_id":0,"_jetpack_memberships_contains_paywalled_content":false,"_jetpack_memberships_contains_paid_content":false,"footnotes":"","jetpack_publicize_message":"","jetpack_publicize_feature_enabled":true,"jetpack_social_post_already_shared":true,"jetpack_social_options":{"image_generator_settings":{"template":"highway","default_image_id":0,"font":"","enabled":false},"version":2}},"categories":[3],"tags":[],"class_list":["post-47200","post","type-post","status-publish","format-standard","has-post-thumbnail","hentry","category-novosti"],"acf":{"facebook_opis":""},"jetpack_publicize_connections":[],"jetpack_featured_media_url":"https:\/\/i0.wp.com\/historiografija.hr\/wp-content\/uploads\/2025\/07\/Biskup_Popp.jpeg?fit=1152%2C664&ssl=1","jetpack_sharing_enabled":true,"jetpack-related-posts":[],"_links":{"self":[{"href":"https:\/\/historiografija.hr\/index.php?rest_route=\/wp\/v2\/posts\/47200","targetHints":{"allow":["GET"]}}],"collection":[{"href":"https:\/\/historiografija.hr\/index.php?rest_route=\/wp\/v2\/posts"}],"about":[{"href":"https:\/\/historiografija.hr\/index.php?rest_route=\/wp\/v2\/types\/post"}],"author":[{"embeddable":true,"href":"https:\/\/historiografija.hr\/index.php?rest_route=\/wp\/v2\/users\/2"}],"replies":[{"embeddable":true,"href":"https:\/\/historiografija.hr\/index.php?rest_route=%2Fwp%2Fv2%2Fcomments&post=47200"}],"version-history":[{"count":2,"href":"https:\/\/historiografija.hr\/index.php?rest_route=\/wp\/v2\/posts\/47200\/revisions"}],"predecessor-version":[{"id":47204,"href":"https:\/\/historiografija.hr\/index.php?rest_route=\/wp\/v2\/posts\/47200\/revisions\/47204"}],"wp:featuredmedia":[{"embeddable":true,"href":"https:\/\/historiografija.hr\/index.php?rest_route=\/wp\/v2\/media\/47203"}],"wp:attachment":[{"href":"https:\/\/historiografija.hr\/index.php?rest_route=%2Fwp%2Fv2%2Fmedia&parent=47200"}],"wp:term":[{"taxonomy":"category","embeddable":true,"href":"https:\/\/historiografija.hr\/index.php?rest_route=%2Fwp%2Fv2%2Fcategories&post=47200"},{"taxonomy":"post_tag","embeddable":true,"href":"https:\/\/historiografija.hr\/index.php?rest_route=%2Fwp%2Fv2%2Ftags&post=47200"}],"curies":[{"name":"wp","href":"https:\/\/api.w.org\/{rel}","templated":true}]}}