{"id":47194,"date":"2025-07-02T21:45:41","date_gmt":"2025-07-02T21:45:41","guid":{"rendered":"https:\/\/historiografija.hr\/?p=47194"},"modified":"2025-07-03T07:01:39","modified_gmt":"2025-07-03T07:01:39","slug":"crofacta-je-li-bogoljub-kocovic-procjenjivao-broj-jasenovackih-zrtava","status":"publish","type":"post","link":"https:\/\/historiografija.hr\/?p=47194","title":{"rendered":"CroFacta: Je li Bogoljub Ko\u010dovi\u0107 procjenjivao broj jasenova\u010dkih \u017ertava?"},"content":{"rendered":"\n<p>Na digitalnoj platformi CroFacta objavljen je 2. 7. 2025. prilog Vladimira Geigera \u201eJe li Bogoljub Ko\u010dovi\u0107 procjenjivao broj jasenova\u010dkih \u017ertava?\u201d<\/p>\n\n\n\n<hr class=\"wp-block-separator has-alpha-channel-opacity\"\/>\n\n\n\n<p>Prilog je dostupan na sljede\u0107oj poveznici:<\/p>\n\n\n\n<p><a href=\"https:\/\/crofacta.hr\/objave\/je-li-bogoljub-kocovic-procjenjivao-broj-jasenovackih-zrtava\">https:\/\/crofacta.hr\/objave\/je-li-bogoljub-kocovic-procjenjivao-broj-jasenovackih-zrtava<\/a><\/p>\n\n\n\n<hr class=\"wp-block-separator has-alpha-channel-opacity\"\/>\n\n\n\n<p>Prilog je objavljen i na poveznici:<\/p>\n\n\n\n<p><a href=\"https:\/\/www.tocnotako.hr\/clanak\/Je-li-Bogoljub-Kocovic-procjenjivao-broj-jasenovackih-zrtava_CroFacta\/1818\">https:\/\/www.tocnotako.hr\/clanak\/Je-li-Bogoljub-Kocovic-procjenjivao-broj-jasenovackih-zrtava_CroFacta\/1818<\/a><\/p>\n\n\n\n<hr class=\"wp-block-separator has-alpha-channel-opacity\"\/>\n\n\n\n<p>Zainteresirane \u010ditatelje upu\u0107ujemo na jo\u0161 jedan \u010dlanak o s time povezanoj problematici:<\/p>\n\n\n\n<p><a href=\"https:\/\/hrcak.srce.hr\/clanak\/370830\">https:\/\/hrcak.srce.hr\/clanak\/370830<\/a><\/p>\n\n\n\n<hr class=\"wp-block-separator has-alpha-channel-opacity\"\/>\n","protected":false},"excerpt":{"rendered":"","protected":false},"author":2,"featured_media":41033,"comment_status":"open","ping_status":"open","sticky":false,"template":"","format":"standard","meta":{"_acf_changed":false,"jetpack_post_was_ever_published":false,"_jetpack_newsletter_access":"","_jetpack_dont_email_post_to_subs":false,"_jetpack_newsletter_tier_id":0,"_jetpack_memberships_contains_paywalled_content":false,"_jetpack_memberships_contains_paid_content":false,"footnotes":"","jetpack_publicize_message":"","jetpack_publicize_feature_enabled":true,"jetpack_social_post_already_shared":true,"jetpack_social_options":{"image_generator_settings":{"template":"highway","default_image_id":0,"font":"","enabled":false},"version":2}},"categories":[3],"tags":[],"class_list":["post-47194","post","type-post","status-publish","format-standard","has-post-thumbnail","hentry","category-novosti"],"acf":{"facebook_opis":""},"jetpack_publicize_connections":[],"jetpack_featured_media_url":"https:\/\/i0.wp.com\/historiografija.hr\/wp-content\/uploads\/2024\/05\/CroFacta-logo.jpg?fit=1024%2C512&ssl=1","jetpack_sharing_enabled":true,"jetpack-related-posts":[],"_links":{"self":[{"href":"https:\/\/historiografija.hr\/index.php?rest_route=\/wp\/v2\/posts\/47194","targetHints":{"allow":["GET"]}}],"collection":[{"href":"https:\/\/historiografija.hr\/index.php?rest_route=\/wp\/v2\/posts"}],"about":[{"href":"https:\/\/historiografija.hr\/index.php?rest_route=\/wp\/v2\/types\/post"}],"author":[{"embeddable":true,"href":"https:\/\/historiografija.hr\/index.php?rest_route=\/wp\/v2\/users\/2"}],"replies":[{"embeddable":true,"href":"https:\/\/historiografija.hr\/index.php?rest_route=%2Fwp%2Fv2%2Fcomments&post=47194"}],"version-history":[{"count":2,"href":"https:\/\/historiografija.hr\/index.php?rest_route=\/wp\/v2\/posts\/47194\/revisions"}],"predecessor-version":[{"id":47199,"href":"https:\/\/historiografija.hr\/index.php?rest_route=\/wp\/v2\/posts\/47194\/revisions\/47199"}],"wp:featuredmedia":[{"embeddable":true,"href":"https:\/\/historiografija.hr\/index.php?rest_route=\/wp\/v2\/media\/41033"}],"wp:attachment":[{"href":"https:\/\/historiografija.hr\/index.php?rest_route=%2Fwp%2Fv2%2Fmedia&parent=47194"}],"wp:term":[{"taxonomy":"category","embeddable":true,"href":"https:\/\/historiografija.hr\/index.php?rest_route=%2Fwp%2Fv2%2Fcategories&post=47194"},{"taxonomy":"post_tag","embeddable":true,"href":"https:\/\/historiografija.hr\/index.php?rest_route=%2Fwp%2Fv2%2Ftags&post=47194"}],"curies":[{"name":"wp","href":"https:\/\/api.w.org\/{rel}","templated":true}]}}