{"id":47185,"date":"2025-07-02T21:19:22","date_gmt":"2025-07-02T21:19:22","guid":{"rendered":"https:\/\/historiografija.hr\/?p=47185"},"modified":"2025-07-09T19:08:24","modified_gmt":"2025-07-09T19:08:24","slug":"drzavni-strucni-skup-kralj-tomislav-i-historiografija-100-godina-poslije-na-hrvatskom-katolickom-sveucilistu","status":"publish","type":"post","link":"https:\/\/historiografija.hr\/?p=47185","title":{"rendered":"Dr\u017eavni stru\u010dni skup &#8220;Kralj Tomislav i historiografija \u2013 100 godina poslije&#8221; na Hrvatskom katoli\u010dkom sveu\u010dili\u0161tu"},"content":{"rendered":"\n<p>Na Hrvatskom katoli\u010dkom sveu\u010dili\u0161tu 1. i 2. srpnja 2025. odr\u017eavao se dr\u017eavni stru\u010dni skup <em>Kralj Tomislav i historiografija \u2013 (1)100 godina poslije<\/em>, u organizaciji Sveu\u010dili\u0161ta i Agencije za odgoj i obrazovanje.<\/p>\n\n\n\n<p>Program je zapo\u010deo uvodnim obra\u0107anjem prof. dr. sc. Ante Crn\u010devi\u0107a, prorektora za kvalitetu, identitet i poslanje HKS-a i mr. sc. Katarine Milkovi\u0107, ravnateljice Agencije za odgoj i obrazovanje.<\/p>\n\n\n\n<p>Prijepodnevni dio prvog dana skupa slijedio je niz znanstvenih izlaganja: dr. sc. Ante Birin s Hrvatskog instituta za povijest govorio je o prikazu Hrvatske i kralja Tomislava u povijesnim izvorima, a dr. sc. Tomislav Galovi\u0107 s Filozofskog fakulteta u Zagrebu analizirao je splitske crkvene sabore 10. stolje\u0107a i njihovu vezu s hrvatskim glagolja\u0161tvom. Veronika Novoselac, mag. hist., s HKS-a, predstavila je na\u010dine prikaza kralja Tomislava kao mjesta kolektivnog sje\u0107anja u nastavi povijesti.<\/p>\n\n\n\n<p>U poslijepodnevnom dijelu prvog dana odr\u017eane su radionice u znaku \u0161kolskog projekta \u201e1100. obljetnica hrvatskog kraljevstva\u201c. Tematsku radionicu o \u0161kolskom projektu vodili su mr. sc. Daniel Boge\u0161i\u0107 i Orijana Paus, prof. iz Pazinskog kolegija \u2013 klasi\u010dne gimnazije, o viziji i rekonstrukciji krune kralja Tomislava predavala je dr. art. Mirjana Drempeti\u0107-Han\u017ei\u0107 iz \u0160kole za umjetnost, dizajn, grafiku i odje\u0107u Zabok, dok je Danijela \u0160tefan, prof. iz O\u0160 Grigora Viteza u Poljani, predstavila glagoljicu kao vrijednu ba\u0161tina i kulturnu tekovinu hrvatske povijesti.<\/p>\n\n\n\n<p>Drugog dana skupa, prof. dr. sc. Zrinka Nikoli\u0107 Jakus s Filozofskog fakulteta Sveu\u010dili\u0161ta u Zagrebu tuma\u010dila je \u010dlanke crkvenog sabora iz 925. , a prof. dr. sc. Ivan Majnari\u0107 s HKS-a govorio je o poziciji kralja Tomislava izme\u0111u predmoderne i moderne nacije. Prof. dr. sc. Hrvoje Gra\u010danin sa zagreba\u010dkog Filozofskog fakulteta analizirao je ranonovovjekovne poglede na kralja Tomislava, dok je dr. sc. Mario Jareb s Hrvatskog instituta za povijest donio pregled obilje\u017eavanja tisu\u0107ite obljetnice Hrvatskoga kraljevstva 1925.<\/p>\n\n\n\n<p>U zavr\u0161nom dijelu skupa odr\u017eavane su radionice s temama poput pisanja glagoljicom i pitanja izgubljene krune kralja Tomislava, koje su vodili prof. Valerija Jakupec Zvonar (O\u0160 Petra Preradovi\u0107a, Pitoma\u010da), prof. Andi Pekica (\u0160kola primijenjenih umjetnosti i dizajna Pula) te dr. sc. Igor Jovanovi\u0107 (O\u0160 Veli Vrh, Pula).&nbsp;<\/p>\n\n\n\n<hr class=\"wp-block-separator has-alpha-channel-opacity\"\/>\n\n\n\n<p>Izvor i fotogalerija:<\/p>\n\n\n\n<p><a href=\"https:\/\/www.unicath.hr\/novosti\/drzavni-strucni-skup-kralj-tomislav-i-historiografija-100-godina-poslije-na-hrvatskom\">https:\/\/www.unicath.hr\/novosti\/drzavni-strucni-skup-kralj-tomislav-i-historiografija-100-godina-poslije-na-hrvatskom<\/a><\/p>\n\n\n\n<hr class=\"wp-block-separator has-alpha-channel-opacity\"\/>\n\n\n\n<div data-wp-interactive=\"core\/file\" class=\"wp-block-file\"><object data-wp-bind--hidden=\"!state.hasPdfPreview\" hidden class=\"wp-block-file__embed\" data=\"https:\/\/historiografija.hr\/wp-content\/uploads\/2025\/07\/Program.pdf\" type=\"application\/pdf\" style=\"width:100%;height:600px\" aria-label=\"Ugra\u0111eno Program.\"><\/object><a id=\"wp-block-file--media-37e07d5f-8565-482a-97cc-09d671bb113d\" href=\"https:\/\/historiografija.hr\/wp-content\/uploads\/2025\/07\/Program.pdf\">Program<\/a><a href=\"https:\/\/historiografija.hr\/wp-content\/uploads\/2025\/07\/Program.pdf\" class=\"wp-block-file__button wp-element-button\" download aria-describedby=\"wp-block-file--media-37e07d5f-8565-482a-97cc-09d671bb113d\">Preuzmi<\/a><\/div>\n\n\n\n<hr class=\"wp-block-separator has-alpha-channel-opacity\"\/>\n\n\n\n<p>Osvrt:<\/p>\n\n\n\n<figure class=\"wp-block-embed is-type-wp-embed is-provider-povcast wp-block-embed-povcast\"><div class=\"wp-block-embed__wrapper\">\n<blockquote class=\"wp-embedded-content\" data-secret=\"eG5i6kq0Ka\"><a href=\"https:\/\/povcast.ffzg.unizg.hr\/kralj-tomislav-i-historiografija-1100-godina-poslije-strucno-znanstveni-skup-za-ucitelje-i-nastavnike\/\">Kralj Tomislav i historiografija (1)100 godina poslije: stru\u010dno-znanstveni skup za u\u010ditelje i nastavnike<\/a><\/blockquote><iframe loading=\"lazy\" class=\"wp-embedded-content\" sandbox=\"allow-scripts\" security=\"restricted\" style=\"position: absolute; visibility: hidden;\" title=\"&#8220;Kralj Tomislav i historiografija (1)100 godina poslije: stru\u010dno-znanstveni skup za u\u010ditelje i nastavnike&#8221; &#8212; Povcast\" src=\"https:\/\/povcast.ffzg.unizg.hr\/kralj-tomislav-i-historiografija-1100-godina-poslije-strucno-znanstveni-skup-za-ucitelje-i-nastavnike\/embed\/#?secret=QOJUPkoFke#?secret=eG5i6kq0Ka\" data-secret=\"eG5i6kq0Ka\" width=\"600\" height=\"338\" frameborder=\"0\" marginwidth=\"0\" marginheight=\"0\" scrolling=\"no\"><\/iframe>\n<\/div><\/figure>\n\n\n\n<hr class=\"wp-block-separator has-alpha-channel-opacity\"\/>\n","protected":false},"excerpt":{"rendered":"","protected":false},"author":2,"featured_media":47187,"comment_status":"open","ping_status":"open","sticky":false,"template":"","format":"standard","meta":{"_acf_changed":false,"jetpack_post_was_ever_published":false,"_jetpack_newsletter_access":"","_jetpack_dont_email_post_to_subs":false,"_jetpack_newsletter_tier_id":0,"_jetpack_memberships_contains_paywalled_content":false,"_jetpack_memberships_contains_paid_content":false,"footnotes":"","jetpack_publicize_message":"","jetpack_publicize_feature_enabled":true,"jetpack_social_post_already_shared":true,"jetpack_social_options":{"image_generator_settings":{"template":"highway","default_image_id":0,"font":"","enabled":false},"version":2}},"categories":[3,9],"tags":[],"class_list":["post-47185","post","type-post","status-publish","format-standard","has-post-thumbnail","hentry","category-novosti","category-skupovi"],"acf":{"facebook_opis":""},"jetpack_publicize_connections":[],"jetpack_featured_media_url":"https:\/\/i0.wp.com\/historiografija.hr\/wp-content\/uploads\/2025\/07\/Drzavni-strucni-skup-scaled.jpeg?fit=2560%2C1440&ssl=1","jetpack_sharing_enabled":true,"jetpack-related-posts":[],"_links":{"self":[{"href":"https:\/\/historiografija.hr\/index.php?rest_route=\/wp\/v2\/posts\/47185","targetHints":{"allow":["GET"]}}],"collection":[{"href":"https:\/\/historiografija.hr\/index.php?rest_route=\/wp\/v2\/posts"}],"about":[{"href":"https:\/\/historiografija.hr\/index.php?rest_route=\/wp\/v2\/types\/post"}],"author":[{"embeddable":true,"href":"https:\/\/historiografija.hr\/index.php?rest_route=\/wp\/v2\/users\/2"}],"replies":[{"embeddable":true,"href":"https:\/\/historiografija.hr\/index.php?rest_route=%2Fwp%2Fv2%2Fcomments&post=47185"}],"version-history":[{"count":3,"href":"https:\/\/historiografija.hr\/index.php?rest_route=\/wp\/v2\/posts\/47185\/revisions"}],"predecessor-version":[{"id":47318,"href":"https:\/\/historiografija.hr\/index.php?rest_route=\/wp\/v2\/posts\/47185\/revisions\/47318"}],"wp:featuredmedia":[{"embeddable":true,"href":"https:\/\/historiografija.hr\/index.php?rest_route=\/wp\/v2\/media\/47187"}],"wp:attachment":[{"href":"https:\/\/historiografija.hr\/index.php?rest_route=%2Fwp%2Fv2%2Fmedia&parent=47185"}],"wp:term":[{"taxonomy":"category","embeddable":true,"href":"https:\/\/historiografija.hr\/index.php?rest_route=%2Fwp%2Fv2%2Fcategories&post=47185"},{"taxonomy":"post_tag","embeddable":true,"href":"https:\/\/historiografija.hr\/index.php?rest_route=%2Fwp%2Fv2%2Ftags&post=47185"}],"curies":[{"name":"wp","href":"https:\/\/api.w.org\/{rel}","templated":true}]}}