{"id":47179,"date":"2025-07-02T20:54:08","date_gmt":"2025-07-02T20:54:08","guid":{"rendered":"https:\/\/historiografija.hr\/?p=47179"},"modified":"2025-07-07T13:13:21","modified_gmt":"2025-07-07T13:13:21","slug":"zagreb-classic-praizvedba-oratorija-anno-domini-925-kralj-tomislav","status":"publish","type":"post","link":"https:\/\/historiografija.hr\/?p=47179","title":{"rendered":"Zagreb Classic: Praizvedba oratorija \u201cAnno Domini 925. Kralj Tomislav\u201d"},"content":{"rendered":"\n<p>U srijedu, 2. srpnja 2025. u 21h u sklopu festivala Zagreb Classic na Trgu kralja Tomislava bit \u0107e praizveden oratorij \u201cAnno Domini 925. Kralj Tomislav\u201d.<\/p>\n\n\n\n<hr class=\"wp-block-separator has-alpha-channel-opacity\"\/>\n\n\n\n<p>\u201eTko je Tomislav? Prvi hrvatski kralj. Ovjen\u010dan pobjedama nad mo\u0107nim Bugarima i Ma\u0111arima, Papin saveznik i za\u0161titnik Crkve. Vladar vremena ma\u010da i vjere, epskih bitaka i velikih carstava. Na raskri\u017eju Istoka i Zapada, izme\u0111u Bizanta i Rima, u vrletima i neosvojivim planinskim utvrdama, ra\u0111a se legenda o mo\u0107nom hrvatskom&nbsp; vladaru. Povijesna figura koja je mudro iskoristila slabosti dvaju imperija, frana\u010dkog i bizantskog i utemeljila kraljevinu. Ispod svih titula i legendi, stolje\u0107ima zaogrnut pla\u0161tem ti\u0161ine, ostaje lik oko kojeg su se ispreplele pri\u010de, mitovi i narodna predaja.\u201c<\/p>\n\n\n\n<hr class=\"wp-block-separator has-alpha-channel-opacity\"\/>\n\n\n\n<p>Op\u0161irnije:<\/p>\n\n\n\n<figure class=\"wp-block-embed is-type-wp-embed is-provider-misao-hr wp-block-embed-misao-hr\"><div class=\"wp-block-embed__wrapper\">\n<blockquote class=\"wp-embedded-content\" data-secret=\"CAyuOerKcG\"><a href=\"https:\/\/misao.hr\/2025\/07\/02\/zavrsna-vecer-zagreb-classica-praizvedba-oratorija-mateja-mestrovica-posvecenog-kralju-tomislavu\/\">Zavr\u0161na ve\u010der Zagreb Classica: Praizvedba oratorija Mateja Me\u0161trovi\u0107a posve\u0107enog kralju Tomislavu<\/a><\/blockquote><iframe loading=\"lazy\" class=\"wp-embedded-content\" sandbox=\"allow-scripts\" security=\"restricted\" style=\"position: absolute; visibility: hidden;\" title=\"&#8220;Zavr\u0161na ve\u010der Zagreb Classica: Praizvedba oratorija Mateja Me\u0161trovi\u0107a posve\u0107enog kralju Tomislavu&#8221; &#8212; Misao.hr\" src=\"https:\/\/misao.hr\/2025\/07\/02\/zavrsna-vecer-zagreb-classica-praizvedba-oratorija-mateja-mestrovica-posvecenog-kralju-tomislavu\/embed\/#?secret=WNprtHjs4t#?secret=CAyuOerKcG\" data-secret=\"CAyuOerKcG\" width=\"600\" height=\"338\" frameborder=\"0\" marginwidth=\"0\" marginheight=\"0\" scrolling=\"no\"><\/iframe>\n<\/div><\/figure>\n\n\n\n<p><a href=\"https:\/\/www.infozagreb.hr\/hr\/dogadanja\/zagreb-classic\/anno-domini-925-kralj-tomislav-praizvedba\">https:\/\/www.infozagreb.hr\/hr\/dogadanja\/zagreb-classic\/anno-domini-925-kralj-tomislav-praizvedba<\/a><\/p>\n\n\n\n<p><a href=\"https:\/\/www.vecernji.hr\/kultura\/matej-mestrovic-citav-svijet-pratit-ce-prijenos-praizvedbe-kralja-tomislava-1873800\">https:\/\/www.vecernji.hr\/kultura\/matej-mestrovic-citav-svijet-pratit-ce-prijenos-praizvedbe-kralja-tomislava-1873800<\/a><\/p>\n\n\n\n<p><a href=\"https:\/\/www.hnk.hr\/hr\/koncert\/predstave\/anno-domini-925-kralj-tomislav-praizvedba\">https:\/\/www.hnk.hr\/hr\/koncert\/predstave\/anno-domini-925-kralj-tomislav-praizvedba<\/a><\/p>\n\n\n\n<p><a href=\"https:\/\/www.jutarnji.hr\/kultura\/glazba\/povodom-obiljezavanja-1100-obljetnice-krunidbe-prvog-hrvatskog-kralja-u-zagrebu-i-tomislavgradu-praizvedena-njime-nadahnuta-glazbena-djela-15601397?cx_linkref=jl_home_najnovije\">https:\/\/www.jutarnji.hr\/kultura\/glazba\/povodom-obiljezavanja-1100-obljetnice-krunidbe-prvog-hrvatskog-kralja-u-zagrebu-i-tomislavgradu-praizvedena-njime-nadahnuta-glazbena-djela-15601397<\/a><\/p>\n\n\n\n<hr class=\"wp-block-separator has-alpha-channel-opacity\"\/>\n","protected":false},"excerpt":{"rendered":"","protected":false},"author":2,"featured_media":47180,"comment_status":"open","ping_status":"open","sticky":false,"template":"","format":"standard","meta":{"_acf_changed":false,"jetpack_post_was_ever_published":false,"_jetpack_newsletter_access":"","_jetpack_dont_email_post_to_subs":false,"_jetpack_newsletter_tier_id":0,"_jetpack_memberships_contains_paywalled_content":false,"_jetpack_memberships_contains_paid_content":false,"footnotes":"","jetpack_publicize_message":"","jetpack_publicize_feature_enabled":true,"jetpack_social_post_already_shared":true,"jetpack_social_options":{"image_generator_settings":{"template":"highway","default_image_id":0,"font":"","enabled":false},"version":2}},"categories":[3],"tags":[],"class_list":["post-47179","post","type-post","status-publish","format-standard","has-post-thumbnail","hentry","category-novosti"],"acf":{"facebook_opis":""},"jetpack_publicize_connections":[],"jetpack_featured_media_url":"https:\/\/i0.wp.com\/historiografija.hr\/wp-content\/uploads\/2025\/07\/Oratorij.jpg?fit=1280%2C720&ssl=1","jetpack_sharing_enabled":true,"jetpack-related-posts":[],"_links":{"self":[{"href":"https:\/\/historiografija.hr\/index.php?rest_route=\/wp\/v2\/posts\/47179","targetHints":{"allow":["GET"]}}],"collection":[{"href":"https:\/\/historiografija.hr\/index.php?rest_route=\/wp\/v2\/posts"}],"about":[{"href":"https:\/\/historiografija.hr\/index.php?rest_route=\/wp\/v2\/types\/post"}],"author":[{"embeddable":true,"href":"https:\/\/historiografija.hr\/index.php?rest_route=\/wp\/v2\/users\/2"}],"replies":[{"embeddable":true,"href":"https:\/\/historiografija.hr\/index.php?rest_route=%2Fwp%2Fv2%2Fcomments&post=47179"}],"version-history":[{"count":2,"href":"https:\/\/historiografija.hr\/index.php?rest_route=\/wp\/v2\/posts\/47179\/revisions"}],"predecessor-version":[{"id":47278,"href":"https:\/\/historiografija.hr\/index.php?rest_route=\/wp\/v2\/posts\/47179\/revisions\/47278"}],"wp:featuredmedia":[{"embeddable":true,"href":"https:\/\/historiografija.hr\/index.php?rest_route=\/wp\/v2\/media\/47180"}],"wp:attachment":[{"href":"https:\/\/historiografija.hr\/index.php?rest_route=%2Fwp%2Fv2%2Fmedia&parent=47179"}],"wp:term":[{"taxonomy":"category","embeddable":true,"href":"https:\/\/historiografija.hr\/index.php?rest_route=%2Fwp%2Fv2%2Fcategories&post=47179"},{"taxonomy":"post_tag","embeddable":true,"href":"https:\/\/historiografija.hr\/index.php?rest_route=%2Fwp%2Fv2%2Ftags&post=47179"}],"curies":[{"name":"wp","href":"https:\/\/api.w.org\/{rel}","templated":true}]}}