{"id":47173,"date":"2025-07-01T14:13:50","date_gmt":"2025-07-01T14:13:50","guid":{"rendered":"https:\/\/historiografija.hr\/?p=47173"},"modified":"2025-07-01T14:13:50","modified_gmt":"2025-07-01T14:13:50","slug":"medunarodna-naucna-konferencija-srebrenica-30-godina-poslije-genocida-sjecanje-odgovornost-i-izazovi-negiranja-u-sarajevu","status":"publish","type":"post","link":"https:\/\/historiografija.hr\/?p=47173","title":{"rendered":"Me\u0111unarodna nau\u010dna konferencija \u201eSrebrenica 30 godina poslije genocida: sje\u0107anje, odgovornost i izazovi negiranja\u201c u Sarajevu"},"content":{"rendered":"\n<p><strong>U utorak, 01. jula, 2025. u 19 sati i 30 minuta u Vije\u0107nici uz direktan TV prijenos na BHT1, zvani\u010dno \u0107e biti otvorena nau\u010dna konferencija \u201eSrebrenica 30 godina poslije genocida: sje\u0107anje, odgovornost i izazovi negiranja\u201c u organizaciji Univerziteta u Sarajevu.<\/strong><\/p>\n\n\n\n<p>Konferencija \u0107e okupiti preko \u010detrdeset najistaknutijih nau\u010dnika i istra\u017eiva\u010da sa doma\u0107ih i svjetskih univerziteta \u2013 od SAD, preko Ruande do Australije.<\/p>\n\n\n\n<p>U\u010desnici i u\u010desnice \u0107e u srijedu, 02. jula kroz pet panel diskusija govoriti o genocidu iz razli\u010ditih perspektiva \u2013 od pravnih pitanja, geopoliti\u010dkih okolnosti i negiranja genocida, preko memorijalizacije i na\u010dina kako se o Srebrenici u\u010di u formalnom obrazovanju, do iscjeljivanja zajednice i razumijevanja transgeneracijskih trauma. Uvodna predavanja u Vije\u0107nici odr\u017eat \u0107e <strong>Emir Suljagi\u0107,<\/strong> direktor Memorijalnog centra Srebrenica I <strong>Henry Theriault<\/strong> (Worcester State University).<\/p>\n\n\n\n<p>Program konferencije je dostupan <a href=\"https:\/\/www.unsa.ba\/sites\/default\/files\/dodatak\/2025-06\/PROGRAM%20SREBRENICA%2030%20BHS.pdf\">ovdje<\/a><\/p>\n\n\n\n<hr class=\"wp-block-separator has-alpha-channel-opacity\"\/>\n\n\n\n<p>Preneseno s portala <strong>Historiografija.ba<\/strong>:<\/p>\n\n\n\n<p><a href=\"https:\/\/historiografija.ba\/historija-u-javnosti\/naucne-manifestacije\/konferencija-srebrenica-30-godina-poslije-genocida\">https:\/\/historiografija.ba\/historija-u-javnosti\/naucne-manifestacije\/konferencija-srebrenica-30-godina-poslije-genocida<\/a><\/p>\n\n\n\n<hr class=\"wp-block-separator has-alpha-channel-opacity\"\/>\n","protected":false},"excerpt":{"rendered":"","protected":false},"author":2,"featured_media":47174,"comment_status":"open","ping_status":"open","sticky":false,"template":"","format":"standard","meta":{"_acf_changed":false,"jetpack_post_was_ever_published":false,"_jetpack_newsletter_access":"","_jetpack_dont_email_post_to_subs":false,"_jetpack_newsletter_tier_id":0,"_jetpack_memberships_contains_paywalled_content":false,"_jetpack_memberships_contains_paid_content":false,"footnotes":"","jetpack_publicize_message":"","jetpack_publicize_feature_enabled":true,"jetpack_social_post_already_shared":true,"jetpack_social_options":{"image_generator_settings":{"template":"highway","default_image_id":0,"font":"","enabled":false},"version":2}},"categories":[3,9],"tags":[],"class_list":["post-47173","post","type-post","status-publish","format-standard","has-post-thumbnail","hentry","category-novosti","category-skupovi"],"acf":{"facebook_opis":""},"jetpack_publicize_connections":[],"jetpack_featured_media_url":"https:\/\/i0.wp.com\/historiografija.hr\/wp-content\/uploads\/2025\/07\/unsa-srebrenica-program.png?fit=555%2C394&ssl=1","jetpack_sharing_enabled":true,"jetpack-related-posts":[],"_links":{"self":[{"href":"https:\/\/historiografija.hr\/index.php?rest_route=\/wp\/v2\/posts\/47173","targetHints":{"allow":["GET"]}}],"collection":[{"href":"https:\/\/historiografija.hr\/index.php?rest_route=\/wp\/v2\/posts"}],"about":[{"href":"https:\/\/historiografija.hr\/index.php?rest_route=\/wp\/v2\/types\/post"}],"author":[{"embeddable":true,"href":"https:\/\/historiografija.hr\/index.php?rest_route=\/wp\/v2\/users\/2"}],"replies":[{"embeddable":true,"href":"https:\/\/historiografija.hr\/index.php?rest_route=%2Fwp%2Fv2%2Fcomments&post=47173"}],"version-history":[{"count":1,"href":"https:\/\/historiografija.hr\/index.php?rest_route=\/wp\/v2\/posts\/47173\/revisions"}],"predecessor-version":[{"id":47175,"href":"https:\/\/historiografija.hr\/index.php?rest_route=\/wp\/v2\/posts\/47173\/revisions\/47175"}],"wp:featuredmedia":[{"embeddable":true,"href":"https:\/\/historiografija.hr\/index.php?rest_route=\/wp\/v2\/media\/47174"}],"wp:attachment":[{"href":"https:\/\/historiografija.hr\/index.php?rest_route=%2Fwp%2Fv2%2Fmedia&parent=47173"}],"wp:term":[{"taxonomy":"category","embeddable":true,"href":"https:\/\/historiografija.hr\/index.php?rest_route=%2Fwp%2Fv2%2Fcategories&post=47173"},{"taxonomy":"post_tag","embeddable":true,"href":"https:\/\/historiografija.hr\/index.php?rest_route=%2Fwp%2Fv2%2Ftags&post=47173"}],"curies":[{"name":"wp","href":"https:\/\/api.w.org\/{rel}","templated":true}]}}