{"id":47157,"date":"2025-06-30T21:04:40","date_gmt":"2025-06-30T21:04:40","guid":{"rendered":"https:\/\/historiografija.hr\/?p=47157"},"modified":"2025-06-30T21:04:40","modified_gmt":"2025-06-30T21:04:40","slug":"historija-kvir-zivota-u-bosni-i-hercegovini","status":"publish","type":"post","link":"https:\/\/historiografija.hr\/?p=47157","title":{"rendered":"\u201eHistorija kvir \u017eivota u Bosni i Hercegovini\u201c"},"content":{"rendered":"\n<p><em>Historija kvir \u017eivota u Bosni i Hercegovini<\/em> je prva publikacija koja sveobuhvatno dokumentuje prisustvo, \u017eivote i otpor kvir osoba u BiH. U sedam poglavlja, knjiga pokriva sve od srednjovjekovne Bosne, osmanskog i austrougarskog perioda, preko Kraljevine SHS, Drugog svjetskog rata i socijalisti\u010dke Jugoslavije, do samih po\u010detaka kvir aktivizma.<\/p>\n\n\n\n<p>Knjiga otvara nevidljive i \u010desto zapostavljene stranice bh. historije, bilje\u017ee\u0107i zaboravljene tragove kvir iskustava kroz sudske arhive, narodne pri\u010de, putopise, novinske \u010dlanke i usmena svjedo\u010danstva. Predstavlja jedinstvenu sintezu nau\u010dnog istra\u017eivanja, kao i donekle podsticajnog aktivisti\u010dkog uvida, te tako stvara prostor za afirmaciju kvir identiteta u kolektivnom pam\u0107enju. Publikacija je rezultat \u010detverogodi\u0161njeg rada tima istra\u017eiva\u010da i istra\u017eiva\u010dica, te sukladno tome je pionirski rad koji postavlja temelje za nova istra\u017eivanja, umjetni\u010dke projekte i obrazovne inicijative.<\/p>\n\n\n\n<p>Publikacija sadr\u017ei 105 ilustracija, fotografija i faksimila izvornih dokumenata koji prate tekst i dodatno osna\u017euju njegovu poruku. Od reprodukcija sudskih presuda i putopisnih zapisa, do novinskih \u010dlanaka, narodnih pri\u010da i drugih vrsta zapisa \u2013 ove slike \u010dine vizuelnu arhivu koja \u010ditatelju i \u010ditateljici omogu\u0107ava neposredan susret s historijskim materijalima.<\/p>\n\n\n\n<p><strong>Voditelj istra\u017eiva\u010dkog projekta i urednik izdanja: <\/strong>Damir Imamovi\u0107<\/p>\n\n\n\n<p><strong>Autori_ice: <\/strong>Damir Imamovi\u0107, Matej Vrebac, Lejla Kalamuji\u0107, Amila Buturovi\u0107, Nikolina Todorovi\u0107<\/p>\n\n\n\n<p><strong>Iz recenzija:<\/strong><\/p>\n\n\n\n<p><em>Ova publikacija predstavlja novinu ne samo u dru\u0161tvenoj i kulturnoj historiji Bosne i Hercegovine i regije, ve\u0107 i u evropskoj historiji seksualnosti i roda u \u0161irem smislu.<\/em> \u2013 dr. Catherine Baker<\/p>\n\n\n\n<p><em>Ovo je rad u kojem se svako mo\u017ee barem donekle prepoznati. I tu le\u017ei jedan bitan aspekt velike vrijednosti ove knjige: da sa njom nadolaze\u0107e generacije u Bosni i Hercegovini mogu imati uvid u \u010desto pre\u0161u\u0107eni dio sopstvene pro\u0161losti i time ste\u0107i osnovu za promi\u0161ljanje i gra\u0111enje bolje budu\u0107nosti. \u2013 <\/em>dr. Edin Hajdarpa\u0161i\u0107<\/p>\n\n\n\n<p><em>Zahvaljuju\u0107i robusnom interdisciplinarnom pristupu, bogatoj vizuelnoj gra\u0111i i jasnom osvje\u0161tavanju metodolo\u0161kih limita, publikacija je nezaobilazno \u0161tivo za sve koji se bave dru\u0161tvenom historijom, rodnim studijama i javnim politikama.<\/em> \u2013 dr. Mi\u0161o Kapetanovi\u0107<\/p>\n\n\n\n<hr class=\"wp-block-separator has-alpha-channel-opacity\"\/>\n\n\n\n<p>Recenzija Catherine Baker<\/p>\n\n\n\n<p>Recenzija Edin Hajdarpa\u0161i\u0107<\/p>\n\n\n\n<p>Recenzija Mi\u0161o Kapetanovic<\/p>\n\n\n\n<p>Preuzmite knjigu ovdje:<\/p>\n\n\n\n<figure class=\"wp-block-embed is-type-wp-embed is-provider-sarajevski-otvoreni-centar wp-block-embed-sarajevski-otvoreni-centar\"><div class=\"wp-block-embed__wrapper\">\n<blockquote class=\"wp-embedded-content\" data-secret=\"SGwsC0vrWx\"><a href=\"https:\/\/soc.ba\/historija-kvir-zivota-u-bosni-i-hercegovini-prva-publikacija-koja-sveobuhvatno-dokumentuje-prisustvo-zivote-i-otpor-kvir-osoba-u-bih\/\">Historija kvir \u017eivota u Bosni i Hercegovini &#8211; prva publikacija koja sveobuhvatno dokumentuje prisustvo, \u017eivote i otpor kvir osoba u BiH<\/a><\/blockquote><iframe loading=\"lazy\" class=\"wp-embedded-content\" sandbox=\"allow-scripts\" security=\"restricted\" style=\"position: absolute; visibility: hidden;\" title=\"&#8220;Historija kvir \u017eivota u Bosni i Hercegovini &#8211; prva publikacija koja sveobuhvatno dokumentuje prisustvo, \u017eivote i otpor kvir osoba u BiH&#8221; &#8212; Sarajevski Otvoreni Centar\" src=\"https:\/\/soc.ba\/historija-kvir-zivota-u-bosni-i-hercegovini-prva-publikacija-koja-sveobuhvatno-dokumentuje-prisustvo-zivote-i-otpor-kvir-osoba-u-bih\/embed\/#?secret=Hn2eCHdQdS#?secret=SGwsC0vrWx\" data-secret=\"SGwsC0vrWx\" width=\"600\" height=\"338\" frameborder=\"0\" marginwidth=\"0\" marginheight=\"0\" scrolling=\"no\"><\/iframe>\n<\/div><\/figure>\n\n\n\n<p>Izradu ove knjige i istra\u017eivanje je omogu\u0107ila \u0160vedska.<\/p>\n\n\n\n<hr class=\"wp-block-separator has-alpha-channel-opacity\"\/>\n","protected":false},"excerpt":{"rendered":"","protected":false},"author":2,"featured_media":47158,"comment_status":"open","ping_status":"open","sticky":false,"template":"","format":"standard","meta":{"_acf_changed":false,"jetpack_post_was_ever_published":false,"_jetpack_newsletter_access":"","_jetpack_dont_email_post_to_subs":false,"_jetpack_newsletter_tier_id":0,"_jetpack_memberships_contains_paywalled_content":false,"_jetpack_memberships_contains_paid_content":false,"footnotes":"","jetpack_publicize_message":"","jetpack_publicize_feature_enabled":true,"jetpack_social_post_already_shared":true,"jetpack_social_options":{"image_generator_settings":{"template":"highway","default_image_id":0,"font":"","enabled":false},"version":2}},"categories":[19,8,3],"tags":[],"class_list":["post-47157","post","type-post","status-publish","format-standard","has-post-thumbnail","hentry","category-e-knjige","category-knjige","category-novosti"],"acf":{"facebook_opis":""},"jetpack_publicize_connections":[],"jetpack_featured_media_url":"https:\/\/i0.wp.com\/historiografija.hr\/wp-content\/uploads\/2025\/06\/Historija-Kvir-zivota.jpg?fit=768%2C770&ssl=1","jetpack_sharing_enabled":true,"jetpack-related-posts":[],"_links":{"self":[{"href":"https:\/\/historiografija.hr\/index.php?rest_route=\/wp\/v2\/posts\/47157","targetHints":{"allow":["GET"]}}],"collection":[{"href":"https:\/\/historiografija.hr\/index.php?rest_route=\/wp\/v2\/posts"}],"about":[{"href":"https:\/\/historiografija.hr\/index.php?rest_route=\/wp\/v2\/types\/post"}],"author":[{"embeddable":true,"href":"https:\/\/historiografija.hr\/index.php?rest_route=\/wp\/v2\/users\/2"}],"replies":[{"embeddable":true,"href":"https:\/\/historiografija.hr\/index.php?rest_route=%2Fwp%2Fv2%2Fcomments&post=47157"}],"version-history":[{"count":1,"href":"https:\/\/historiografija.hr\/index.php?rest_route=\/wp\/v2\/posts\/47157\/revisions"}],"predecessor-version":[{"id":47159,"href":"https:\/\/historiografija.hr\/index.php?rest_route=\/wp\/v2\/posts\/47157\/revisions\/47159"}],"wp:featuredmedia":[{"embeddable":true,"href":"https:\/\/historiografija.hr\/index.php?rest_route=\/wp\/v2\/media\/47158"}],"wp:attachment":[{"href":"https:\/\/historiografija.hr\/index.php?rest_route=%2Fwp%2Fv2%2Fmedia&parent=47157"}],"wp:term":[{"taxonomy":"category","embeddable":true,"href":"https:\/\/historiografija.hr\/index.php?rest_route=%2Fwp%2Fv2%2Fcategories&post=47157"},{"taxonomy":"post_tag","embeddable":true,"href":"https:\/\/historiografija.hr\/index.php?rest_route=%2Fwp%2Fv2%2Ftags&post=47157"}],"curies":[{"name":"wp","href":"https:\/\/api.w.org\/{rel}","templated":true}]}}