{"id":47148,"date":"2025-06-30T20:29:29","date_gmt":"2025-06-30T20:29:29","guid":{"rendered":"https:\/\/historiografija.hr\/?p=47148"},"modified":"2025-06-30T20:30:53","modified_gmt":"2025-06-30T20:30:53","slug":"povcast-ilirci-klikcu-digitalnim-perom","status":"publish","type":"post","link":"https:\/\/historiografija.hr\/?p=47148","title":{"rendered":"POVCAST &#8211; Ilirci klik\u0107u digitalnim perom"},"content":{"rendered":"\n<p>Zamislite da prelistavate <em>digitalne <\/em>novine iz 19. stolje\u0107a i nailazite na ekskluzivni intervju s Ljudevitom Gajem, reporta\u017eu o narodnim preporoditeljima ili o\u0161tru kolumnu o utjecaju ilirskog pokreta na svakodnevicu. \u0160to kad biste mogli vidjeti njihove <em>Facebook statuse<\/em> \u2013 ili bolje, <em>Instagram storyje<\/em>, jer preporoditelji su ipak bili mlada i ambiciozna generacija, zar ne?<\/p>\n\n\n\n<p><strong>Projekt \u201eIlirske novine 2.0\u201d kao model p(r)ou\u010davanja povijesti<\/strong><\/p>\n\n\n\n<p>\u0160kolski projekt \u201eIlirske novine 2.0\u201d, osmi\u0161ljen za tre\u0107i razred gimnazije, omogu\u0107io je upravo to \u2013 rekonstrukciju povijesti kroz medije dana\u0161njice. U\u010denici su preuzeli uloge novinara, kolumnista i digitalnih urednika 19. stolje\u0107a istra\u017euju\u0107i Hrvatski narodni preporod iz perspektive suvremenog medijskog izraza. Projekt nije samo rezultirao kreativnim radovima, ve\u0107 je omogu\u0107io razvoj kriti\u010dkoga mi\u0161ljenja, istra\u017eiva\u010dkih vje\u0161tina i timskog rada, uz minimalnu intervenciju nastavnika.<\/p>\n\n\n\n<p>Ana Kadovi\u0107, 11. lipnja 2025.<\/p>\n\n\n\n<hr class=\"wp-block-separator has-alpha-channel-opacity\"\/>\n\n\n\n<p><strong><em>Cijeli \u010dlanak dostupan je na sljede\u0107oj poveznici:<\/em><\/strong><\/p>\n\n\n\n<figure class=\"wp-block-embed is-type-wp-embed is-provider-povcast wp-block-embed-povcast\"><div class=\"wp-block-embed__wrapper\">\n<blockquote class=\"wp-embedded-content\" data-secret=\"Fu1ZGoZiUq\"><a href=\"https:\/\/povcast.ffzg.unizg.hr\/ilirci-klikcu-digitalnim-perom\/\">Ilirci klik\u0107u digitalnim perom<\/a><\/blockquote><iframe loading=\"lazy\" class=\"wp-embedded-content\" sandbox=\"allow-scripts\" security=\"restricted\" style=\"position: absolute; visibility: hidden;\" title=\"&#8220;Ilirci klik\u0107u digitalnim perom&#8221; &#8212; Povcast\" src=\"https:\/\/povcast.ffzg.unizg.hr\/ilirci-klikcu-digitalnim-perom\/embed\/#?secret=b9tNxKlee3#?secret=Fu1ZGoZiUq\" data-secret=\"Fu1ZGoZiUq\" width=\"600\" height=\"338\" frameborder=\"0\" marginwidth=\"0\" marginheight=\"0\" scrolling=\"no\"><\/iframe>\n<\/div><\/figure>\n\n\n\n<hr class=\"wp-block-separator has-alpha-channel-opacity\"\/>\n","protected":false},"excerpt":{"rendered":"","protected":false},"author":2,"featured_media":47151,"comment_status":"open","ping_status":"open","sticky":false,"template":"","format":"standard","meta":{"_acf_changed":false,"jetpack_post_was_ever_published":false,"_jetpack_newsletter_access":"","_jetpack_dont_email_post_to_subs":false,"_jetpack_newsletter_tier_id":0,"_jetpack_memberships_contains_paywalled_content":false,"_jetpack_memberships_contains_paid_content":false,"footnotes":"","jetpack_publicize_message":"","jetpack_publicize_feature_enabled":true,"jetpack_social_post_already_shared":true,"jetpack_social_options":{"image_generator_settings":{"template":"highway","default_image_id":0,"font":"","enabled":false},"version":2}},"categories":[3],"tags":[],"class_list":["post-47148","post","type-post","status-publish","format-standard","has-post-thumbnail","hentry","category-novosti"],"acf":{"facebook_opis":""},"jetpack_publicize_connections":[],"jetpack_featured_media_url":"https:\/\/i0.wp.com\/historiografija.hr\/wp-content\/uploads\/2025\/06\/horvatinske-novine.jpg?fit=594%2C384&ssl=1","jetpack_sharing_enabled":true,"jetpack-related-posts":[],"_links":{"self":[{"href":"https:\/\/historiografija.hr\/index.php?rest_route=\/wp\/v2\/posts\/47148","targetHints":{"allow":["GET"]}}],"collection":[{"href":"https:\/\/historiografija.hr\/index.php?rest_route=\/wp\/v2\/posts"}],"about":[{"href":"https:\/\/historiografija.hr\/index.php?rest_route=\/wp\/v2\/types\/post"}],"author":[{"embeddable":true,"href":"https:\/\/historiografija.hr\/index.php?rest_route=\/wp\/v2\/users\/2"}],"replies":[{"embeddable":true,"href":"https:\/\/historiografija.hr\/index.php?rest_route=%2Fwp%2Fv2%2Fcomments&post=47148"}],"version-history":[{"count":2,"href":"https:\/\/historiografija.hr\/index.php?rest_route=\/wp\/v2\/posts\/47148\/revisions"}],"predecessor-version":[{"id":47152,"href":"https:\/\/historiografija.hr\/index.php?rest_route=\/wp\/v2\/posts\/47148\/revisions\/47152"}],"wp:featuredmedia":[{"embeddable":true,"href":"https:\/\/historiografija.hr\/index.php?rest_route=\/wp\/v2\/media\/47151"}],"wp:attachment":[{"href":"https:\/\/historiografija.hr\/index.php?rest_route=%2Fwp%2Fv2%2Fmedia&parent=47148"}],"wp:term":[{"taxonomy":"category","embeddable":true,"href":"https:\/\/historiografija.hr\/index.php?rest_route=%2Fwp%2Fv2%2Fcategories&post=47148"},{"taxonomy":"post_tag","embeddable":true,"href":"https:\/\/historiografija.hr\/index.php?rest_route=%2Fwp%2Fv2%2Ftags&post=47148"}],"curies":[{"name":"wp","href":"https:\/\/api.w.org\/{rel}","templated":true}]}}