{"id":47145,"date":"2025-06-30T20:19:05","date_gmt":"2025-06-30T20:19:05","guid":{"rendered":"https:\/\/historiografija.hr\/?p=47145"},"modified":"2025-06-30T20:19:05","modified_gmt":"2025-06-30T20:19:05","slug":"izlozba-125-godina-drustva-hrvatskih-knjizevnika","status":"publish","type":"post","link":"https:\/\/historiografija.hr\/?p=47145","title":{"rendered":"Izlo\u017eba \u201e125 godina Dru\u0161tva hrvatskih knji\u017eevnika\u201c"},"content":{"rendered":"\n<p>U povodu <a href=\"https:\/\/dhk.hr\/o-nama\/povijest\/\">125. obljetnice osnutka Dru\u0161tva hrvatskih knji\u017eevnika<\/a>, utemeljena 1900. godine u Zagrebu, Dru\u0161tvo hrvatskih knji\u017eevnika u suradnji s Nacionalnom i sveu\u010dili\u0161nom knji\u017enicom u Zagrebu predstavlja izlo\u017ebu <em>125 godina Dru\u0161tva hrvatskih knji\u017eevnika<\/em>.<\/p>\n\n\n\n<p>Izlo\u017eba donosi pregled bogate nakladni\u010dke djelatnosti DHK-a, uklju\u010duju\u0107i vrijedne i povijesno zna\u010dajne \u010dasopise poput <em>Savremenika<\/em> i Krle\u017eine <em>Knji\u017eevne republike<\/em> kao i antologijske naslove poput zbirke <em>Hrvatska mlada lirika<\/em> (1914.) te posljednje pjesni\u010dke zbirke barda hrvatskoga pjesni\u0161tva Tina Ujevi\u0107a <em>\u017dedan kamen na studencu<\/em>.<\/p>\n\n\n\n<p>Poseban dio posve\u0107en je jednoj od najva\u017enijih me\u0111unarodnih knji\u017eevnih manifestacija Dru\u0161tva \u2013 <em>Zagreba\u010dkim knji\u017eevnim razgovorima<\/em>, koje neprestano djeluju od 1969. godine.<\/p>\n\n\n\n<p>Multimedijski postav, osmi\u0161ljen kao kronolo\u0161ki pregled, posjetiteljima pru\u017ea uvid u klju\u010dne doga\u0111aje koji su oblikovali hrvatski knji\u017eevni, umjetni\u010dki i kulturni prostor.<\/p>\n\n\n\n<p>Pozivamo vas da posjetite izlo\u017ebu i, razgledavaju\u0107i brojne \u010dasopise i dragocjena izdanja, istra\u017eite noviju povijest hrvatske knji\u017eevnosti \u2013 od sutona hrvatske moderne, preko avangardnih knji\u017eevnih strujanja, do razdoblja socrealizma, otpora cenzuri i poslijeratne knji\u017eevne produkcije. Izlo\u017eba ujedno prikazuje kako je hrvatska knji\u017eevnost pratila promjenjive poetike kasnoga modernizma tijekom 1950-ih i 1970-ih godina, knji\u017eevna previranja uo\u010di i nakon hrvatskoga prolje\u0107a te raznovrsne izraze i stvarala\u010dke pristupe u sklopu suvremene postmoderne od 1990-ih godina do danas.<\/p>\n\n\n\n<p>Autorica je izlo\u017ebe dr. sc. Dubravka Brezak Stama\u0107.<\/p>\n\n\n\n<hr class=\"wp-block-separator has-alpha-channel-opacity\"\/>\n\n\n\n<p>Izvori:<\/p>\n\n\n\n<p><a href=\"https:\/\/nsk.hr\/dogadanja\/izlozba-125-godina-drustva-hrvatskih-knjizevnika\">https:\/\/nsk.hr\/dogadanja\/izlozba-125-godina-drustva-hrvatskih-knjizevnika<\/a><\/p>\n\n\n\n<figure class=\"wp-block-embed is-type-wp-embed is-provider-dru-tvo-hrvatskih-knji-evnika wp-block-embed-dru-tvo-hrvatskih-knji-evnika\"><div class=\"wp-block-embed__wrapper\">\n<blockquote class=\"wp-embedded-content\" data-secret=\"5cWf7xYpGL\"><a href=\"https:\/\/dhk.hr\/izlozba-125-godina-drustva-hrvatskih-knjizevnika-u-nacionalnoj-i-sveucilisnoj-knjiznici-24-lipnja-5-srpnja-2025\/\">Izlo\u017eba \u201e125 godina Dru\u0161tva hrvatskih knji\u017eevnika\u201d u Nacionalnoj i sveu\u010dili\u0161noj knji\u017enici (24. lipnja &#8211; 5. srpnja 2025.)<\/a><\/blockquote><iframe loading=\"lazy\" class=\"wp-embedded-content\" sandbox=\"allow-scripts\" security=\"restricted\" style=\"position: absolute; visibility: hidden;\" title=\"&#8220;Izlo\u017eba \u201e125 godina Dru\u0161tva hrvatskih knji\u017eevnika\u201d u Nacionalnoj i sveu\u010dili\u0161noj knji\u017enici (24. lipnja &#8211; 5. srpnja 2025.)&#8221; &#8212; Dru\u0161tvo hrvatskih knji\u017eevnika\" src=\"https:\/\/dhk.hr\/izlozba-125-godina-drustva-hrvatskih-knjizevnika-u-nacionalnoj-i-sveucilisnoj-knjiznici-24-lipnja-5-srpnja-2025\/embed\/#?secret=a2uP9LUWos#?secret=5cWf7xYpGL\" data-secret=\"5cWf7xYpGL\" width=\"600\" height=\"338\" frameborder=\"0\" marginwidth=\"0\" marginheight=\"0\" scrolling=\"no\"><\/iframe>\n<\/div><\/figure>\n\n\n\n<hr class=\"wp-block-separator has-alpha-channel-opacity\"\/>\n","protected":false},"excerpt":{"rendered":"","protected":false},"author":2,"featured_media":47146,"comment_status":"open","ping_status":"open","sticky":false,"template":"","format":"standard","meta":{"_acf_changed":false,"jetpack_post_was_ever_published":false,"_jetpack_newsletter_access":"","_jetpack_dont_email_post_to_subs":false,"_jetpack_newsletter_tier_id":0,"_jetpack_memberships_contains_paywalled_content":false,"_jetpack_memberships_contains_paid_content":false,"footnotes":"","jetpack_publicize_message":"","jetpack_publicize_feature_enabled":true,"jetpack_social_post_already_shared":true,"jetpack_social_options":{"image_generator_settings":{"template":"highway","default_image_id":0,"font":"","enabled":false},"version":2}},"categories":[10,3],"tags":[],"class_list":["post-47145","post","type-post","status-publish","format-standard","has-post-thumbnail","hentry","category-izlozbe","category-novosti"],"acf":{"facebook_opis":""},"jetpack_publicize_connections":[],"jetpack_featured_media_url":"https:\/\/i0.wp.com\/historiografija.hr\/wp-content\/uploads\/2025\/06\/Pozivnica-125-DHK-u-NSK.jpg?fit=1536%2C864&ssl=1","jetpack_sharing_enabled":true,"jetpack-related-posts":[],"_links":{"self":[{"href":"https:\/\/historiografija.hr\/index.php?rest_route=\/wp\/v2\/posts\/47145","targetHints":{"allow":["GET"]}}],"collection":[{"href":"https:\/\/historiografija.hr\/index.php?rest_route=\/wp\/v2\/posts"}],"about":[{"href":"https:\/\/historiografija.hr\/index.php?rest_route=\/wp\/v2\/types\/post"}],"author":[{"embeddable":true,"href":"https:\/\/historiografija.hr\/index.php?rest_route=\/wp\/v2\/users\/2"}],"replies":[{"embeddable":true,"href":"https:\/\/historiografija.hr\/index.php?rest_route=%2Fwp%2Fv2%2Fcomments&post=47145"}],"version-history":[{"count":1,"href":"https:\/\/historiografija.hr\/index.php?rest_route=\/wp\/v2\/posts\/47145\/revisions"}],"predecessor-version":[{"id":47147,"href":"https:\/\/historiografija.hr\/index.php?rest_route=\/wp\/v2\/posts\/47145\/revisions\/47147"}],"wp:featuredmedia":[{"embeddable":true,"href":"https:\/\/historiografija.hr\/index.php?rest_route=\/wp\/v2\/media\/47146"}],"wp:attachment":[{"href":"https:\/\/historiografija.hr\/index.php?rest_route=%2Fwp%2Fv2%2Fmedia&parent=47145"}],"wp:term":[{"taxonomy":"category","embeddable":true,"href":"https:\/\/historiografija.hr\/index.php?rest_route=%2Fwp%2Fv2%2Fcategories&post=47145"},{"taxonomy":"post_tag","embeddable":true,"href":"https:\/\/historiografija.hr\/index.php?rest_route=%2Fwp%2Fv2%2Ftags&post=47145"}],"curies":[{"name":"wp","href":"https:\/\/api.w.org\/{rel}","templated":true}]}}