{"id":47142,"date":"2025-06-30T20:10:17","date_gmt":"2025-06-30T20:10:17","guid":{"rendered":"https:\/\/historiografija.hr\/?p=47142"},"modified":"2025-06-30T20:10:17","modified_gmt":"2025-06-30T20:10:17","slug":"virtualna-izlozba-svijet-karla-dienesa-nova-gradiska-i-hrvatska-na-fotografijama-1918-1941","status":"publish","type":"post","link":"https:\/\/historiografija.hr\/?p=47142","title":{"rendered":"Virtualna izlo\u017eba \u201eSvijet Karla Diene\u0161a. Nova Gradi\u0161ka i Hrvatska na fotografijama 1918-1941.\u201c"},"content":{"rendered":"\n<p>Na stranice Gradskog muzeja Nova Gradi\u0161ka postavljena je virtualna izlo\u017eba<strong> \u201e<a href=\"https:\/\/www.artsteps.com\/view\/67f3b4a25824d39a002fa200\"><em>Svijet Karla Diene\u0161a. Nova Gradi\u0161ka i Hrvatska na fotografijama 1918-1941<\/em>.<\/a><\/strong><strong><a href=\"https:\/\/www.artsteps.com\/view\/67f3b4a25824d39a002fa200\">\u201c<\/a><\/strong>. Autori <strong>dr. sc. Suzana Le\u010dek<\/strong> (HIP-Podru\u017enica SSB) i <strong>Ivica Brtan<\/strong> (GMNG) kroz 75 izabranih fotografija Karla Diene\u0161a uvode posjetitelja u \u017eivot, rad i vrijeme ovog neobi\u010dnog ljekarnika, amaterskog fotografa i sakuplja\u010da. Posjetitelj mo\u017ee doznati ne\u0161to o obitelji Diene\u0161, njihovim prijateljstvima i zanimljivim obiteljskim vezama, u\u0107i u politiku me\u0111ura\u0107a kroz vizuru Karla Diene\u0161a, \u010dlana i lokalnog du\u017enosnika Radi\u0107eve Hrvatske selja\u010dke stranke, upoznati dru\u0161tveni \u017eivot Nove Gradi\u0161ke, njenu modernizaciju, promjene kroz koje prolazi Zagreb, kao i osobe koje su privukle pozornost Karla Diene\u0161a.<\/p>\n\n\n\n<hr class=\"wp-block-separator has-alpha-channel-opacity\"\/>\n\n\n\n<p>Izvor:<\/p>\n\n\n\n<figure class=\"wp-block-embed is-type-wp-embed is-provider-hrvatski-institut-za-povijest wp-block-embed-hrvatski-institut-za-povijest\"><div class=\"wp-block-embed__wrapper\">\n<blockquote class=\"wp-embedded-content\" data-secret=\"hJ2ZEoy7i0\"><a href=\"https:\/\/hipsb.hr\/virtualna-izlozba-svijet-karla-dienesa-nova-gradiska-i-hrvatska-na-fotografijama-1918-1941\/\">Virtualna izlo\u017eba \u201eSvijet Karla Diene\u0161a. Nova Gradi\u0161ka i Hrvatska na fotografijama 1918-1941.\u201c<\/a><\/blockquote><iframe loading=\"lazy\" class=\"wp-embedded-content\" sandbox=\"allow-scripts\" security=\"restricted\" style=\"position: absolute; visibility: hidden;\" title=\"&#8220;Virtualna izlo\u017eba \u201eSvijet Karla Diene\u0161a. Nova Gradi\u0161ka i Hrvatska na fotografijama 1918-1941.\u201c&#8221; &#8212; Hrvatski institut za povijest\" src=\"https:\/\/hipsb.hr\/virtualna-izlozba-svijet-karla-dienesa-nova-gradiska-i-hrvatska-na-fotografijama-1918-1941\/embed\/#?secret=hJ2ZEoy7i0\" data-secret=\"hJ2ZEoy7i0\" width=\"600\" height=\"338\" frameborder=\"0\" marginwidth=\"0\" marginheight=\"0\" scrolling=\"no\"><\/iframe>\n<\/div><\/figure>\n\n\n\n<hr class=\"wp-block-separator has-alpha-channel-opacity\"\/>\n\n\n\n<p>Dodatne obavijesti:<\/p>\n\n\n\n<p>Suzana Le\u010dek<\/p>\n\n\n\n<p><strong>&nbsp;\u201eBildkomentar historiji\u201c: fotografije Karla Diene\u0161a kao izvor u povijesnom istra\u017eivanju<\/strong><\/p>\n\n\n\n<p><a href=\"https:\/\/hrcak.srce.hr\/clanak\/481238\">https:\/\/hrcak.srce.hr\/clanak\/481238<\/a><\/p>\n\n\n\n<hr class=\"wp-block-separator has-alpha-channel-opacity\"\/>\n","protected":false},"excerpt":{"rendered":"","protected":false},"author":2,"featured_media":47143,"comment_status":"open","ping_status":"open","sticky":false,"template":"","format":"standard","meta":{"_acf_changed":false,"jetpack_post_was_ever_published":false,"_jetpack_newsletter_access":"","_jetpack_dont_email_post_to_subs":false,"_jetpack_newsletter_tier_id":0,"_jetpack_memberships_contains_paywalled_content":false,"_jetpack_memberships_contains_paid_content":false,"footnotes":"","jetpack_publicize_message":"","jetpack_publicize_feature_enabled":true,"jetpack_social_post_already_shared":true,"jetpack_social_options":{"image_generator_settings":{"template":"highway","default_image_id":0,"font":"","enabled":false},"version":2}},"categories":[10,3],"tags":[],"class_list":["post-47142","post","type-post","status-publish","format-standard","has-post-thumbnail","hentry","category-izlozbe","category-novosti"],"acf":{"facebook_opis":""},"jetpack_publicize_connections":[],"jetpack_featured_media_url":"https:\/\/i0.wp.com\/historiografija.hr\/wp-content\/uploads\/2025\/06\/Naslovnica-virtualne-izlozbe-o-Dienesu.jpg?fit=768%2C431&ssl=1","jetpack_sharing_enabled":true,"jetpack-related-posts":[],"_links":{"self":[{"href":"https:\/\/historiografija.hr\/index.php?rest_route=\/wp\/v2\/posts\/47142","targetHints":{"allow":["GET"]}}],"collection":[{"href":"https:\/\/historiografija.hr\/index.php?rest_route=\/wp\/v2\/posts"}],"about":[{"href":"https:\/\/historiografija.hr\/index.php?rest_route=\/wp\/v2\/types\/post"}],"author":[{"embeddable":true,"href":"https:\/\/historiografija.hr\/index.php?rest_route=\/wp\/v2\/users\/2"}],"replies":[{"embeddable":true,"href":"https:\/\/historiografija.hr\/index.php?rest_route=%2Fwp%2Fv2%2Fcomments&post=47142"}],"version-history":[{"count":1,"href":"https:\/\/historiografija.hr\/index.php?rest_route=\/wp\/v2\/posts\/47142\/revisions"}],"predecessor-version":[{"id":47144,"href":"https:\/\/historiografija.hr\/index.php?rest_route=\/wp\/v2\/posts\/47142\/revisions\/47144"}],"wp:featuredmedia":[{"embeddable":true,"href":"https:\/\/historiografija.hr\/index.php?rest_route=\/wp\/v2\/media\/47143"}],"wp:attachment":[{"href":"https:\/\/historiografija.hr\/index.php?rest_route=%2Fwp%2Fv2%2Fmedia&parent=47142"}],"wp:term":[{"taxonomy":"category","embeddable":true,"href":"https:\/\/historiografija.hr\/index.php?rest_route=%2Fwp%2Fv2%2Fcategories&post=47142"},{"taxonomy":"post_tag","embeddable":true,"href":"https:\/\/historiografija.hr\/index.php?rest_route=%2Fwp%2Fv2%2Ftags&post=47142"}],"curies":[{"name":"wp","href":"https:\/\/api.w.org\/{rel}","templated":true}]}}