{"id":4713,"date":"2017-06-05T09:12:58","date_gmt":"2017-06-05T09:12:58","guid":{"rendered":"http:\/\/historiografija.hr\/?p=4713"},"modified":"2017-06-05T09:12:58","modified_gmt":"2017-06-05T09:12:58","slug":"tribina-i-promocija-u-zagrebu-srbi-u-habsburskoj-monarhiji-od-1526-do-1918","status":"publish","type":"post","link":"https:\/\/historiografija.hr\/?p=4713","title":{"rendered":"Tribina i promocija u Zagrebu: Srbi u Habsbur\u0161koj monarhiji od 1526. do 1918."},"content":{"rendered":"<p>U utorak, 6. VI. 2017. u 18 sati u biblioteci Srpskog kulturnog dru\u0161tva &#8220;Prosvjeta&#8221; u Zagrebu (Preradovi\u0107eva 18) bit \u0107e tribina i promocija knjige o Srbima u Habsbur\u0161koj Monarhiji (govore: Nenad Ninkovi\u0107, Goran Vasin, Milivoj Be\u0161lin).<\/p>\n<p>&nbsp;<\/p>\n<hr \/>\n<p>&nbsp;<\/p>\n<p>Tribina pod nazivom Srbi u Habsbur\u0161koj monarhiji od 1526. do 1918. koja je ujedno i promocija istoimene dvotomne knjige, odr\u017ea\u0107e se u dvorani biblioteke, Preradovi\u0107eva 18, u utorak, 6. juna 2017. s po\u010detkom u 18:00 sati. O temi \u0107e govoriti dvojica autora \u2013 docenti sa Filozofskog fakulteta u Novom Sadu, dr. Nenad Ninkovi\u0107 i dr. Goran Vasin, te dr. Milivoj Be\u0161lin, nau\u010dni saradnik na Institutu za filozofiju i dru\u0161tvenu teoriju u Beogradu. Promociju\/tribinu \u0107e voditi \u010cedomir Vi\u0161nji\u0107.<\/p>\n<p>&nbsp;<\/p>\n<hr \/>\n<p>&nbsp;<\/p>\n<p>Ovo delo predstavlja sintezu rezultata vi\u0161egodi\u0161njeg rada autora u doma\u0107im i stranim arhivima koja u prvoj knjizi prou\u010dava i opisuje \u017eivot i politiku pre\u010danskih Srba od sloma Ugarske u Moha\u010dkoj bici do Blagove\u0161tenskog sabora.<\/p>\n<p>&nbsp;<\/p>\n<p>Prikazana je uloga i zna\u010daj Srba kao grani\u010dara u odbrani Habzbur\u0161ke monarhije, ali i njihov uspeh u ostvarivanju sloboda i prava u dr\u017eavi koja ih je tretirala kao neravnopravan i neistorijski narod.<\/p>\n<p>&nbsp;<\/p>\n<p>Ovo delo obja\u0161njava istorijske doga\u0111aje i procese bez kojih nije mogu\u0107e razumeti dru\u0161tvenu istoriju pre\u010danskih Srba i njen uticaj na celokupan srpski narod.<\/p>\n<p>&nbsp;<\/p>\n<p>U drugoj knjizi prikazana je politi\u010dka i dru\u0161tvena istorija srpskog naroda u Habzbur\u0161koj monarhiji odnosno Austrougrskoj od 1861. do 1918. godine.<\/p>\n<p>&nbsp;<\/p>\n<p>Ovde su sagledani najzna\u010dajniji procesi i doga\u0111aji koji su uticali na pravno-politi\u010dki status Srba, osnivanje i razvoj institucija od nacionalnog zna\u010daja, formiranje organizacija i ustanova politi\u010dkog karaktera kao i uporna i vi\u0161edecenijska nastojanja da Srbi postignu status ravnopravnog naroda u \u010ditavoj Habzbur\u0161koj monarhiji, a prvenstveno u Hrvatskoj, Slavoniji, Dalmaciji i Bosni i Hercegovini.<\/p>\n<p>&nbsp;<\/p>\n<p>Kako je profesor Rado\u0161 Lju\u0161i\u0107 napisao u svojoj recenziji, ova knjiga u dva toma predstavlja nesumnjivo kapitalno delo srpske istoriografije koje u \u010detiri metodolo\u0161ki besprekorno, hronolo\u0161ko i problemski odvojene celine, na osnovu raspolo\u017eive arhivske gra\u0111e, periodike i literature doma\u0107e i strane provenijencije obja\u0161njava i predstavlja politi\u010dku i dru\u0161tvenu istoriju pre\u010danskih Srba u svim relevantnim aspektima i sastavnicama.<\/p>\n<p>&nbsp;<\/p>\n<p>izvor: www.rtv.rs<\/p>\n<p>&nbsp;<\/p>\n<p>&nbsp;<\/p>\n<p><strong>dr Goran Vasin<\/strong><br \/>\nAkademska karijera<br \/>\n\u25e6 2013. godine \u2013 izbor u zvanje \u2013 docent Filozofski fakultet Novi Sad<br \/>\n\u25e6 2008. godine \u2013 izbor u zvanje \u2013 asistent Filozofski fakultet Novi Sad<br \/>\n\u25e6 2005. godine \u2013 izbor u zvanje \u2013 asistent pripravnik Filozofski fakultet u Novom Sadu<br \/>\n\u25e6 2012. godine \u2013 doktorat, Filozofski fakultet Novi Sad<br \/>\nOblast: Nacionalna istorija modernog doba<br \/>\n\u25e6 2008. godine \u2013 magistratura, Filozofski fakultet Novi Sad<br \/>\nOblast: Nacionalna istorija modernog doba<br \/>\n\u25e6 2004. godine \u2013 diploma, Filozofski fakultet Novi Sad<br \/>\nOblast: Nacionalna istorija modernog doba<\/p>\n<p>&nbsp;<br \/>\nOblasti interesovanja<br \/>\n\u25e6 Istorija Karlova\u010dke mitropolije<br \/>\n\u25e6 Istorija politi\u010dkih ideja kod Srba 1804-1918.<br \/>\n\u25e6 Istorija Habzbur\u0161ke monarhije 1790-1918.<br \/>\n\u25e6 Istorija Srbije 1804-1918.<br \/>\n\u25e6 Istorija Crne Gore 1860-1918.<br \/>\n\u25e6 Odnos dr\u017eave i Crkve kod Srba tokom 19. i 20. veka<br \/>\n\u25e6 Istorija medicine<\/p>\n<p>&nbsp;<\/p>\n<p>&nbsp;<\/p>\n<p><strong>dr Nenad Ninkovi\u0107<\/strong><\/p>\n<p>&nbsp;<br \/>\nAkademska karijera<\/p>\n<p>&nbsp;<br \/>\n\u25e6 2016 \u2013 Izbor u zvanje \u2013 docent, Filozofski fakultet, Novi Sad<br \/>\n\u25e6 2010 \u2013 Izbor u zvanje \u2013 asistent, Filozofski fakultet, Novi Sad<br \/>\n\u25e6 2008 \u2013 Izbor u zvanje \u2013 saradnik u nastavi, Filozofski fakultet, Novi Sad<br \/>\nOblast: Nacionalna istorija novog veka<br \/>\n\u25e6 2015 \u2013 Doktorat, Filozofski fakultet, Novi Sad<br \/>\nOblast: Nacionalna istorija novog veka<br \/>\n\u25e6 2009 \u2013 Master, Filozofski fakultet, Novi Sad<br \/>\nOblast: Nacionalna istorija novog veka<br \/>\n\u25e6 2007 \u2013 Diploma, Filozofski fakultet, Novi Sad<br \/>\nOblast: Nacionalna istorija novog veka<\/p>\n<p>&nbsp;<br \/>\nOblasti interesovanja i istra\u017eivanja<\/p>\n<p>&nbsp;<br \/>\n\u25e6 Istorija srpskog naroda od XVI do XIX veka<br \/>\n\u25e6 Istorija Karlova\u010dke mitropolije<br \/>\n\u25e6 Istorija Vojne granice<br \/>\n\u25e6 Istorija srpskog \u0161kolstva<\/p>\n<p>&nbsp;<\/p>\n<p>&nbsp;<\/p>\n<p><strong>dr Milivoj Be\u0161lin<\/strong> je dipl\u043emir\u0430\u043e (2004) i m\u0430gistrir\u0430\u043e (2008) ist\u043eri\u0458u n\u0430 Fil\u043ez\u043efsk\u043em f\u0430kult\u0435tu Univ\u0435rzit\u0435t\u0430 u N\u043ev\u043em S\u0430du. T\u0435m\u0430 m\u0430gist\u0430rsk\u0435 t\u0435z\u0435: N\u0430ci\u043en\u0430ln\u043e pit\u0430nj\u0435 u Srbi\u0458i kr\u0430\u0458\u0435m \u0161\u0435zd\u0435s\u0435tih i p\u043e\u010d\u0435tk\u043em s\u0435d\u0430md\u0435s\u0435tih g\u043edin\u0430 20. v\u0435k\u0430. D\u043ekt\u043erir\u0430\u043e (2015) n\u0430 ist\u043em f\u0430kult\u0435tu s\u0430 t\u0435m\u043em: P\u043eku\u0161\u0430\u0458 m\u043ed\u0435rniz\u0430ci\u0458\u0435 u Srbi\u0458i 1968-1972. Izm\u0435\u0111u \u00bbr\u0435v\u043eluci\u043en\u0430rn\u043eg kurs\u0430\u00ab i r\u0435f\u043ermskih t\u0435\u017enji. U svojim empirijskim i teorijskim radovima istra\u017eivao: p\u043eliti\u010dku i dru\u0161tv\u0435nu ist\u043eri\u0458u s\u043eci\u0458\u0430listi\u010dk\u0435 \u0408ug\u043esl\u0430vi\u0458\u0435; studi\u0458 n\u0430ci\u043en\u0430lizm\u0430; t\u0435\u043eri\u0458u m\u043ed\u0435rniz\u0430ci\u0458\u0435; t\u0435\u043eri\u0458u ist\u043eri\u0458\u0435; p\u043eku\u0161\u0430\u0458e r\u0435f\u043ermi u drugoj \u0408ug\u043esl\u0430vi\u0458i; \u043edn\u043es \u0458ug\u043esl\u043ev\u0435nskih k\u043emunist\u0430 pr\u0435m\u0430 srpsk\u043em n\u0430ci\u043en\u0430lizmu; nacionalno pitanje u Srbiji u drugoj polovini 20. veka; s\u043ev\u0458\u0435tsk\u043e-\u0458ug\u043esl\u043ev\u0435nske \u043edn\u043ese; stud\u0435ntske d\u0435m\u043enstr\u0430ci\u0458e 1968; \u043edn\u043es Kr\u0430lj\u0435vin\u0435 \u0408ug\u043esl\u0430vi\u0458\u0435 pr\u0435m\u0430 Gr\u0430\u0111\u0430nsk\u043em r\u0430tu u \u0160p\u0430ni\u0458i; utic\u0430\u0458 i k\u0430r\u0430kt\u0435r \u201e\u017eut\u0435\u201c \u0161t\u0430mp\u0435 u b\u0435\u043egr\u0430dsk\u043e\u0458 \u0458\u0430vn\u043esti izm\u0435\u0111u dv\u0430 sv\u0435tsk\u0430 r\u0430t\u0430; \u043esn\u043evne \u0435l\u0435m\u0435nte \u0458ug\u043esl\u043ev\u0435nsk\u043eg f\u0435d\u0435r\u0430lizm\u0430 \u2013 konstituisanje i razvoj; srpsk\u043e-hrv\u0430tske \u043edn\u043ese u drug\u043e\u0458 \u0408ug\u043esl\u0430vi\u0458i; pr\u043ebl\u0435m \u0430ntif\u0430\u0161izm\u0430 i ist\u043eri\u0458sk\u043eg r\u0435vizi\u043enizm\u0430; Drugi sv\u0435tski r\u0430t u \u0408ug\u043esl\u0430vi\u0458i; \u0430ut\u043en\u043emi\u0458u V\u043e\u0458v\u043edin\u0435 u \u0458ug\u043esl\u043ev\u0435nsk\u043em f\u0435d\u0435r\u0430lizmu; ulogu Jugoslavije u Ma\u0111arskoj revoluciji 1956; problem intelektualnog anga\u017emana i nacionalizma itd.<\/p>\n<p>&nbsp;<\/p>\n<p>&nbsp;<\/p>\n<p>Izvor:<\/p>\n<p>&nbsp;<\/p>\n<p><a href=\"http:\/\/prosvjeta.net\/srbi-u-habsburskoj-monarhiji-od-1526-do-1918-promocijatribina\/\">http:\/\/prosvjeta.net\/srbi-u-habsburskoj-monarhiji-od-1526-do-1918-promocijatribina\/<\/a><\/p>\n<p>&nbsp;<\/p>\n<p><a href=\"http:\/\/biblioteka.prosvjeta.net\/6-6-2017-srbi-u-habsburskoj-monarhiji-od-1526-do-1918-promocijatribina\/\">http:\/\/biblioteka.prosvjeta.net\/6-6-2017-srbi-u-habsburskoj-monarhiji-od-1526-do-1918-promocijatribina\/<\/a><\/p>\n<p>&nbsp;<\/p>\n<p>&nbsp;<\/p>\n","protected":false},"excerpt":{"rendered":"","protected":false},"author":2,"featured_media":4714,"comment_status":"open","ping_status":"open","sticky":false,"template":"","format":"standard","meta":{"_acf_changed":false,"jetpack_post_was_ever_published":false,"_jetpack_newsletter_access":"","_jetpack_dont_email_post_to_subs":false,"_jetpack_newsletter_tier_id":0,"_jetpack_memberships_contains_paywalled_content":false,"_jetpack_memberships_contains_paid_content":false,"footnotes":"","jetpack_publicize_message":"","jetpack_publicize_feature_enabled":true,"jetpack_social_post_already_shared":true,"jetpack_social_options":{"image_generator_settings":{"template":"highway","default_image_id":0,"font":"","enabled":false},"version":2}},"categories":[3],"tags":[],"class_list":["post-4713","post","type-post","status-publish","format-standard","has-post-thumbnail","hentry","category-novosti"],"acf":{"facebook_opis":""},"jetpack_publicize_connections":[],"jetpack_featured_media_url":"https:\/\/i0.wp.com\/historiografija.hr\/wp-content\/uploads\/2017\/06\/web-srbi.png?fit=653%2C330&ssl=1","jetpack_sharing_enabled":true,"jetpack-related-posts":[{"id":52651,"url":"https:\/\/historiografija.hr\/?p=52651","url_meta":{"origin":4713,"position":0},"title":"Promocija knjige Emira O. Filipovi\u0107a \u201cVite\u0161tvo u srednjovjekovnoj Bosni\u201d u Sarajevu","author":"Branimir Jankovi\u0107","date":"24. travnja 2026.","format":false,"excerpt":"Knji\u017eevni korner poziva na promociju knjige Emira O. Filipovi\u0107a \u201cVite\u0161tvo u srednjovjekovnoj Bosni\u201d koja \u0107e se odr\u017eati u srijedu, 29. aprila 2026. u 18 sati u Evropskoj ku\u0107i kulture i nacionalnih manjina (Austrijska ku\u0107a) u Sarajevu. Na promociji \u0107e govoriti Mirsad Sijari\u0107, Ema Mazrak i autor, a moderirat \u0107e Nikola\u2026","rel":"","context":"U &quot;Novosti&quot;","block_context":{"text":"Novosti","link":"https:\/\/historiografija.hr\/?cat=3"},"img":{"alt_text":"","src":"https:\/\/i0.wp.com\/historiografija.hr\/wp-content\/uploads\/2026\/04\/Vitestvo.jpg?fit=1080%2C565&ssl=1&resize=350%2C200","width":350,"height":200,"srcset":"https:\/\/i0.wp.com\/historiografija.hr\/wp-content\/uploads\/2026\/04\/Vitestvo.jpg?fit=1080%2C565&ssl=1&resize=350%2C200 1x, https:\/\/i0.wp.com\/historiografija.hr\/wp-content\/uploads\/2026\/04\/Vitestvo.jpg?fit=1080%2C565&ssl=1&resize=525%2C300 1.5x, https:\/\/i0.wp.com\/historiografija.hr\/wp-content\/uploads\/2026\/04\/Vitestvo.jpg?fit=1080%2C565&ssl=1&resize=700%2C400 2x, https:\/\/i0.wp.com\/historiografija.hr\/wp-content\/uploads\/2026\/04\/Vitestvo.jpg?fit=1080%2C565&ssl=1&resize=1050%2C600 3x"},"classes":[]},{"id":52520,"url":"https:\/\/historiografija.hr\/?p=52520","url_meta":{"origin":4713,"position":1},"title":"Predstavljanje knjige &#8220;Socialist Economics in Yugoslavia: A Critical History&#8221; u Zagrebu","author":"Branimir Jankovi\u0107","date":"17. travnja 2026.","format":false,"excerpt":"Pozivamo vas na predstavljanje knjige \"Socialist Economics in Yugoslavia: A Critical History\", autora Mislava \u00a0\u017ditka i Marka Grde\u0161i\u0107a (Routledge, 2026). Na predstavljanju \u0107e govoriti Branko Milanovi\u0107 (CUNY), Milica Uvali\u0107 (EUI), Zdravko Petak (FPZG) te autori.\u00a0 Predstavljanje \u0107e se odr\u017eati u srijedu 22. travnja u 16:00 sati na Fakultetu politi\u010dkih znanosti\u2026","rel":"","context":"U &quot;Novosti&quot;","block_context":{"text":"Novosti","link":"https:\/\/historiografija.hr\/?cat=3"},"img":{"alt_text":"","src":"https:\/\/i0.wp.com\/historiografija.hr\/wp-content\/uploads\/2026\/04\/Poziv-na-predstavljanje.png?fit=800%2C652&ssl=1&resize=350%2C200","width":350,"height":200,"srcset":"https:\/\/i0.wp.com\/historiografija.hr\/wp-content\/uploads\/2026\/04\/Poziv-na-predstavljanje.png?fit=800%2C652&ssl=1&resize=350%2C200 1x, https:\/\/i0.wp.com\/historiografija.hr\/wp-content\/uploads\/2026\/04\/Poziv-na-predstavljanje.png?fit=800%2C652&ssl=1&resize=525%2C300 1.5x, https:\/\/i0.wp.com\/historiografija.hr\/wp-content\/uploads\/2026\/04\/Poziv-na-predstavljanje.png?fit=800%2C652&ssl=1&resize=700%2C400 2x"},"classes":[]},{"id":52552,"url":"https:\/\/historiografija.hr\/?p=52552","url_meta":{"origin":4713,"position":2},"title":"Besplatni glazbeni antikvarijat","author":"Branimir Jankovi\u0107","date":"20. travnja 2026.","format":false,"excerpt":"Muzi\u010dka akademija Sveu\u010dili\u0161ta u Zagrebu 23. travnja 2026. od 10 do 17 sati Pozivamo Vas na Besplatni glazbeni antikvarijat, koji u sklopu manifestacije No\u0107 knjige 2026. organizira Hrvatska udruga muzi\u010dkih knji\u017enica, arhiva i dokumentacijskih centara (HUMKAD). Antikvarijat \u0107e se odr\u017eati na Svjetski dan knjige \u2013 u \u010detvrtak 23. travnja 2026.\u2026","rel":"","context":"U &quot;Novosti&quot;","block_context":{"text":"Novosti","link":"https:\/\/historiografija.hr\/?cat=3"},"img":{"alt_text":"","src":"https:\/\/i0.wp.com\/historiografija.hr\/wp-content\/uploads\/2026\/04\/Besplatni-glazbeni-antikvarijat-23.-4.-2026.jpg?fit=1200%2C848&ssl=1&resize=350%2C200","width":350,"height":200,"srcset":"https:\/\/i0.wp.com\/historiografija.hr\/wp-content\/uploads\/2026\/04\/Besplatni-glazbeni-antikvarijat-23.-4.-2026.jpg?fit=1200%2C848&ssl=1&resize=350%2C200 1x, https:\/\/i0.wp.com\/historiografija.hr\/wp-content\/uploads\/2026\/04\/Besplatni-glazbeni-antikvarijat-23.-4.-2026.jpg?fit=1200%2C848&ssl=1&resize=525%2C300 1.5x, https:\/\/i0.wp.com\/historiografija.hr\/wp-content\/uploads\/2026\/04\/Besplatni-glazbeni-antikvarijat-23.-4.-2026.jpg?fit=1200%2C848&ssl=1&resize=700%2C400 2x, https:\/\/i0.wp.com\/historiografija.hr\/wp-content\/uploads\/2026\/04\/Besplatni-glazbeni-antikvarijat-23.-4.-2026.jpg?fit=1200%2C848&ssl=1&resize=1050%2C600 3x"},"classes":[]},{"id":52528,"url":"https:\/\/historiografija.hr\/?p=52528","url_meta":{"origin":4713,"position":3},"title":"[Promocija knjige] Banja Luka u ratu: Etnopolitika i svakodnevica (1990\u20131995) (ActiveLab, YugoLab)","author":"Branimir Jankovi\u0107","date":"17. travnja 2026.","format":false,"excerpt":"Institut za filozofiju i dru\u0161tvenu teoriju i O\u0161tra Nula organizuju promociju knjige Banja Luka u ratu: Etnopolitika i svakodnevica (1990\u20131995) autorke Armine Galija\u0161, koja \u0107e se odr\u017eati 20. aprila 2026. u 12.00 sati u prostorijama Instituta (Kraljice Natalije 45, Beograd). Re\u010d je o prvom nau\u010dno utemeljenom i sistematskom radu koji\u2026","rel":"","context":"U &quot;Novosti&quot;","block_context":{"text":"Novosti","link":"https:\/\/historiografija.hr\/?cat=3"},"img":{"alt_text":"","src":"https:\/\/i0.wp.com\/historiografija.hr\/wp-content\/uploads\/2026\/04\/20-april-RS.jpg?fit=1200%2C675&ssl=1&resize=350%2C200","width":350,"height":200,"srcset":"https:\/\/i0.wp.com\/historiografija.hr\/wp-content\/uploads\/2026\/04\/20-april-RS.jpg?fit=1200%2C675&ssl=1&resize=350%2C200 1x, https:\/\/i0.wp.com\/historiografija.hr\/wp-content\/uploads\/2026\/04\/20-april-RS.jpg?fit=1200%2C675&ssl=1&resize=525%2C300 1.5x, https:\/\/i0.wp.com\/historiografija.hr\/wp-content\/uploads\/2026\/04\/20-april-RS.jpg?fit=1200%2C675&ssl=1&resize=700%2C400 2x, https:\/\/i0.wp.com\/historiografija.hr\/wp-content\/uploads\/2026\/04\/20-april-RS.jpg?fit=1200%2C675&ssl=1&resize=1050%2C600 3x"},"classes":[]},{"id":52603,"url":"https:\/\/historiografija.hr\/?p=52603","url_meta":{"origin":4713,"position":4},"title":"No\u0107 knjige: Carska i kraljevska kuhinja","author":"Branimir Jankovi\u0107","date":"22. travnja 2026.","format":false,"excerpt":"Pozivamo vas da nam se pridru\u017eite 23. travnja 2026. u 18 sati u obilje\u017eavanju No\u0107i knjige u Pivnici Bobi&Rudi na Trgu Ivana Me\u0161trovi\u0107a u Zapru\u0111u u Zagrebu gdje uz kavu \u010ditamo recepte iz zemalja Austro-Ugarske Monarhije iz knjige Carska i kraljevska kuhinja, autora Roberta Mak\u0142owicza, u prijevodu Damira Agi\u010di\u0107a. Izvor:\u2026","rel":"","context":"U &quot;Novosti&quot;","block_context":{"text":"Novosti","link":"https:\/\/historiografija.hr\/?cat=3"},"img":{"alt_text":"","src":"https:\/\/i0.wp.com\/historiografija.hr\/wp-content\/uploads\/2026\/04\/Noc-knjige-Carska-i-kraljevska.jpg?fit=1200%2C1200&ssl=1&resize=350%2C200","width":350,"height":200,"srcset":"https:\/\/i0.wp.com\/historiografija.hr\/wp-content\/uploads\/2026\/04\/Noc-knjige-Carska-i-kraljevska.jpg?fit=1200%2C1200&ssl=1&resize=350%2C200 1x, https:\/\/i0.wp.com\/historiografija.hr\/wp-content\/uploads\/2026\/04\/Noc-knjige-Carska-i-kraljevska.jpg?fit=1200%2C1200&ssl=1&resize=525%2C300 1.5x, https:\/\/i0.wp.com\/historiografija.hr\/wp-content\/uploads\/2026\/04\/Noc-knjige-Carska-i-kraljevska.jpg?fit=1200%2C1200&ssl=1&resize=700%2C400 2x, https:\/\/i0.wp.com\/historiografija.hr\/wp-content\/uploads\/2026\/04\/Noc-knjige-Carska-i-kraljevska.jpg?fit=1200%2C1200&ssl=1&resize=1050%2C600 3x"},"classes":[]},{"id":52592,"url":"https:\/\/historiografija.hr\/?p=52592","url_meta":{"origin":4713,"position":5},"title":"Predstavljanje knjige &#8220;Turska ku\u0107a u Rijeci&#8221; u Zagrebu","author":"Branimir Jankovi\u0107","date":"22. travnja 2026.","format":false,"excerpt":"U prostorijama Turskog kulturnog centra Yunus Emre u Zagrebu, u utorak 21. travnja 2026. godine, odr\u017eano je sve\u010dano predstavljanje dopunjenog izdanja knjige Turska ku\u0107a u Rijeci, u organizaciji Hrvatsko-turskog dru\u0161tva Rijeka i partnerstvu sa Skupinom prijateljstva Hrvatska-Turska Hrvatskog sabora, Veleposlanstvom Republike Turske u Republici Hrvatskoj te Turskim kulturnim centrom Yunus\u2026","rel":"","context":"U &quot;Novosti&quot;","block_context":{"text":"Novosti","link":"https:\/\/historiografija.hr\/?cat=3"},"img":{"alt_text":"","src":"https:\/\/i0.wp.com\/historiografija.hr\/wp-content\/uploads\/2026\/04\/Turska-kuca-ZG.jpg?fit=1200%2C800&ssl=1&resize=350%2C200","width":350,"height":200,"srcset":"https:\/\/i0.wp.com\/historiografija.hr\/wp-content\/uploads\/2026\/04\/Turska-kuca-ZG.jpg?fit=1200%2C800&ssl=1&resize=350%2C200 1x, https:\/\/i0.wp.com\/historiografija.hr\/wp-content\/uploads\/2026\/04\/Turska-kuca-ZG.jpg?fit=1200%2C800&ssl=1&resize=525%2C300 1.5x, https:\/\/i0.wp.com\/historiografija.hr\/wp-content\/uploads\/2026\/04\/Turska-kuca-ZG.jpg?fit=1200%2C800&ssl=1&resize=700%2C400 2x, https:\/\/i0.wp.com\/historiografija.hr\/wp-content\/uploads\/2026\/04\/Turska-kuca-ZG.jpg?fit=1200%2C800&ssl=1&resize=1050%2C600 3x"},"classes":[]}],"_links":{"self":[{"href":"https:\/\/historiografija.hr\/index.php?rest_route=\/wp\/v2\/posts\/4713","targetHints":{"allow":["GET"]}}],"collection":[{"href":"https:\/\/historiografija.hr\/index.php?rest_route=\/wp\/v2\/posts"}],"about":[{"href":"https:\/\/historiografija.hr\/index.php?rest_route=\/wp\/v2\/types\/post"}],"author":[{"embeddable":true,"href":"https:\/\/historiografija.hr\/index.php?rest_route=\/wp\/v2\/users\/2"}],"replies":[{"embeddable":true,"href":"https:\/\/historiografija.hr\/index.php?rest_route=%2Fwp%2Fv2%2Fcomments&post=4713"}],"version-history":[{"count":1,"href":"https:\/\/historiografija.hr\/index.php?rest_route=\/wp\/v2\/posts\/4713\/revisions"}],"predecessor-version":[{"id":4715,"href":"https:\/\/historiografija.hr\/index.php?rest_route=\/wp\/v2\/posts\/4713\/revisions\/4715"}],"wp:featuredmedia":[{"embeddable":true,"href":"https:\/\/historiografija.hr\/index.php?rest_route=\/wp\/v2\/media\/4714"}],"wp:attachment":[{"href":"https:\/\/historiografija.hr\/index.php?rest_route=%2Fwp%2Fv2%2Fmedia&parent=4713"}],"wp:term":[{"taxonomy":"category","embeddable":true,"href":"https:\/\/historiografija.hr\/index.php?rest_route=%2Fwp%2Fv2%2Fcategories&post=4713"},{"taxonomy":"post_tag","embeddable":true,"href":"https:\/\/historiografija.hr\/index.php?rest_route=%2Fwp%2Fv2%2Ftags&post=4713"}],"curies":[{"name":"wp","href":"https:\/\/api.w.org\/{rel}","templated":true}]}}