{"id":47121,"date":"2025-06-27T22:16:01","date_gmt":"2025-06-27T22:16:01","guid":{"rendered":"https:\/\/historiografija.hr\/?p=47121"},"modified":"2025-06-27T22:16:01","modified_gmt":"2025-06-27T22:16:01","slug":"14-festival-miroslav-krleza-2025","status":"publish","type":"post","link":"https:\/\/historiografija.hr\/?p=47121","title":{"rendered":"14. festival Miroslav Krle\u017ea 2025."},"content":{"rendered":"\n<p>U avanturu 14. festivala Miroslav Krle\u017ea ulazimo gerilski, s nesmanjenim entuzijazmom.<\/p>\n\n\n\n<p>Od 28. lipnja do 7. srpnja 2025. u dvori\u0161tu Akademije likovnih umjetnosti, Ilica 85, Zagreba\u010dkom plesnom centru, Ilica 10 i Kazali\u0161noj kavani Kavkaz (partneri ovogodi\u0161njeg Festivala MK) <strong>Goran Matovi\u0107, autor i ravnatelj Festivala Miroslav Krle\u017ea<\/strong> sa svojim suradnicama (izvr\u0161na producentica <strong>Iva Srnec<\/strong>, voditeljica protokola i odnosa s javno\u0161\u0107u <strong>Irena \u0160ekez Sestri\u0107<\/strong>) ve\u0107 \u010detrnaestu godinu zaredom nudi bogat i raznovrstan program \u010dime se <strong>Festival Miroslav Krle\u017ea<\/strong> potvrdio kao kultni doga\u0111aj zagreba\u010dkog ljeta i sretno mjesto susreta Krle\u017ee, umjetnika i publike.<\/p>\n\n\n\n<p>Festival otvaramo u subotu 28. lipnja u 21h u dvori\u0161tu Akademije likovnih umjetnosti premijerom Krle\u017einog putopisa <strong>Izlet u Rusiju<\/strong> iz 1925. u re\u017eiji <strong>Sare Stani\u0107<\/strong> i dramatizaciji <strong>Mirne Rustemovi\u0107<\/strong>. Stvaramo Krle\u017eino putopisno putuju\u0107e kazali\u0161te u izvedbi <strong>Biserke Ip\u0161e<\/strong> i <strong>plesne skupine \u0160kvadra<\/strong>. Repriza je 29. lipnja, zatim se vra\u0107amo Krle\u017einim Baladama, <strong>Adamu Kon\u010di\u0107u<\/strong> i predstavi <strong>Ni med cvetjem ni pravice<\/strong> u ponedjeljak 30. lipnja u 21h (dvori\u0161te ALU).<\/p>\n\n\n\n<p>Srpanj zapo\u010dinjemo autorskim projektom Gorana Matovi\u0107a <strong>Krle\u017ea \u2013 Sjetite me se 2022.<\/strong> u re\u017eiji K<strong>re\u0161imira Dolen\u010di\u0107a<\/strong> (1. srpnja u 21h, dvori\u0161te ALU).<\/p>\n\n\n\n<p>Nastavljamo predstavom <strong>Krle\u017ea \u2013 Dovi\u0111enja na nebu<\/strong> u re\u017eiji <strong>Ivana Planini\u0107a<\/strong> u srijedu 2. srpnja (21h, dvori\u0161te ALU). Predstavu <strong>Krle\u017ea \u2013 Bobo\u010dka<\/strong>, <strong>drugih sto stranica Filipa Latinovicza<\/strong> (\u010detvrtak 3. srpnja, 21h, dvori\u0161te ALU) izvodi <strong>Ecija Ojdani\u0107<\/strong>, dok re\u017eiju potpisuje <strong>Ivan Leo Lemo<\/strong>.<\/p>\n\n\n\n<p>Ve\u0107 idu\u0107i dan odlazimo na tradicionalno <strong>Putovanje Krle\u017einim zagreba\u010dkim adresama<\/strong> (petak, 4. srpnja od 18 &#8211; 20h) prema zamisli <strong>Marine Bagari\u0107 i Gorana Matovi\u0107a <\/strong>gdje \u0107e se publika turisti\u010dkim autobusom na kat uz pratnju glumaca (<strong>Jelena Miholjevi\u0107 i Nik\u0161a Marinovi\u0107<\/strong>) voziti Zagrebom i posjetiti pet adresa na kojima je Krle\u017ea \u017eivio i stvarao.<\/p>\n\n\n\n<p>Ususret Krle\u017einu ro\u0111endanu, u nedjelju 6. srpnja u 21h u Zagreba\u010dkom plesnom centru, Ilica 10, <strong>Branka Cvitkovi\u0107<\/strong> premijerno izvodi monodramu <strong>Pod maskom<\/strong> koja svoje ishodi\u0161te, postament i okvir ima u istoimenoj Krle\u017einoj noveli. Velika glumica Krle\u017eina teatra Branka Cvitkovi\u0107, prema zamisli <strong>Lade \u010cale Feldman,<\/strong> re\u017eiji <strong>Tamare Damjanovi\u0107<\/strong> i kostimu <strong>\u0110enise Pecoti\u0107 <\/strong>ponovno \u0107e potvrditi snagu svog gluma\u010dkog umije\u0107a. Repriza predstve je u ponedjeljak 7. srpnja.<\/p>\n\n\n\n<p>U popratnom programu nastavljamo tradicionalne naslove i nove doga\u0111aje:<\/p>\n\n\n\n<p><strong>Okrugli stol \u2013 Izlet u Rusiju<\/strong> kao uvod u ovogodi\u0161nji 14. festival Miroslav Krle\u017ea odr\u017ean je 17. lipnja u Hrvatskom dr\u017eavnom arhivu (govorili su Katarina Peovi\u0107, Snje\u017eana Banovi\u0107, Nata\u0161a Govedi\u0107, Bo\u017eo Kova\u010devi\u0107, Vlaho Bogi\u0161i\u0107, Silvio Ferarri i Goran Matovi\u0107, autor i ravnatelj Festivala Miroslav Krle\u017ea.<\/p>\n\n\n\n<p><strong>Izlo\u017eba Krle\u017ea \/ Dijalozi<\/strong> &#8211; Lidija \u0160eler, Nina Atevi\u0107 Murti\u0107, Carolina Barbari\u0107, John Mili\u010di\u0107, Alba Mio\u010dev, Natalija Bor\u010di\u0107, Mihael Ba\u0111un otvara se u utorak 1. srpnja u 20h u Galeriji Josip Ra\u010di\u0107 i traje do kraja ovogodi\u0161njeg festivala. Izlo\u017ebu otvaraju povijesni\u010dar umjetnosti <strong>Frano Dulibi\u0107 i Goran Matovi\u0107<\/strong>.<\/p>\n\n\n\n<p>U srijedu 2. srpnja u 12 sati otvara se tradicionalna izlo\u017eba <strong>Iz Autorova pera \u2013 rukopisna gra\u0111a Miroslava Krle\u017ee<\/strong> u Nacionalnoj i sveu\u010dili\u0161noj knji\u017enici u Zagrebu.<\/p>\n\n\n\n<p>I za kraj, proslava Krle\u017eina 132. ro\u0111endana tradicionalnim gastronomsko-nadrealisti\u010dkim susretom <strong>Doru\u010dak kod Krle\u017ee<\/strong> (7. 7. u 7 sati ujutro \u2013 vrijeme Krle\u017eina ro\u0111enja) u kazali\u0161noj kavani Kavkaz (Trg Republike Hrvatske 1). U programu koji je zami\u0161ljen kao spoj glume, glazbe i gastronomije u bijelom (slu\u017ebeni dress code) sudjeluju <strong>Iva Bolan\u010da, Jelena Miholjevi\u0107, Irena \u0160ekez Sestri\u0107, Nik\u0161a Marinovi\u0107, Nina Romi\u0107, Jelena Gali\u0107 i Goran Matovi\u0107<\/strong>.<\/p>\n\n\n\n<p>Autor vizualnog identiteta 14. festivala Miroslav Krle\u017ea je <strong>Mirko Ili\u0107<\/strong>, grafi\u010dki dizajner i ilustrator s ameri\u010dkom adresom koji je za dizajn plakata na\u0161eg Festivala dobio <strong>nagradu PRINT Award najpresti\u017enijeg ameri\u010dkog \u010dasopisa za dizajn Print<\/strong>.<\/p>\n\n\n\n<p>&nbsp;Festival Miroslav Krle\u017ea gubi i nalazi nove prostore. Putujemo i selimo se kao sretni \u201enomadi ljepote\u201c. Zagreb nam se neprekidno otvara novim scenama Krle\u017eina ambijentalnog teatra. Vra\u0107amo se Krle\u017ei kao velikom sugovorniku koji je naslu\u0107ivao dramu dana\u0161njeg svijeta. Uz podr\u0161ku Grada Zagreba, Ministarstva kulture i medija, Turisti\u010dke zajednice grada Zagreba, Grada Koprivnice, partnera i donatora \u2013 prijatelja Festivala, vjerujemo da \u0107emo i u 2025. godini publici ponuditi program dostojan Krle\u017eina imena.<\/p>\n\n\n\n<p>Sve dodatne informacije o programu i ulaznicama 14. Festivala Miroslav Krle\u017ea dostupne su na&nbsp;<a href=\"https:\/\/www.facebook.com\/teatarpoezije\" target=\"_blank\" rel=\"noreferrer noopener\">Facebook stranici<\/a>, a ulaznice mo\u017eete kupiti&nbsp;<a href=\"https:\/\/www.ulaznice.hr\/web\/regular\/48692813\" target=\"_blank\" rel=\"noreferrer noopener\">online<\/a>.<\/p>\n\n\n\n<hr class=\"wp-block-separator has-alpha-channel-opacity\"\/>\n","protected":false},"excerpt":{"rendered":"","protected":false},"author":2,"featured_media":47122,"comment_status":"open","ping_status":"open","sticky":false,"template":"","format":"standard","meta":{"_acf_changed":false,"jetpack_post_was_ever_published":false,"_jetpack_newsletter_access":"","_jetpack_dont_email_post_to_subs":false,"_jetpack_newsletter_tier_id":0,"_jetpack_memberships_contains_paywalled_content":false,"_jetpack_memberships_contains_paid_content":false,"footnotes":"","jetpack_publicize_message":"","jetpack_publicize_feature_enabled":true,"jetpack_social_post_already_shared":true,"jetpack_social_options":{"image_generator_settings":{"template":"highway","default_image_id":0,"font":"","enabled":false},"version":2}},"categories":[22,3],"tags":[],"class_list":["post-47121","post","type-post","status-publish","format-standard","has-post-thumbnail","hentry","category-kazalisne-predstave","category-novosti"],"acf":{"facebook_opis":""},"jetpack_publicize_connections":[],"jetpack_featured_media_url":"https:\/\/i0.wp.com\/historiografija.hr\/wp-content\/uploads\/2025\/06\/Krleza.jpg?fit=500%2C261&ssl=1","jetpack_sharing_enabled":true,"jetpack-related-posts":[],"_links":{"self":[{"href":"https:\/\/historiografija.hr\/index.php?rest_route=\/wp\/v2\/posts\/47121","targetHints":{"allow":["GET"]}}],"collection":[{"href":"https:\/\/historiografija.hr\/index.php?rest_route=\/wp\/v2\/posts"}],"about":[{"href":"https:\/\/historiografija.hr\/index.php?rest_route=\/wp\/v2\/types\/post"}],"author":[{"embeddable":true,"href":"https:\/\/historiografija.hr\/index.php?rest_route=\/wp\/v2\/users\/2"}],"replies":[{"embeddable":true,"href":"https:\/\/historiografija.hr\/index.php?rest_route=%2Fwp%2Fv2%2Fcomments&post=47121"}],"version-history":[{"count":1,"href":"https:\/\/historiografija.hr\/index.php?rest_route=\/wp\/v2\/posts\/47121\/revisions"}],"predecessor-version":[{"id":47123,"href":"https:\/\/historiografija.hr\/index.php?rest_route=\/wp\/v2\/posts\/47121\/revisions\/47123"}],"wp:featuredmedia":[{"embeddable":true,"href":"https:\/\/historiografija.hr\/index.php?rest_route=\/wp\/v2\/media\/47122"}],"wp:attachment":[{"href":"https:\/\/historiografija.hr\/index.php?rest_route=%2Fwp%2Fv2%2Fmedia&parent=47121"}],"wp:term":[{"taxonomy":"category","embeddable":true,"href":"https:\/\/historiografija.hr\/index.php?rest_route=%2Fwp%2Fv2%2Fcategories&post=47121"},{"taxonomy":"post_tag","embeddable":true,"href":"https:\/\/historiografija.hr\/index.php?rest_route=%2Fwp%2Fv2%2Ftags&post=47121"}],"curies":[{"name":"wp","href":"https:\/\/api.w.org\/{rel}","templated":true}]}}