{"id":47112,"date":"2025-06-26T21:33:01","date_gmt":"2025-06-26T21:33:01","guid":{"rendered":"https:\/\/historiografija.hr\/?p=47112"},"modified":"2025-06-26T21:33:01","modified_gmt":"2025-06-26T21:33:01","slug":"emil-filetic-prikaz-knjige-danijel-frka-potonulo-blago-jadrana-ronilacki-vodic-po-olupinama-hrvatskog-jadrana-2023","status":"publish","type":"post","link":"https:\/\/historiografija.hr\/?p=47112","title":{"rendered":"Emil Fileti\u0107 &#8211; prikaz knjige &#8211; Danijel Frka, &#8220;Potonulo blago Jadrana: ronila\u010dki vodi\u010d po olupinama hrvatskog Jadrana&#8221;, 2023."},"content":{"rendered":"\n<p><strong>Danijel Frka, <em>Potonulo blago Jadrana: ronila\u010dki vodi\u010d po olupinama hrvatskog Jadrana<\/em>. Rijeka: Naklada Val, Hanza Media, 2023., 592 str.<\/strong><\/p>\n\n\n\n<hr class=\"wp-block-separator has-alpha-channel-opacity\"\/>\n\n\n\n<p>Danijel Frka hrvatski je podvodni istra\u017eiva\u010d, fotograf, pisac i povjesni\u010dar. Ro\u0111en je 1955. godine u Rijeci, po struci je in\u017eenjer prometa. Po\u010deo je roniti 1975. godine, a tri godine kasnije zapo\u010deo se baviti podvodnom fotografijom. Od 1988. do 2020. godine uspio je polo\u017eiti ispite za sve ronila\u010dke kategorije te je uz to i instruktor ronjenja ve\u0107 desetlje\u0107ima. Godine 2000. postao je i instruktor podvodne fotografije, a veliko priznanje za vlastiti rad dobio je 2011. godine na Svjetskom prvenstvu u podvodnoj fotografiji u Bodrumu u Turskoj gdje je osvojio bron\u010danu medalju u kategoriji \u201eAmbijent s modelom.\u201c Bio je \u010dlan ekspedicija na olupinu austrougarskog bojnog broda <em>Szent Istvan<\/em> 1995, 1996. i 1998. godine, istra\u017eivao je lokalitet lo\u0161injskog Apoksiomena, a 2005. godine bio je jedan od predvodnika ekspedicije u kojoj je prona\u0111ena oklopnja\u010da <em>Re d&#8217;Italia<\/em>, talijanski admiralski brod iz Vi\u0161ke bitke 1866. godine.<\/p>\n\n\n\n<p>Osim istra\u017eiva\u010dkog rada, vanjski je suradnik hidroarheolo\u0161kog odjela Ministarstva kulture i medija i Hrvatskog restauratorskog zavoda te brojnih \u010dasopisa, uklju\u010duju\u0107i britanski <em>Diver<\/em> i hrvatski <em>Vojna povijest<\/em>. Bio je autor i scenarist dokumentarne TV serije <em>Veliki brodolomi Jadrana<\/em> koja je 2007. godine dobila nagradu \u201eVe\u010dernjakov ekran\u201c. Koautor je knjiga <em>Hrvatski zrakoplovi u Domovinskom ratu<\/em>, <em>Zrakoplovstvo Nezavisne Dr\u017eave Hrvatske<\/em>, <em>Pomorsko zrakoplovstvo na Jadranu<\/em> i <em>Tajne Jadrana<\/em>, a od samostalnih publikacija isti\u010du se <em>Vis \u2013 posljednja nada<\/em> i <em>Potonulo blago Jadrana<\/em>. Ova posljednja knjiga objavljena je prvi put 2023. godine, izdava\u010di su Naklada Val i Hanza Media.<\/p>\n\n\n\n<p>Rije\u010d je o detaljnom ronila\u010dkom vodi\u010du za olupine brodova i zrakoplova u Jadranu koji sadr\u017ei kartu s lokacijama svih opisanih olupina (ima ih ukupno 75), predgovor vi\u0161eg konzervatora Jurice Bezaka iz Hrvatskog restauratorskog zavoda, autorov uvod, opise olupina podijeljene u tri velika poglavlja koji sadr\u017ee zapise o poznatoj povijesti svake olupine prije i poslije potonu\u0107a, njihove osnovne tehni\u010dke podatke, to\u010dne koordinate, ilustracije generalnog stanja svake olupine, upute za ronjenje na olupinama i mno\u0161tvo fotografija s opisanih lokaliteta. Nakon toga slijede op\u0107e upute za ronioce, autorov \u017eivotopis, sa\u017eetak na engleskom, autorove zahvale i sadr\u017eaj knjige.<\/p>\n\n\n\n<p>Knjiga po\u010dinje kartom s lokacijama svih opisanih olupina u Jadranu (str. 6-7), od krajnjeg sjeverozapada Istre do granice s crnogorskim vodama. Slijedi predgovor ve\u0107 spomenutog vi\u0161eg konzervatora Bezaka (str. 9) u kojem on hvali autora zbog ulo\u017eenog truda da predstavi jadranske olupine, objasni njihove sudbine i iznese \u0161to vi\u0161e va\u017enih i korisnih podataka prona\u0111enih u hrvatskim i stranim arhivima ne samo za turisti\u010dke ronioce, nego i za povjesni\u010dare i podvodne arheologe jer je literatura o povijesti ve\u0107ine jadranskih olupina vrlo ograni\u010dena ili ne postoji. Interdisciplinarni pristup posebno je istaknut i pohvaljen, a Bezak najvi\u0161e cijeni to \u0161to ova knjiga mo\u017ee razviti svijest o kulturnoj i tehni\u010dkoj ba\u0161tini na Jadranu.<\/p>\n\n\n\n<p>Slijedi uvod (str. 10-11) u kojem autor zahvaljuje svojim kolegama na pomo\u0107i oko prikupljanja materijala za knjigu i direktoru Naklade Val na entuzijazmu. Osim toga, obja\u0161njava da je ova knjiga svojevrsni nastavak i nadopuna na prethodne knjige <em>Tajne Jadrana<\/em> i <em>Blago Jadrana<\/em> napisane u suradnji s Jasenom Mesi\u0107em, u kojima je ve\u0107 predstavio brojne jadranske olupine po sli\u010dnoj formuli kao u ovoj knjizi, a u me\u0111uvremenu je prona\u0111eno jo\u0161 mnogo novih olupina koje je htio predstaviti. Pritom je stavio naglasak na brodove potonule u zadnja tri stolje\u0107a, uz iznimku rimskog brodoloma kod \u0160imuna na Pagu, i zrakoplove koji su se sru\u0161ili u more. Druge anti\u010dke i srednjovjekovne brodolome odlu\u010dio je izostaviti prvenstveno jer smatra da zaslu\u017euju zasebnu knjigu. Cilj je knjige stvoriti svijest o hrvatskoj podvodnoj ba\u0161tini sa\u010duvanoj u svojevrsnom muzeju na otvorenom.<\/p>\n\n\n\n<p>Nakon toga po\u010dinje prvo veliko poglavlje o samim olupinama (str. 12-291) koje pokriva vode od Savudrije do (pribli\u017eno) linije Susak-sjeverni Pag. Opisano je trideset i devet olupina; sve su to potonuli brodovi, brodice i \u010damci, a od njih dvadeset i jedan su civilni brodovi, a ostalih osamnaest ratni. Opis svake olupine po\u010dinje velikom tehni\u010dkom ilustracijom njezina op\u0107eg stanja s prilo\u017eenim (poznatim) podacima o datumu gradnje i potonu\u0107a, uzroku incidenta, vlasniku u vrijeme potonu\u0107a, osnovnim tehni\u010dkim podacima, koordinatama, dubini i savjetima za ronioce. Slijedi povijest doti\u010dnog potonulog broda i opis incidenta u kojem je potonuo, a nakon toga opis lokaliteta danas s uputama i preporukama za ronioce. Uz to su prilo\u017eene fotografije broda prije potonu\u0107a i najzanimljivijih dijelova olupine. Od potonulih brodova u ovom poglavlju, vrijedilo bi istaknuti austrougarski luksuzni putni\u010dki parobrod <em>Baron Gautsch<\/em>, koji le\u017ei u moru zapadno od Brijuna, razara\u010d <em>TA 36<\/em> kod Brestove u Istri, teretne parobrode <em>Lina<\/em> i <em>Kalliopi<\/em> oko Cresa, od kojih je potonji pripadao legendarnoj ameri\u010dkoj klasi <em>Liberty<\/em>, nepoznati jedrenjak s teretom topova s po\u010detka 19. stolje\u0107a kod otoka Plavnika i razara\u010d <em>TA 45<\/em> kod Novog Vinodolskog.<\/p>\n\n\n\n<p>Drugo se poglavlje (str. 292-405) bavi olupinama od linije Pag-Premuda do Rogoznice. Sadr\u017ei petnaest olupina, me\u0111u njima trinaest brodova i \u010damaca, od kojih su \u010detiri ratni, a ostali civilni, i dva ratna zrakoplova. Ponavlja se ista formula opisa kao iz prethodnog poglavlja. Me\u0111u olupinama isti\u010du se austrougarski bojni brod <em>Szent Istvan<\/em>, koji je i najve\u0107a olupina u hrvatskim vodama, njema\u010dki obru\u0161avaju\u0107i bombarder <em>Ju-87<\/em> kod \u017dirja, ve\u0107 spomenutu olupinu rimskog broda kod Paga, obli\u017enji teretni brod <em>Euterpe<\/em> na kojem je poginulo vi\u0161e od petsto austrougarskih vojnika (!) i jugoslavenski mlazni juri\u0161ni zrakoplov <em>J-21 Jastreb<\/em> kod Rogoznice.<\/p>\n\n\n\n<p>Tre\u0107e i posljednje poglavlje (str. 406-559) bavi se olupinama od Hvara do Prevlake i Palagru\u017ee. Opisana je dvadeset i jedna olupina, od kojih je pet ameri\u010dkih ratnih zrakoplova, a brodovi su razli\u010ditih pripadnosti i jednako podijeljeni na civilne i ratne. Ve\u0107ina olupina nalazi se oko otoka Visa. Isti\u010du se talijanske oklopnja\u010de <em>Re d&#8217;Italia<\/em> i <em>Palestro <\/em>potopljene u Vi\u0161koj bitki 1866. godine, naoru\u017eani jedrenjak s po\u010detka 19. stolje\u0107a, tako\u0111er kod Visa, njema\u010dki torpedni \u010damac <em>S-57<\/em> kod Pelje\u0161ca, austrougarska krstarica <em>Kaiser Franz Josef I<\/em> kod Prevlake i teretni parobrod <em>Centauro <\/em>na hridi Pupak kod Palagru\u017ee koji je posebno zanimljiv jer le\u017ei povrh najmanje tri starije olupine, od kojih je jedna anti\u010dki brod, druga mleta\u010dki jedrenjak iz 16. stolje\u0107a, a tre\u0107a jedrenjak iz 19. stolje\u0107a, \u0161to samo po sebi govori koliko je ovaj dio Jadrana opasan.<\/p>\n\n\n\n<p>Slijede osnovne upute za ronjenje na olupinama (str. 560-561), pravila pona\u0161anja oko olupina (562), autorov \u017eivotopis (563), sa\u017eetak knjige na engleskom (564), zahvale (565), popis sponzora (566-589), sadr\u017eaj (590-591) i podaci o izdanju (592).<\/p>\n\n\n\n<p>Frkino <em>Potonulo blago Jadrana<\/em> mo\u017ee se smatrati iznimno korisnim izvorom podataka o olupinama u hrvatskom dijelu Jadrana. Iako nije primarno historiografska, ova knjiga ima odre\u0111enu vrijednost i iz tog kuta gledi\u0161ta zbog Frkinih detaljnih opisa incidenata koji su doveli do potonu\u0107a brodova i zrakoplova navedenih u knjizi, kao i njihove povijesne pozadine, od \u010dega ni jedno ni drugo u ve\u0107ini slu\u010dajeva vjerojatno nikad ne bi iza\u0161lo u javnost. Neke su nesre\u0107e i u svoje vrijeme pro\u0161le posve neopa\u017eeno; primjerice, kad se 1894. godine brod <em>Etnea<\/em> nasukao i potonuo kod Unija, o toj nesre\u0107i ni u jednim va\u017enijim novinama u hrvatskom dijelu Austro-Ugarske (<em>Narodne novine<\/em>, <em>Obzor<\/em>, <em>Jedinstvo<\/em>\u2026) nije bilo ni rije\u010di o tome. Masakr na brodu <em>Euterpe<\/em> tako\u0111er je prakti\u010dki zaboravljena tragedija, a olupine ameri\u010dkih bombardera svjedo\u010de o va\u017enosti ju\u017enog Jadrana, pogotovo Visa, u savezni\u010dkoj borbi protiv nacisti\u010dke Njema\u010dke.<\/p>\n\n\n\n<p>Frka te doga\u0111aje na upe\u010datljiv na\u010din izvodi na vidjelo, te pritom koristi i neke vrlo rijetke izvore poput dnevnika kapetana Friedricha-Karla Birnbauma koji je zapovijedao njema\u010dkom flotom u borbi u kojoj je potopljen razara\u010d <em>TA 45<\/em>. Pohvalno je i kori\u0161tenje rijetkih fotografija poput one spomenutog razara\u010da u neidentificiranoj luci, fotografije teretnog parobroda <em>Regolo<\/em> u Senju snimljene samo nekoliko dana prije nego ga je uni\u0161tila orkanska bura i jedine poznate fotografije parobroda <em>Lina<\/em>. Sve to ovu knjigu izdi\u017ee iznad obi\u010dnog vodi\u010da za turiste.<\/p>\n\n\n\n<p>Od nedostataka mo\u017eemo navesti povremene nedosljednosti u tekstu; na primjer, u tehni\u010dkim podacima parobroda <em>Centauro<\/em> pi\u0161e da mu je trup bio napravljen od \u017eeljeza, a u tekstu o njegovoj povijesti od \u010delika, \u0161to je zna\u010dajna razlika. Na nekim mjestima mogu se uo\u010diti i tiskarske gre\u0161ke i tipfeleri, no niti jedan nedostatak nije u\u010destala pojava. Osim toga, povijest olupina uglavnom je prikazana prepri\u010davanjem, a na nekim mjestima kriti\u010dka bi analiza doga\u0111aja mogla biti detaljnija, dok bi, recimo, in\u017eenjeri strojarstva mogli po\u017eeljeti jo\u0161 vi\u0161e tehni\u010dkih podataka, no to bi osjetno pove\u0107alo opseg knjige.<\/p>\n\n\n\n<p>Mo\u017ee se, dakle, zaklju\u010diti da, iako nije idealan izvor podataka za neki znanstveni rad na podru\u010dju povijesti ili arheologije, ova knjiga Danijela Frke mo\u017ee biti vrlo korisna po\u010detna to\u010dka za daljnja znanstvena istra\u017eivanja jer pokazuje koliko je povijest pomorstva na Jadranu bila turbulentna i koliko je tragedija i\u0161\u010deznulo iz kolektivnog sje\u0107anja, a povjesni\u010dari i arheolozi imaju velik i te\u017eak zadatak da ih izvedu na svjetlo dana kako njihove brojne \u017ertve ne bi bile uzaludne.<\/p>\n\n\n\n<p><em>Emil Fileti\u0107<\/em><\/p>\n\n\n\n<hr class=\"wp-block-separator has-alpha-channel-opacity\"\/>\n","protected":false},"excerpt":{"rendered":"","protected":false},"author":2,"featured_media":0,"comment_status":"open","ping_status":"open","sticky":false,"template":"","format":"standard","meta":{"_acf_changed":false,"jetpack_post_was_ever_published":false,"_jetpack_newsletter_access":"","_jetpack_dont_email_post_to_subs":false,"_jetpack_newsletter_tier_id":0,"_jetpack_memberships_contains_paywalled_content":false,"_jetpack_memberships_contains_paid_content":false,"footnotes":"","jetpack_publicize_message":"","jetpack_publicize_feature_enabled":true,"jetpack_social_post_already_shared":true,"jetpack_social_options":{"image_generator_settings":{"template":"highway","default_image_id":0,"font":"","enabled":false},"version":2}},"categories":[4],"tags":[],"class_list":["post-47112","post","type-post","status-publish","format-standard","hentry","category-osvrti"],"acf":{"facebook_opis":""},"jetpack_publicize_connections":[],"jetpack_featured_media_url":"","jetpack_sharing_enabled":true,"jetpack-related-posts":[{"id":52760,"url":"https:\/\/historiografija.hr\/?p=52760","url_meta":{"origin":47112,"position":0},"title":"Izlo\u017eba \u201cLo\u0161injski brodovi, njihove zastave i ljudi\u201d, 4. svibnja u 19h","author":"Filip \u0160imunjak","date":"30. travnja 2026.","format":false,"excerpt":"Hrvatski pomorski muzej Split, Glagolja\u0161a 18 (Tvr\u0111ava Gripe) Nakon \u0161to je u rujnu 2025. godine na otoku Lo\u0161inju, u suradnji Lo\u0161injskog muzeja i Hrvatskog pomorskog muzeja Split, predstavljena izlo\u017eba posve\u0107ena bogatoj pomorskoj ba\u0161tini otoka, njezino pro\u0161ireno izdanje postavlja se u Splitu. Uo\u010di blagdana svetog Dujma splitskoj \u0107e se publici predstaviti\u2026","rel":"","context":"U &quot;Izlo\u017ebe&quot;","block_context":{"text":"Izlo\u017ebe","link":"https:\/\/historiografija.hr\/?cat=10"},"img":{"alt_text":"","src":"https:\/\/i0.wp.com\/historiografija.hr\/wp-content\/uploads\/2026\/04\/Losinjski-brodovi-Izlozba-1-scaled.webp?fit=840%2C1200&ssl=1&resize=350%2C200","width":350,"height":200,"srcset":"https:\/\/i0.wp.com\/historiografija.hr\/wp-content\/uploads\/2026\/04\/Losinjski-brodovi-Izlozba-1-scaled.webp?fit=840%2C1200&ssl=1&resize=350%2C200 1x, https:\/\/i0.wp.com\/historiografija.hr\/wp-content\/uploads\/2026\/04\/Losinjski-brodovi-Izlozba-1-scaled.webp?fit=840%2C1200&ssl=1&resize=525%2C300 1.5x, https:\/\/i0.wp.com\/historiografija.hr\/wp-content\/uploads\/2026\/04\/Losinjski-brodovi-Izlozba-1-scaled.webp?fit=840%2C1200&ssl=1&resize=700%2C400 2x"},"classes":[]},{"id":52543,"url":"https:\/\/historiografija.hr\/?p=52543","url_meta":{"origin":47112,"position":1},"title":"Znanstveno-stru\u010dni skup \u201eOto\u010dne pu\u010dke pobo\u017enosti: kontinuiteti i transformacije\u201c","author":"Branimir Jankovi\u0107","date":"20. travnja 2026.","format":false,"excerpt":"Najavljujemo\u00a0znanstveno-stru\u010dni skup \u201eOto\u010dne pu\u010dke pobo\u017enosti: kontinuiteti i transformacije\u201c,\u00a0koji \u0107e se odr\u017eati\u00a0u Rabu od 24. do 26. travnja 2026.,\u00a0u organizaciji i uz potporu\u00a0Instituta za etnologiju i folkloristiku, Zagreb, \u00a0Grada Raba, Pu\u010dkog otvorenog u\u010dili\u0161ta Rab i Centra za istra\u017eivanje srednjovjekovne ba\u0161tine Jadrana RIMAH. Skup okuplja vode\u0107e doma\u0107e stru\u010dnjake koji \u0107e kroz niz\u2026","rel":"","context":"U &quot;Novosti&quot;","block_context":{"text":"Novosti","link":"https:\/\/historiografija.hr\/?cat=3"},"img":{"alt_text":"","src":"https:\/\/i0.wp.com\/historiografija.hr\/wp-content\/uploads\/2026\/04\/Skup_Rab.jpg?fit=848%2C1200&ssl=1&resize=350%2C200","width":350,"height":200,"srcset":"https:\/\/i0.wp.com\/historiografija.hr\/wp-content\/uploads\/2026\/04\/Skup_Rab.jpg?fit=848%2C1200&ssl=1&resize=350%2C200 1x, https:\/\/i0.wp.com\/historiografija.hr\/wp-content\/uploads\/2026\/04\/Skup_Rab.jpg?fit=848%2C1200&ssl=1&resize=525%2C300 1.5x, https:\/\/i0.wp.com\/historiografija.hr\/wp-content\/uploads\/2026\/04\/Skup_Rab.jpg?fit=848%2C1200&ssl=1&resize=700%2C400 2x"},"classes":[]},{"id":52666,"url":"https:\/\/historiografija.hr\/?p=52666","url_meta":{"origin":47112,"position":2},"title":"Najava programa Festivala povijesti Kliofest (5-8. V. 2026)","author":"Branimir Jankovi\u0107","date":"24. travnja 2026.","format":false,"excerpt":"Po trinaesti put odr\u017eava se Festival povijesti Kliofest! Do petka \u0107emo odr\u017eati osam okruglih stolova i dva kolokvija te niz predstavljanja knjiga i projekata razli\u010dite tematike, od antike do suvremenosti. Bit \u0107e predstavljeno i nekoliko izlo\u017ebi te odr\u017ean jedan povijesni kviz. Prikazat \u0107emo i jedan film \u2013 o generalu Boroevi\u0107u.\u2026","rel":"","context":"U &quot;Novosti&quot;","block_context":{"text":"Novosti","link":"https:\/\/historiografija.hr\/?cat=3"},"img":{"alt_text":"","src":"https:\/\/i0.wp.com\/historiografija.hr\/wp-content\/uploads\/2026\/04\/Kliofest-2026.jpg?fit=526%2C526&ssl=1&resize=350%2C200","width":350,"height":200,"srcset":"https:\/\/i0.wp.com\/historiografija.hr\/wp-content\/uploads\/2026\/04\/Kliofest-2026.jpg?fit=526%2C526&ssl=1&resize=350%2C200 1x, https:\/\/i0.wp.com\/historiografija.hr\/wp-content\/uploads\/2026\/04\/Kliofest-2026.jpg?fit=526%2C526&ssl=1&resize=525%2C300 1.5x"},"classes":[]},{"id":52592,"url":"https:\/\/historiografija.hr\/?p=52592","url_meta":{"origin":47112,"position":3},"title":"Predstavljanje knjige &#8220;Turska ku\u0107a u Rijeci&#8221; u Zagrebu","author":"Branimir Jankovi\u0107","date":"22. travnja 2026.","format":false,"excerpt":"U prostorijama Turskog kulturnog centra Yunus Emre u Zagrebu, u utorak 21. travnja 2026. godine, odr\u017eano je sve\u010dano predstavljanje dopunjenog izdanja knjige Turska ku\u0107a u Rijeci, u organizaciji Hrvatsko-turskog dru\u0161tva Rijeka i partnerstvu sa Skupinom prijateljstva Hrvatska-Turska Hrvatskog sabora, Veleposlanstvom Republike Turske u Republici Hrvatskoj te Turskim kulturnim centrom Yunus\u2026","rel":"","context":"U &quot;Novosti&quot;","block_context":{"text":"Novosti","link":"https:\/\/historiografija.hr\/?cat=3"},"img":{"alt_text":"","src":"https:\/\/i0.wp.com\/historiografija.hr\/wp-content\/uploads\/2026\/04\/Turska-kuca-ZG.jpg?fit=1200%2C800&ssl=1&resize=350%2C200","width":350,"height":200,"srcset":"https:\/\/i0.wp.com\/historiografija.hr\/wp-content\/uploads\/2026\/04\/Turska-kuca-ZG.jpg?fit=1200%2C800&ssl=1&resize=350%2C200 1x, https:\/\/i0.wp.com\/historiografija.hr\/wp-content\/uploads\/2026\/04\/Turska-kuca-ZG.jpg?fit=1200%2C800&ssl=1&resize=525%2C300 1.5x, https:\/\/i0.wp.com\/historiografija.hr\/wp-content\/uploads\/2026\/04\/Turska-kuca-ZG.jpg?fit=1200%2C800&ssl=1&resize=700%2C400 2x, https:\/\/i0.wp.com\/historiografija.hr\/wp-content\/uploads\/2026\/04\/Turska-kuca-ZG.jpg?fit=1200%2C800&ssl=1&resize=1050%2C600 3x"},"classes":[]},{"id":52439,"url":"https:\/\/historiografija.hr\/?p=52439","url_meta":{"origin":47112,"position":4},"title":"Tribina &#8220;Ahmi\u0107i 33 godine kasnije: Ne u na\u0161e ime&#8221;","author":"Branimir Jankovi\u0107","date":"16. travnja 2026.","format":false,"excerpt":"U \u010detvrtak, 16. travnja 2026. u 17 sati u Knji\u017enici i \u010ditaonici Bogdana Ogrizovi\u0107a u Zagrebu odr\u017eat \u0107e se tribina pod nazivom Ahmi\u0107i 33 godine kasnije: Ne u na\u0161e ime. Na tribini \u0107e govoriti Ivica \u0110iki\u0107, novinar, Mubera Masli\u0107 \u2013 \u017ddralovi\u0107, aktivistikinja, prevoditeljica za arapski, Domagoj Fuk, student politologije, \u010dlan\u2026","rel":"","context":"U &quot;Novosti&quot;","block_context":{"text":"Novosti","link":"https:\/\/historiografija.hr\/?cat=3"},"img":{"alt_text":"","src":"https:\/\/i0.wp.com\/historiografija.hr\/wp-content\/uploads\/2026\/04\/Zagreb_2026.jpeg?fit=1200%2C900&ssl=1&resize=350%2C200","width":350,"height":200,"srcset":"https:\/\/i0.wp.com\/historiografija.hr\/wp-content\/uploads\/2026\/04\/Zagreb_2026.jpeg?fit=1200%2C900&ssl=1&resize=350%2C200 1x, https:\/\/i0.wp.com\/historiografija.hr\/wp-content\/uploads\/2026\/04\/Zagreb_2026.jpeg?fit=1200%2C900&ssl=1&resize=525%2C300 1.5x, https:\/\/i0.wp.com\/historiografija.hr\/wp-content\/uploads\/2026\/04\/Zagreb_2026.jpeg?fit=1200%2C900&ssl=1&resize=700%2C400 2x, https:\/\/i0.wp.com\/historiografija.hr\/wp-content\/uploads\/2026\/04\/Zagreb_2026.jpeg?fit=1200%2C900&ssl=1&resize=1050%2C600 3x"},"classes":[]},{"id":52768,"url":"https:\/\/historiografija.hr\/?p=52768","url_meta":{"origin":47112,"position":5},"title":"Poziv za prijavu na me\u0111unarodni ljetni kamp za mlade \u201cYouth in Cold-War Europe\u201d","author":"Filip \u0160imunjak","date":"30. travnja 2026.","format":false,"excerpt":"Otvoren je poziv za prijavu na me\u0111unarodni ljetni kamp \"Youth in Cold-War Europe\", koji se odr\u017eava od 28.08. do 06.09. 2026. godine u Weimaru (Njema\u010dka). Kamp se odr\u017eava u organizaciji Europskog centra za obrazovanje mladih (EJBW) iz Weimara i njegovih me\u0111unarodnih partnera, te uz financijsku podr\u0161ku Europske unije i Savezne\u2026","rel":"","context":"U &quot;Novosti&quot;","block_context":{"text":"Novosti","link":"https:\/\/historiografija.hr\/?cat=3"},"img":{"alt_text":"","src":"https:\/\/i0.wp.com\/historiografija.hr\/wp-content\/uploads\/2026\/04\/LJETNI-KAMP-ZA-MLADE-YOUTH-IN-COLD-WAR-EUROPE.jpg?fit=667%2C375&ssl=1&resize=350%2C200","width":350,"height":200,"srcset":"https:\/\/i0.wp.com\/historiografija.hr\/wp-content\/uploads\/2026\/04\/LJETNI-KAMP-ZA-MLADE-YOUTH-IN-COLD-WAR-EUROPE.jpg?fit=667%2C375&ssl=1&resize=350%2C200 1x, https:\/\/i0.wp.com\/historiografija.hr\/wp-content\/uploads\/2026\/04\/LJETNI-KAMP-ZA-MLADE-YOUTH-IN-COLD-WAR-EUROPE.jpg?fit=667%2C375&ssl=1&resize=525%2C300 1.5x"},"classes":[]}],"_links":{"self":[{"href":"https:\/\/historiografija.hr\/index.php?rest_route=\/wp\/v2\/posts\/47112","targetHints":{"allow":["GET"]}}],"collection":[{"href":"https:\/\/historiografija.hr\/index.php?rest_route=\/wp\/v2\/posts"}],"about":[{"href":"https:\/\/historiografija.hr\/index.php?rest_route=\/wp\/v2\/types\/post"}],"author":[{"embeddable":true,"href":"https:\/\/historiografija.hr\/index.php?rest_route=\/wp\/v2\/users\/2"}],"replies":[{"embeddable":true,"href":"https:\/\/historiografija.hr\/index.php?rest_route=%2Fwp%2Fv2%2Fcomments&post=47112"}],"version-history":[{"count":1,"href":"https:\/\/historiografija.hr\/index.php?rest_route=\/wp\/v2\/posts\/47112\/revisions"}],"predecessor-version":[{"id":47113,"href":"https:\/\/historiografija.hr\/index.php?rest_route=\/wp\/v2\/posts\/47112\/revisions\/47113"}],"wp:attachment":[{"href":"https:\/\/historiografija.hr\/index.php?rest_route=%2Fwp%2Fv2%2Fmedia&parent=47112"}],"wp:term":[{"taxonomy":"category","embeddable":true,"href":"https:\/\/historiografija.hr\/index.php?rest_route=%2Fwp%2Fv2%2Fcategories&post=47112"},{"taxonomy":"post_tag","embeddable":true,"href":"https:\/\/historiografija.hr\/index.php?rest_route=%2Fwp%2Fv2%2Ftags&post=47112"}],"curies":[{"name":"wp","href":"https:\/\/api.w.org\/{rel}","templated":true}]}}