{"id":47101,"date":"2025-06-26T21:13:58","date_gmt":"2025-06-26T21:13:58","guid":{"rendered":"https:\/\/historiografija.hr\/?p=47101"},"modified":"2025-06-26T21:14:12","modified_gmt":"2025-06-26T21:14:12","slug":"p-fakti-je-li-jugoslavensko-bojiste-bilo-nebitno-za-ishod-drugog-svjetskog-rata","status":"publish","type":"post","link":"https:\/\/historiografija.hr\/?p=47101","title":{"rendered":"P-fakti: Je li jugoslavensko boji\u0161te bilo nebitno za ishod Drugog svjetskog rata?"},"content":{"rendered":"\n<p>Na portalu P-fakti objavljen je 25. lipnja 2025. prilog Leona \u0106evani\u0107a \u201eJe li jugoslavensko boji\u0161te bilo nebitno za ishod Drugog svjetskog rata?\u201c.<\/p>\n\n\n\n<hr class=\"wp-block-separator has-alpha-channel-opacity\"\/>\n\n\n\n<p>Prilog je dostupan na sljede\u0107oj poveznici:<\/p>\n\n\n\n<figure class=\"wp-block-embed is-type-wp-embed is-provider-p-portal wp-block-embed-p-portal\"><div class=\"wp-block-embed__wrapper\">\n<blockquote class=\"wp-embedded-content\" data-secret=\"zmhbDgaYJn\"><a href=\"https:\/\/p-portal.net\/je-li-jugoslavensko-bojiste-bilo-nebitno-za-ishod-drugog-svjetskog-rata\">Je li jugoslavensko boji\u0161te bilo nebitno za ishod Drugog svjetskog rata?<\/a><\/blockquote><iframe loading=\"lazy\" class=\"wp-embedded-content\" sandbox=\"allow-scripts\" security=\"restricted\" style=\"position: absolute; visibility: hidden;\" title=\"&#8220;Je li jugoslavensko boji\u0161te bilo nebitno za ishod Drugog svjetskog rata?&#8221; &#8212; P-portal\" src=\"https:\/\/p-portal.net\/je-li-jugoslavensko-bojiste-bilo-nebitno-za-ishod-drugog-svjetskog-rata\/embed#?secret=HyDpDsU2Ma#?secret=zmhbDgaYJn\" data-secret=\"zmhbDgaYJn\" width=\"600\" height=\"338\" frameborder=\"0\" marginwidth=\"0\" marginheight=\"0\" scrolling=\"no\"><\/iframe>\n<\/div><\/figure>\n\n\n\n<hr class=\"wp-block-separator has-alpha-channel-opacity\"\/>\n\n\n\n<p>Prethodni prilozi:<\/p>\n\n\n\n<figure class=\"wp-block-embed is-type-wp-embed is-provider-p-portal wp-block-embed-p-portal\"><div class=\"wp-block-embed__wrapper\">\n<blockquote class=\"wp-embedded-content\" data-secret=\"Zmnu3lUavQ\"><a href=\"https:\/\/p-portal.net\/neutemeljene-tvrdnje-ante-prkacina-o-generalskom-kadru-kraljevine-jugoslavije\">Neutemeljene tvrdnje Ante Prka\u010dina o generalskom kadru Kraljevine Jugoslavije<\/a><\/blockquote><iframe loading=\"lazy\" class=\"wp-embedded-content\" sandbox=\"allow-scripts\" security=\"restricted\" style=\"position: absolute; visibility: hidden;\" title=\"&#8220;Neutemeljene tvrdnje Ante Prka\u010dina o generalskom kadru Kraljevine Jugoslavije&#8221; &#8212; P-portal\" src=\"https:\/\/p-portal.net\/neutemeljene-tvrdnje-ante-prkacina-o-generalskom-kadru-kraljevine-jugoslavije\/embed#?secret=VYwgUieHSI#?secret=Zmnu3lUavQ\" data-secret=\"Zmnu3lUavQ\" width=\"600\" height=\"338\" frameborder=\"0\" marginwidth=\"0\" marginheight=\"0\" scrolling=\"no\"><\/iframe>\n<\/div><\/figure>\n\n\n\n<figure class=\"wp-block-embed is-type-wp-embed is-provider-p-portal wp-block-embed-p-portal\"><div class=\"wp-block-embed__wrapper\">\n<blockquote class=\"wp-embedded-content\" data-secret=\"taU2lOM9Pj\"><a href=\"https:\/\/p-portal.net\/neutemeljene-tvrdnje-hsls-a-povodom-otkrica-reljefa-kralja-petra-i-karadordevica\">Neutemeljene tvrdnje \u010dlanova HSLS-a povodom otkri\u0107a reljefa kralja Petra I. Kara\u0111or\u0111evi\u0107a u Me\u0161trovi\u0107evom paviljonu u Zagrebu<\/a><\/blockquote><iframe loading=\"lazy\" class=\"wp-embedded-content\" sandbox=\"allow-scripts\" security=\"restricted\" style=\"position: absolute; visibility: hidden;\" title=\"&#8220;Neutemeljene tvrdnje \u010dlanova HSLS-a povodom otkri\u0107a reljefa kralja Petra I. Kara\u0111or\u0111evi\u0107a u Me\u0161trovi\u0107evom paviljonu u Zagrebu&#8221; &#8212; P-portal\" src=\"https:\/\/p-portal.net\/neutemeljene-tvrdnje-hsls-a-povodom-otkrica-reljefa-kralja-petra-i-karadordevica\/embed#?secret=Yr5dHyiLd2#?secret=taU2lOM9Pj\" data-secret=\"taU2lOM9Pj\" width=\"600\" height=\"338\" frameborder=\"0\" marginwidth=\"0\" marginheight=\"0\" scrolling=\"no\"><\/iframe>\n<\/div><\/figure>\n\n\n\n<figure class=\"wp-block-embed is-type-wp-embed is-provider-p-portal wp-block-embed-p-portal\"><div class=\"wp-block-embed__wrapper\">\n<blockquote class=\"wp-embedded-content\" data-secret=\"G0wOUo5dyg\"><a href=\"https:\/\/p-portal.net\/je-li-hrvatsku-himnu-uglazbio-josip-ili-josif-runjanin-2\">Je li hrvatsku himnu uglazbio Josip ili Josif Runjanin?<\/a><\/blockquote><iframe loading=\"lazy\" class=\"wp-embedded-content\" sandbox=\"allow-scripts\" security=\"restricted\" style=\"position: absolute; visibility: hidden;\" title=\"&#8220;Je li hrvatsku himnu uglazbio Josip ili Josif Runjanin?&#8221; &#8212; P-portal\" src=\"https:\/\/p-portal.net\/je-li-hrvatsku-himnu-uglazbio-josip-ili-josif-runjanin-2\/embed#?secret=LQIUH2l4ZB#?secret=G0wOUo5dyg\" data-secret=\"G0wOUo5dyg\" width=\"600\" height=\"338\" frameborder=\"0\" marginwidth=\"0\" marginheight=\"0\" scrolling=\"no\"><\/iframe>\n<\/div><\/figure>\n\n\n\n<figure class=\"wp-block-embed is-type-wp-embed is-provider-p-portal wp-block-embed-p-portal\"><div class=\"wp-block-embed__wrapper\">\n<blockquote class=\"wp-embedded-content\" data-secret=\"17BHrYWe5x\"><a href=\"https:\/\/p-portal.net\/je-li-pouzdana-tablica-koja-kruzi-internetom-koji-je-jezik-stariji-hrvatski-ili-srpski\">Je li pouzdana tablica koja kru\u017ei internetom \u201eKoji je jezik stariji \u2013 hrvatski ili srpski?\u201c<\/a><\/blockquote><iframe loading=\"lazy\" class=\"wp-embedded-content\" sandbox=\"allow-scripts\" security=\"restricted\" style=\"position: absolute; visibility: hidden;\" title=\"&#8220;Je li pouzdana tablica koja kru\u017ei internetom \u201eKoji je jezik stariji \u2013 hrvatski ili srpski?\u201c&#8221; &#8212; P-portal\" src=\"https:\/\/p-portal.net\/je-li-pouzdana-tablica-koja-kruzi-internetom-koji-je-jezik-stariji-hrvatski-ili-srpski\/embed#?secret=giy6n55Kdx#?secret=17BHrYWe5x\" data-secret=\"17BHrYWe5x\" width=\"600\" height=\"338\" frameborder=\"0\" marginwidth=\"0\" marginheight=\"0\" scrolling=\"no\"><\/iframe>\n<\/div><\/figure>\n\n\n\n<hr class=\"wp-block-separator has-alpha-channel-opacity\"\/>\n","protected":false},"excerpt":{"rendered":"","protected":false},"author":2,"featured_media":45584,"comment_status":"open","ping_status":"open","sticky":false,"template":"","format":"standard","meta":{"_acf_changed":false,"jetpack_post_was_ever_published":false,"_jetpack_newsletter_access":"","_jetpack_dont_email_post_to_subs":false,"_jetpack_newsletter_tier_id":0,"_jetpack_memberships_contains_paywalled_content":false,"_jetpack_memberships_contains_paid_content":false,"footnotes":"","jetpack_publicize_message":"","jetpack_publicize_feature_enabled":true,"jetpack_social_post_already_shared":true,"jetpack_social_options":{"image_generator_settings":{"template":"highway","default_image_id":0,"font":"","enabled":false},"version":2}},"categories":[3],"tags":[],"class_list":["post-47101","post","type-post","status-publish","format-standard","has-post-thumbnail","hentry","category-novosti"],"acf":{"facebook_opis":""},"jetpack_publicize_connections":[],"jetpack_featured_media_url":"https:\/\/i0.wp.com\/historiografija.hr\/wp-content\/uploads\/2025\/04\/logo-fakti.png?fit=800%2C389&ssl=1","jetpack_sharing_enabled":true,"jetpack-related-posts":[],"_links":{"self":[{"href":"https:\/\/historiografija.hr\/index.php?rest_route=\/wp\/v2\/posts\/47101","targetHints":{"allow":["GET"]}}],"collection":[{"href":"https:\/\/historiografija.hr\/index.php?rest_route=\/wp\/v2\/posts"}],"about":[{"href":"https:\/\/historiografija.hr\/index.php?rest_route=\/wp\/v2\/types\/post"}],"author":[{"embeddable":true,"href":"https:\/\/historiografija.hr\/index.php?rest_route=\/wp\/v2\/users\/2"}],"replies":[{"embeddable":true,"href":"https:\/\/historiografija.hr\/index.php?rest_route=%2Fwp%2Fv2%2Fcomments&post=47101"}],"version-history":[{"count":3,"href":"https:\/\/historiografija.hr\/index.php?rest_route=\/wp\/v2\/posts\/47101\/revisions"}],"predecessor-version":[{"id":47104,"href":"https:\/\/historiografija.hr\/index.php?rest_route=\/wp\/v2\/posts\/47101\/revisions\/47104"}],"wp:featuredmedia":[{"embeddable":true,"href":"https:\/\/historiografija.hr\/index.php?rest_route=\/wp\/v2\/media\/45584"}],"wp:attachment":[{"href":"https:\/\/historiografija.hr\/index.php?rest_route=%2Fwp%2Fv2%2Fmedia&parent=47101"}],"wp:term":[{"taxonomy":"category","embeddable":true,"href":"https:\/\/historiografija.hr\/index.php?rest_route=%2Fwp%2Fv2%2Fcategories&post=47101"},{"taxonomy":"post_tag","embeddable":true,"href":"https:\/\/historiografija.hr\/index.php?rest_route=%2Fwp%2Fv2%2Ftags&post=47101"}],"curies":[{"name":"wp","href":"https:\/\/api.w.org\/{rel}","templated":true}]}}