{"id":47092,"date":"2025-06-25T19:10:09","date_gmt":"2025-06-25T19:10:09","guid":{"rendered":"https:\/\/historiografija.hr\/?p=47092"},"modified":"2025-06-25T19:10:21","modified_gmt":"2025-06-25T19:10:21","slug":"ivo-goldstein-hrvatska-u-drugom-svjetskom-ratu-1941-1945","status":"publish","type":"post","link":"https:\/\/historiografija.hr\/?p=47092","title":{"rendered":"Ivo Goldstein, \u201eHrvatska u Drugom svjetskom ratu 1941. \u2013 1945.\u201c"},"content":{"rendered":"\n<p>Knjigom <em>Hrvatska u Drugom svjetskom ratu 1941. \u2013 1945.<\/em> profesor Ivo Goldstein ispunio je prazninu koja postoji od zavr\u0161etka toga rata. Drugi svjetski rat u Hrvatskoj bio je najdu\u017ei i najrazorniji u nacionalnoj povijesti. Odnio je najvi\u0161e \u017eivota i donio najvi\u0161e razaranja. U me\u0111uvremenu je o tom ratu napisano mno\u0161tvo pojedina\u010dnih stru\u010dnih i znanstvenih rasprava i prili\u010dan broj vrlo dobrih, \u010dak izvrsnih knjiga. No ni u jednoj se nije poku\u0161alo cjelovito prikazati tu \u010detverogodi\u0161nju kalvariju. Dugogodi\u0161njim istra\u017eivanjem u arhivima i bibliotekama te s osloncem na ve\u0107 postoje\u0107u literaturu Ivo Goldstein u ovoj knjizi prvi poku\u0161ava odgovoriti na taj izazov: u vi\u0161edimenzionalnom kontekstu prikazuje Hrvatsku i njezine stanovnike u tom najve\u0107em sukobu u svjetskoj povijesti. Bavi se predratnim usta\u0161kim i komunisti\u010dkim pokretom, potom partizanima i usta\u0161ama, unutarnjopoliti\u010dkom i vanjskopoliti\u010dkom situacijom, analizira vojne aktivnosti i politi\u010dke doga\u0111aje tijekom rata, opisuje ekonomski kolaps NDH. Govori i o odnosu stanovni\u0161tva prema zara\u0107enim stranama, ne samo o onima koji su se aktivno anga\u017eirali ili podr\u017eavali jednu od tih strana nego i o onima koji su bili neutralni, ili relativno neutralni. Naposljetku je Goldsteinu u sredi\u0161tu pozornosti borba hrvatskih partizana, njihovi rast, snaga, posrtanja, uspjesi i na kraju pobjeda, koju \u0107e poslijeratna osveta i represija zasjeniti, ali, promatrano u \u0161irem povijesnom kontekstu, ne\u0107e dovesti u pitanje njihovu moralnu superiornost. Bez hrvatskih i jugoslavenskih partizana ne bi bilo ni moderne Hrvatske i utoliko Goldsteinova <em>Hrvatska u Drugom svjetskom ratu 1941. \u2013 1945.<\/em> podsje\u0107a hrvatsko dru\u0161tvo i dr\u017eavu na njihova stvarna ishodi\u0161ta i povijesni legitimitet na koji mogu biti ponosni.<\/p>\n\n\n\n<hr class=\"wp-block-separator has-alpha-channel-opacity\"\/>\n\n\n\n<p>Datum izdanja: lipanj 2025.&nbsp;&nbsp;&nbsp;&nbsp;&nbsp;&nbsp;&nbsp;<\/p>\n\n\n\n<p>Broj stranica: 480<\/p>\n\n\n\n<hr class=\"wp-block-separator has-alpha-channel-opacity\"\/>\n\n\n\n<p>Izvor:<\/p>\n\n\n\n<p><a href=\"https:\/\/fraktura.hr\/proizvod\/hrvatska-u-drugom-svjetskom-ratu-1941-1945\/#vise-o-knjizi\">https:\/\/fraktura.hr\/proizvod\/hrvatska-u-drugom-svjetskom-ratu-1941-1945\/<\/a><\/p>\n\n\n\n<hr class=\"wp-block-separator has-alpha-channel-opacity\"\/>\n","protected":false},"excerpt":{"rendered":"","protected":false},"author":2,"featured_media":47093,"comment_status":"open","ping_status":"open","sticky":false,"template":"","format":"standard","meta":{"_acf_changed":false,"jetpack_post_was_ever_published":false,"_jetpack_newsletter_access":"","_jetpack_dont_email_post_to_subs":false,"_jetpack_newsletter_tier_id":0,"_jetpack_memberships_contains_paywalled_content":false,"_jetpack_memberships_contains_paid_content":false,"footnotes":"","jetpack_publicize_message":"","jetpack_publicize_feature_enabled":true,"jetpack_social_post_already_shared":true,"jetpack_social_options":{"image_generator_settings":{"template":"highway","default_image_id":0,"font":"","enabled":false},"version":2}},"categories":[8,3],"tags":[],"class_list":["post-47092","post","type-post","status-publish","format-standard","has-post-thumbnail","hentry","category-knjige","category-novosti"],"acf":{"facebook_opis":""},"jetpack_publicize_connections":[],"jetpack_featured_media_url":"https:\/\/i0.wp.com\/historiografija.hr\/wp-content\/uploads\/2025\/06\/Goldstein_Fraktura.jpg?fit=797%2C1200&ssl=1","jetpack_sharing_enabled":true,"jetpack-related-posts":[],"_links":{"self":[{"href":"https:\/\/historiografija.hr\/index.php?rest_route=\/wp\/v2\/posts\/47092","targetHints":{"allow":["GET"]}}],"collection":[{"href":"https:\/\/historiografija.hr\/index.php?rest_route=\/wp\/v2\/posts"}],"about":[{"href":"https:\/\/historiografija.hr\/index.php?rest_route=\/wp\/v2\/types\/post"}],"author":[{"embeddable":true,"href":"https:\/\/historiografija.hr\/index.php?rest_route=\/wp\/v2\/users\/2"}],"replies":[{"embeddable":true,"href":"https:\/\/historiografija.hr\/index.php?rest_route=%2Fwp%2Fv2%2Fcomments&post=47092"}],"version-history":[{"count":1,"href":"https:\/\/historiografija.hr\/index.php?rest_route=\/wp\/v2\/posts\/47092\/revisions"}],"predecessor-version":[{"id":47094,"href":"https:\/\/historiografija.hr\/index.php?rest_route=\/wp\/v2\/posts\/47092\/revisions\/47094"}],"wp:featuredmedia":[{"embeddable":true,"href":"https:\/\/historiografija.hr\/index.php?rest_route=\/wp\/v2\/media\/47093"}],"wp:attachment":[{"href":"https:\/\/historiografija.hr\/index.php?rest_route=%2Fwp%2Fv2%2Fmedia&parent=47092"}],"wp:term":[{"taxonomy":"category","embeddable":true,"href":"https:\/\/historiografija.hr\/index.php?rest_route=%2Fwp%2Fv2%2Fcategories&post=47092"},{"taxonomy":"post_tag","embeddable":true,"href":"https:\/\/historiografija.hr\/index.php?rest_route=%2Fwp%2Fv2%2Ftags&post=47092"}],"curies":[{"name":"wp","href":"https:\/\/api.w.org\/{rel}","templated":true}]}}