{"id":47089,"date":"2025-06-25T19:00:46","date_gmt":"2025-06-25T19:00:46","guid":{"rendered":"https:\/\/historiografija.hr\/?p=47089"},"modified":"2025-06-25T19:00:46","modified_gmt":"2025-06-25T19:00:46","slug":"izlozba-prvi-kongres-srba-u-hrvatskoj-1945-2025","status":"publish","type":"post","link":"https:\/\/historiografija.hr\/?p=47089","title":{"rendered":"Izlo\u017eba &#8220;Prvi kongres Srba u Hrvatskoj 1945-2025&#8221;"},"content":{"rendered":"\n<p>Srpsko kulturno dru\u0161tvo &#8220;Prosvjeta&#8221; poziva vas na otvorenje izlo\u017ebe &#8220;Prvi kongres Srba u Hrvatskoj 1945-2025&#8221; u Srpskom kulturnom centru Zagreb (Preradovi\u0107eva 21), u petak, 27. juna 2025. godine, u 19 sati.<\/p>\n\n\n\n<p>Prvi kongres Srba jedinstveni je doga\u0111aj u historiji Hrvatske. Preko 30.000 sudionika okupilo se u Zagrebu u septembru 1945. da potvrde nacionalnu jednakost Srba i Hrvata, izaberu tijela autonomije Srba u Hrvatskoj i daju podr\u0161ku pokretu koji je proveo oslobo\u0111enje zemlje.<\/p>\n\n\n\n<p>Doga\u0111aj je jedno od klju\u010dnih svjedo\u010danstva predanosti narodnooslobodila\u010dkog pokreta nacionalnoj ravnopravnosti u Hrvatskoj, ali i va\u017ena epizoda u historijatu razvoja institucija srpske zajednice.<\/p>\n\n\n\n<p>Izlo\u017eba \u0107e biti otvorena do 30. septembra radnim danima od 8 do 20 sati.<\/p>\n\n\n\n<hr class=\"wp-block-separator has-alpha-channel-opacity\"\/>\n\n\n\n<p>\u0421\u0440\u043f\u0441\u043a\u043e \u043a\u0443\u043b\u0442\u0443\u0440\u043d\u043e \u0434\u0440\u0443\u0448\u0442\u0432\u043e &#8220;\u041f\u0440\u043e\u0441\u0432\u0458\u0435\u0442\u0430&#8221; \u043f\u043e\u0437\u0438\u0432\u0430 \u0432\u0430\u0441 \u043d\u0430 \u043e\u0442\u0432\u043e\u0440\u0435\u045a\u0435 \u0438\u0437\u043b\u043e\u0436\u0431\u0435 &#8220;\u041f\u0440\u0432\u0438 \u043a\u043e\u043d\u0433\u0440\u0435\u0441 \u0421\u0440\u0431\u0430 \u0443 \u0425\u0440\u0432\u0430\u0442\u0441\u043a\u043e\u0458 1945-2025&#8221; \u0443 \u0421\u0440\u043f\u0441\u043a\u043e\u043c \u043a\u0443\u043b\u0442\u0443\u0440\u043d\u043e\u043c \u0446\u0435\u043d\u0442\u0440\u0443 \u0417\u0430\u0433\u0440\u0435\u0431 (\u041f\u0440\u0435\u0440\u0430\u0434\u043e\u0432\u0438\u045b\u0435\u0432\u0430 21), \u0443 \u043f\u0435\u0442\u0430\u043a, 27. \u0458\u0443\u043d\u0430 2025. \u0433\u043e\u0434\u0438\u043d\u0435, \u0443 19 \u0441\u0430\u0442\u0438.<\/p>\n\n\n\n<p>\u041f\u0440\u0432\u0438 \u043a\u043e\u043d\u0433\u0440\u0435\u0441 \u0421\u0440\u0431\u0430 \u0458\u0435\u0434\u0438\u043d\u0441\u0442\u0432\u0435\u043d\u0438 \u0458\u0435 \u0434\u043e\u0433\u0430\u0452\u0430\u0458 \u0443 \u0445\u0438\u0441\u0442\u043e\u0440\u0438\u0458\u0438 \u0425\u0440\u0432\u0430\u0442\u0441\u043a\u0435. \u041f\u0440\u0435\u043a\u043e 30.000 \u0441\u0443\u0434\u0438\u043e\u043d\u0438\u043a\u0430 \u043e\u043a\u0443\u043f\u0438\u043b\u043e \u0441\u0435 \u0443 \u0417\u0430\u0433\u0440\u0435\u0431\u0443 \u0443 \u0441\u0435\u043f\u0442\u0435\u043c\u0431\u0440\u0443 1945. \u0434\u0430 \u043f\u043e\u0442\u0432\u0440\u0434\u0435 \u043d\u0430\u0446\u0438\u043e\u043d\u0430\u043b\u043d\u0443 \u0458\u0435\u0434\u043d\u0430\u043a\u043e\u0441\u0442 \u0421\u0440\u0431\u0430 \u0438 \u0425\u0440\u0432\u0430\u0442\u0430, \u0438\u0437\u0430\u0431\u0435\u0440\u0443 \u0442\u0438\u0458\u0435\u043b\u0430 \u0430\u0443\u0442\u043e\u043d\u043e\u043c\u0438\u0458\u0435 \u0421\u0440\u0431\u0430 \u0443 \u0425\u0440\u0432\u0430\u0442\u0441\u043a\u043e\u0458 \u0438 \u0434\u0430\u0458\u0443 \u043f\u043e\u0434\u0440\u0448\u043a\u0443 \u043f\u043e\u043a\u0440\u0435\u0442\u0443 \u043a\u043e\u0458\u0438 \u0458\u0435 \u043f\u0440\u043e\u0432\u0435\u043e \u043e\u0441\u043b\u043e\u0431\u043e\u0452\u0435\u045a\u0435 \u0437\u0435\u043c\u0459\u0435.<\/p>\n\n\n\n<p>\u0414\u043e\u0433\u0430\u0452\u0430\u0458 \u0458\u0435 \u0458\u0435\u0434\u043d\u043e \u043e\u0434 \u043a\u0459\u0443\u0447\u043d\u0438\u0445 \u0441\u0432\u0458\u0435\u0434\u043e\u0447\u0430\u043d\u0441\u0442\u0432\u0430 \u043f\u0440\u0435\u0434\u0430\u043d\u043e\u0441\u0442\u0438 \u043d\u0430\u0440\u043e\u0434\u043d\u043e\u043e\u0441\u043b\u043e\u0431\u043e\u0434\u0438\u043b\u0430\u0447\u043a\u043e\u0433 \u043f\u043e\u043a\u0440\u0435\u0442\u0430 \u043d\u0430\u0446\u0438\u043e\u043d\u0430\u043b\u043d\u043e\u0458 \u0440\u0430\u0432\u043d\u043e\u043f\u0440\u0430\u0432\u043d\u043e\u0441\u0442\u0438 \u0443 \u0425\u0440\u0432\u0430\u0442\u0441\u043a\u043e\u0458, \u0430\u043b\u0438 \u0438 \u0432\u0430\u0436\u043d\u0430 \u0435\u043f\u0438\u0437\u043e\u0434\u0430 \u0443 \u0445\u0438\u0441\u0442\u043e\u0440\u0438\u0458\u0430\u0442\u0443 \u0440\u0430\u0437\u0432\u043e\u0458\u0430 \u0438\u043d\u0441\u0442\u0438\u0442\u0443\u0446\u0438\u0458\u0430 \u0441\u0440\u043f\u0441\u043a\u0435 \u0437\u0430\u0458\u0435\u0434\u043d\u0438\u0446\u0435.<\/p>\n\n\n\n<p>\u0418\u0437\u043b\u043e\u0436\u0431\u0430 \u045b\u0435 \u0431\u0438\u0442\u0438 \u043e\u0442\u0432\u043e\u0440\u0435\u043d\u0430 \u0434\u043e 30. \u0441\u0435\u043f\u0442\u0435\u043c\u0431\u0440\u0430 \u0440\u0430\u0434\u043d\u0438\u043c \u0434\u0430\u043d\u0438\u043c\u0430 \u043e\u0434 8 \u0434\u043e 20 \u0441\u0430\u0442\u0438.<\/p>\n\n\n\n<hr class=\"wp-block-separator has-alpha-channel-opacity\"\/>\n\n\n\n<p>Izvori:<\/p>\n\n\n\n<p><a href=\"https:\/\/www.facebook.com\/SrpskoKulturnoDrustvoProsvjeta\">https:\/\/www.facebook.com\/SrpskoKulturnoDrustvoProsvjeta<\/a><\/p>\n\n\n\n<p><a href=\"https:\/\/www.portalnovosti.com\/izlozba-prvi-kongres-srba-u-hrvatskoj-1945-2025\">https:\/\/www.portalnovosti.com\/izlozba-prvi-kongres-srba-u-hrvatskoj-1945-2025<\/a><\/p>\n\n\n\n<hr class=\"wp-block-separator has-alpha-channel-opacity\"\/>\n","protected":false},"excerpt":{"rendered":"","protected":false},"author":2,"featured_media":47090,"comment_status":"open","ping_status":"open","sticky":false,"template":"","format":"standard","meta":{"_acf_changed":false,"jetpack_post_was_ever_published":false,"_jetpack_newsletter_access":"","_jetpack_dont_email_post_to_subs":false,"_jetpack_newsletter_tier_id":0,"_jetpack_memberships_contains_paywalled_content":false,"_jetpack_memberships_contains_paid_content":false,"footnotes":"","jetpack_publicize_message":"","jetpack_publicize_feature_enabled":true,"jetpack_social_post_already_shared":true,"jetpack_social_options":{"image_generator_settings":{"template":"highway","default_image_id":0,"font":"","enabled":false},"version":2}},"categories":[10,3],"tags":[],"class_list":["post-47089","post","type-post","status-publish","format-standard","has-post-thumbnail","hentry","category-izlozbe","category-novosti"],"acf":{"facebook_opis":""},"jetpack_publicize_connections":[],"jetpack_featured_media_url":"https:\/\/i0.wp.com\/historiografija.hr\/wp-content\/uploads\/2025\/06\/Kongres-Srba.jpg?fit=512%2C640&ssl=1","jetpack_sharing_enabled":true,"jetpack-related-posts":[],"_links":{"self":[{"href":"https:\/\/historiografija.hr\/index.php?rest_route=\/wp\/v2\/posts\/47089","targetHints":{"allow":["GET"]}}],"collection":[{"href":"https:\/\/historiografija.hr\/index.php?rest_route=\/wp\/v2\/posts"}],"about":[{"href":"https:\/\/historiografija.hr\/index.php?rest_route=\/wp\/v2\/types\/post"}],"author":[{"embeddable":true,"href":"https:\/\/historiografija.hr\/index.php?rest_route=\/wp\/v2\/users\/2"}],"replies":[{"embeddable":true,"href":"https:\/\/historiografija.hr\/index.php?rest_route=%2Fwp%2Fv2%2Fcomments&post=47089"}],"version-history":[{"count":1,"href":"https:\/\/historiografija.hr\/index.php?rest_route=\/wp\/v2\/posts\/47089\/revisions"}],"predecessor-version":[{"id":47091,"href":"https:\/\/historiografija.hr\/index.php?rest_route=\/wp\/v2\/posts\/47089\/revisions\/47091"}],"wp:featuredmedia":[{"embeddable":true,"href":"https:\/\/historiografija.hr\/index.php?rest_route=\/wp\/v2\/media\/47090"}],"wp:attachment":[{"href":"https:\/\/historiografija.hr\/index.php?rest_route=%2Fwp%2Fv2%2Fmedia&parent=47089"}],"wp:term":[{"taxonomy":"category","embeddable":true,"href":"https:\/\/historiografija.hr\/index.php?rest_route=%2Fwp%2Fv2%2Fcategories&post=47089"},{"taxonomy":"post_tag","embeddable":true,"href":"https:\/\/historiografija.hr\/index.php?rest_route=%2Fwp%2Fv2%2Ftags&post=47089"}],"curies":[{"name":"wp","href":"https:\/\/api.w.org\/{rel}","templated":true}]}}