{"id":47079,"date":"2025-06-24T11:50:11","date_gmt":"2025-06-24T11:50:11","guid":{"rendered":"https:\/\/historiografija.hr\/?p=47079"},"modified":"2025-06-24T11:50:11","modified_gmt":"2025-06-24T11:50:11","slug":"sjecanja-ajetollaha-hameneija-na-revolucionarnu-borbu","status":"publish","type":"post","link":"https:\/\/historiografija.hr\/?p=47079","title":{"rendered":"&#8220;Sje\u0107anja ajetollaha Hameneija na revolucionarnu borbu&#8221;"},"content":{"rendered":"\n<p>Ova knjiga sadr\u017ei sje\u0107anja ajetollaha Hameneija na doga\u0111aje u vezi s njegovim hap\u0161enjem, zatvorom i progonstvom tokom borbe muslimanskog naroda Irana pod vodstvom imama Homeinija, r. a., protiv opresivnog \u0161ahovskog re\u017eima. Knjiga sadr\u017ei sje\u0107anja na \u0161est razdoblja zato\u010deni\u0161tva, ispitivanja i progonstva, koje je Njegova eminencija pretrpjela od Pahlavijevog re\u017eima, uz kratku biografiju.<\/p>\n\n\n\n<p>Ova je knjiga prijevod memoara, pa je prirodna razlika u njenom stilu i jeziku u odnosu na izjave i govor Njegove eminencije te je stoga ne treba smatrati njegovim govorima. Nadamo se da \u0107e \u010ditanje ove knjige biti korisno za upoznavanje mla\u0111ih generacija i budu\u0107ih civilizacijskih nada Islamske revolucije s historijom Islamske revolucije, patnjama i krvlju prolivenom za osloba\u0111anje voljene zemlje Irana od jarma tiranije, kolonijalizma, arogancije i za uspostavu islamske vladavine, te oja\u010dati njihovu odlu\u010dnost i u\u010diniti ih postojanim za drugi korak Islamske revolucije.<\/p>\n\n\n\n<p><strong>Autor:<\/strong> Mohammad Ali Azar\u0161ab<\/p>\n\n\n\n<p><strong>Prevod: <\/strong>Ankica Behd\u017eati Ardakani<\/p>\n\n\n\n<p><strong>Godina izdanja: <\/strong>2023<\/p>\n\n\n\n<p><strong>Broj stranica: <\/strong>227<\/p>\n\n\n\n<hr class=\"wp-block-separator has-alpha-channel-opacity\"\/>\n\n\n\n<p>Izvor:<\/p>\n\n\n\n<figure class=\"wp-block-embed is-type-wp-embed is-provider-fondacija-mulla-sadra wp-block-embed-fondacija-mulla-sadra\"><div class=\"wp-block-embed__wrapper\">\n<blockquote class=\"wp-embedded-content\" data-secret=\"ziWYKIZA2Z\"><a href=\"https:\/\/mullasadra.ba\/18859-sjecanja-ajetollaha-hameneija-na-revolucionarnu-borbu\/\">Sje\u0107anja ajetollaha Hameneija na revolucionarnu borbu<\/a><\/blockquote><iframe loading=\"lazy\" class=\"wp-embedded-content\" sandbox=\"allow-scripts\" security=\"restricted\" style=\"position: absolute; visibility: hidden;\" title=\"&#8220;Sje\u0107anja ajetollaha Hameneija na revolucionarnu borbu&#8221; &#8212; Fondacija Mulla Sadra\" src=\"https:\/\/mullasadra.ba\/18859-sjecanja-ajetollaha-hameneija-na-revolucionarnu-borbu\/embed\/#?secret=72DG3KGSvT#?secret=ziWYKIZA2Z\" data-secret=\"ziWYKIZA2Z\" width=\"600\" height=\"338\" frameborder=\"0\" marginwidth=\"0\" marginheight=\"0\" scrolling=\"no\"><\/iframe>\n<\/div><\/figure>\n\n\n\n<hr class=\"wp-block-separator has-alpha-channel-opacity\"\/>\n\n\n\n<p>Dodatne obavijesti:<\/p>\n\n\n\n<p><a href=\"https:\/\/historiografija.ba\/clanci-i-polemike\/hamenei-ne-mozes-uciniti-nista-vise-nego-da-me-pogubis\">https:\/\/historiografija.ba\/clanci-i-polemike\/hamenei-ne-mozes-uciniti-nista-vise-nego-da-me-pogubis<\/a><\/p>\n\n\n\n<hr class=\"wp-block-separator has-alpha-channel-opacity\"\/>\n","protected":false},"excerpt":{"rendered":"","protected":false},"author":2,"featured_media":47080,"comment_status":"open","ping_status":"open","sticky":false,"template":"","format":"standard","meta":{"_acf_changed":false,"jetpack_post_was_ever_published":false,"_jetpack_newsletter_access":"","_jetpack_dont_email_post_to_subs":false,"_jetpack_newsletter_tier_id":0,"_jetpack_memberships_contains_paywalled_content":false,"_jetpack_memberships_contains_paid_content":false,"footnotes":"","jetpack_publicize_message":"","jetpack_publicize_feature_enabled":true,"jetpack_social_post_already_shared":true,"jetpack_social_options":{"image_generator_settings":{"template":"highway","default_image_id":0,"font":"","enabled":false},"version":2}},"categories":[8,3],"tags":[],"class_list":["post-47079","post","type-post","status-publish","format-standard","has-post-thumbnail","hentry","category-knjige","category-novosti"],"acf":{"facebook_opis":""},"jetpack_publicize_connections":[],"jetpack_featured_media_url":"https:\/\/i0.wp.com\/historiografija.hr\/wp-content\/uploads\/2025\/06\/sjecanja.png?fit=950%2C1111&ssl=1","jetpack_sharing_enabled":true,"jetpack-related-posts":[],"_links":{"self":[{"href":"https:\/\/historiografija.hr\/index.php?rest_route=\/wp\/v2\/posts\/47079","targetHints":{"allow":["GET"]}}],"collection":[{"href":"https:\/\/historiografija.hr\/index.php?rest_route=\/wp\/v2\/posts"}],"about":[{"href":"https:\/\/historiografija.hr\/index.php?rest_route=\/wp\/v2\/types\/post"}],"author":[{"embeddable":true,"href":"https:\/\/historiografija.hr\/index.php?rest_route=\/wp\/v2\/users\/2"}],"replies":[{"embeddable":true,"href":"https:\/\/historiografija.hr\/index.php?rest_route=%2Fwp%2Fv2%2Fcomments&post=47079"}],"version-history":[{"count":1,"href":"https:\/\/historiografija.hr\/index.php?rest_route=\/wp\/v2\/posts\/47079\/revisions"}],"predecessor-version":[{"id":47081,"href":"https:\/\/historiografija.hr\/index.php?rest_route=\/wp\/v2\/posts\/47079\/revisions\/47081"}],"wp:featuredmedia":[{"embeddable":true,"href":"https:\/\/historiografija.hr\/index.php?rest_route=\/wp\/v2\/media\/47080"}],"wp:attachment":[{"href":"https:\/\/historiografija.hr\/index.php?rest_route=%2Fwp%2Fv2%2Fmedia&parent=47079"}],"wp:term":[{"taxonomy":"category","embeddable":true,"href":"https:\/\/historiografija.hr\/index.php?rest_route=%2Fwp%2Fv2%2Fcategories&post=47079"},{"taxonomy":"post_tag","embeddable":true,"href":"https:\/\/historiografija.hr\/index.php?rest_route=%2Fwp%2Fv2%2Ftags&post=47079"}],"curies":[{"name":"wp","href":"https:\/\/api.w.org\/{rel}","templated":true}]}}