{"id":47065,"date":"2025-06-23T21:21:22","date_gmt":"2025-06-23T21:21:22","guid":{"rendered":"https:\/\/historiografija.hr\/?p=47065"},"modified":"2025-06-23T21:21:22","modified_gmt":"2025-06-23T21:21:22","slug":"tribina-stradanje-srpske-pravoslavne-crkve-u-ndh","status":"publish","type":"post","link":"https:\/\/historiografija.hr\/?p=47065","title":{"rendered":"Tribina: Stradanje Srpske pravoslavne crkve u NDH"},"content":{"rendered":"\n<p>Tribina u organizaciji Srpskog privrednog dru\u0161tva Privrednik i Vije\u0107a srpske nacionalne manjine Grada Zagreba pod nazivom \u201eStradanje Srpske pravoslavne crkve u NDH\u201c odr\u017eat \u0107e se u utorak, 24. juna 2025. s po\u010detkom u 18 sati u Privrednikovom domu u Zagrebu (Preradovi\u0107eva 18).<\/p>\n\n\n\n<p>Progon i ubojstva pravoslavnih sve\u0107enika, konfiskacija crkvene imovine, uni\u0161tavanje stotina pravoslavnih hramova i zabrana Srpske pravoslavne crkve, va\u017ean su dio pri\u010de o genocidnom poku\u0161aju uni\u0161tenja srpskog naroda u Drugom svjetskom ratu od strane usta\u0161a. Na novoj Privrednikovoj tribini govorit \u0107emo o ovoj pre\u0161u\u0107ivanoj temi s \u0111akonom <strong>Budimirom Kokotovi\u0107em<\/strong>, slu\u017ebenikom biblioteke Srpske Patrijar\u0161ije. S njim \u0107emo razgovarati o mu\u010deni\u010dkoj smrti mitropolita sve Bosne <strong>Petra Zimonji\u0107a<\/strong>, episkopa banjalu\u010dkog <strong>Platona Jovanovi\u0107a<\/strong> i episkopa gornjokarlova\u010dkog <strong>Save Trlaji\u0107a<\/strong>, mu\u010denju i protjerivanju mitropolita zagreba\u010dkog <strong>Dositeja Vasi\u0107a<\/strong>, episkopa zahumsko-hercegova\u010dkog <strong>Nikolaja Jokanovi\u0107a<\/strong> i episkopa zvorni\u010dko-tuzlanskog dr <strong>Nektarija Krulja<\/strong>, ali i sudbini velikog broja sve\u0161tenika koji su stradavali na teritoriju cijele NDH, ali i o drugim aspektima ove stra\u0161ne pri\u010de.<\/p>\n\n\n\n<hr class=\"wp-block-separator has-alpha-channel-opacity\"\/>\n\n\n\n<p>Izvor:<\/p>\n\n\n\n<figure class=\"wp-block-embed is-type-wp-embed is-provider-p-portal wp-block-embed-p-portal\"><div class=\"wp-block-embed__wrapper\">\n<blockquote class=\"wp-embedded-content\" data-secret=\"ATOO3Yftq5\"><a href=\"https:\/\/p-portal.net\/tribina-stradanje-srpske-pravoslavne-crkve-u-ndh\">Tribina: Stradanje Srpske pravoslavne crkve u NDH<\/a><\/blockquote><iframe loading=\"lazy\" class=\"wp-embedded-content\" sandbox=\"allow-scripts\" security=\"restricted\" style=\"position: absolute; visibility: hidden;\" title=\"&#8220;Tribina: Stradanje Srpske pravoslavne crkve u NDH&#8221; &#8212; P-portal\" src=\"https:\/\/p-portal.net\/tribina-stradanje-srpske-pravoslavne-crkve-u-ndh\/embed#?secret=ug0Y9GaMYS#?secret=ATOO3Yftq5\" data-secret=\"ATOO3Yftq5\" width=\"600\" height=\"338\" frameborder=\"0\" marginwidth=\"0\" marginheight=\"0\" scrolling=\"no\"><\/iframe>\n<\/div><\/figure>\n\n\n\n<hr class=\"wp-block-separator has-alpha-channel-opacity\"\/>\n","protected":false},"excerpt":{"rendered":"","protected":false},"author":2,"featured_media":16317,"comment_status":"open","ping_status":"open","sticky":false,"template":"","format":"standard","meta":{"_acf_changed":false,"jetpack_post_was_ever_published":false,"_jetpack_newsletter_access":"","_jetpack_dont_email_post_to_subs":false,"_jetpack_newsletter_tier_id":0,"_jetpack_memberships_contains_paywalled_content":false,"_jetpack_memberships_contains_paid_content":false,"footnotes":"","jetpack_publicize_message":"","jetpack_publicize_feature_enabled":true,"jetpack_social_post_already_shared":true,"jetpack_social_options":{"image_generator_settings":{"template":"highway","default_image_id":0,"font":"","enabled":false},"version":2}},"categories":[3],"tags":[],"class_list":["post-47065","post","type-post","status-publish","format-standard","has-post-thumbnail","hentry","category-novosti"],"acf":{"facebook_opis":""},"jetpack_publicize_connections":[],"jetpack_featured_media_url":"https:\/\/i0.wp.com\/historiografija.hr\/wp-content\/uploads\/2019\/09\/Tribina.jpg?fit=1200%2C675&ssl=1","jetpack_sharing_enabled":true,"jetpack-related-posts":[],"_links":{"self":[{"href":"https:\/\/historiografija.hr\/index.php?rest_route=\/wp\/v2\/posts\/47065","targetHints":{"allow":["GET"]}}],"collection":[{"href":"https:\/\/historiografija.hr\/index.php?rest_route=\/wp\/v2\/posts"}],"about":[{"href":"https:\/\/historiografija.hr\/index.php?rest_route=\/wp\/v2\/types\/post"}],"author":[{"embeddable":true,"href":"https:\/\/historiografija.hr\/index.php?rest_route=\/wp\/v2\/users\/2"}],"replies":[{"embeddable":true,"href":"https:\/\/historiografija.hr\/index.php?rest_route=%2Fwp%2Fv2%2Fcomments&post=47065"}],"version-history":[{"count":1,"href":"https:\/\/historiografija.hr\/index.php?rest_route=\/wp\/v2\/posts\/47065\/revisions"}],"predecessor-version":[{"id":47066,"href":"https:\/\/historiografija.hr\/index.php?rest_route=\/wp\/v2\/posts\/47065\/revisions\/47066"}],"wp:featuredmedia":[{"embeddable":true,"href":"https:\/\/historiografija.hr\/index.php?rest_route=\/wp\/v2\/media\/16317"}],"wp:attachment":[{"href":"https:\/\/historiografija.hr\/index.php?rest_route=%2Fwp%2Fv2%2Fmedia&parent=47065"}],"wp:term":[{"taxonomy":"category","embeddable":true,"href":"https:\/\/historiografija.hr\/index.php?rest_route=%2Fwp%2Fv2%2Fcategories&post=47065"},{"taxonomy":"post_tag","embeddable":true,"href":"https:\/\/historiografija.hr\/index.php?rest_route=%2Fwp%2Fv2%2Ftags&post=47065"}],"curies":[{"name":"wp","href":"https:\/\/api.w.org\/{rel}","templated":true}]}}