{"id":47062,"date":"2025-06-23T21:14:04","date_gmt":"2025-06-23T21:14:04","guid":{"rendered":"https:\/\/historiografija.hr\/?p=47062"},"modified":"2025-06-23T21:14:04","modified_gmt":"2025-06-23T21:14:04","slug":"panel-danteov-trg-proslost-i-sadasnjost-u-puli","status":"publish","type":"post","link":"https:\/\/historiografija.hr\/?p=47062","title":{"rendered":"Panel \u201eDanteov trg \u2013 pro\u0161lost i sada\u0161njost\u201c u Puli"},"content":{"rendered":"\n<p>U povodu 10. godi\u0161njice odr\u017eavanja Dana Misericordije, Mjesni odbor Stari grad, Dru\u0161tvo Smaregliana i Istarsko povijesno dru\u0161tvo pozivaju vas na panel \u201eDanteov trg \u2013 pro\u0161lost i sada\u0161njost\u201c koji \u0107e se odr\u017eati u utorak, 24. lipnja 2025., u 19 sati u prostorima SENSE-CTP, Pula, Danteov trg 3.<\/p>\n\n\n\n<p>Na panelu sudjeluju Emil Jurcan, Maurizio Levak, Vito Paoleti\u0107, Mirko Uro\u0161evi\u0107 i Josip Zidari\u0107. Tako\u0111er, na panelu \u0107e biti rije\u010di o prostoru Danteova trga u pro\u0161losti, kao i njegovoj sada\u0161njosti, s namjerom stvaranja pretpostavki za promi\u0161ljanje njegove budu\u0107nosti. Sudionici su Puljani razli\u010ditih struka, koji \u0107e ga poku\u0161ati sagledati s razli\u010ditih gledi\u0161ta i ponuditi smjernice za njegovu ulogu u budu\u0107nosti na\u0161ega grada.<\/p>\n\n\n\n<p><a href=\"https:\/\/ipd-ssi.hr\/wp-content\/uploads\/2025\/06\/Pozivnica.pdf\">Pozivnica<\/a><\/p>\n\n\n\n<hr class=\"wp-block-separator has-alpha-channel-opacity\"\/>\n\n\n\n<p>Izvor:<\/p>\n\n\n\n<figure class=\"wp-block-embed is-type-wp-embed is-provider-istarsko-povijesno-dru-tvo-societ-storica-istriana wp-block-embed-istarsko-povijesno-dru-tvo-societ-storica-istriana\"><div class=\"wp-block-embed__wrapper\">\n<blockquote class=\"wp-embedded-content\" data-secret=\"7OihDRbzTs\"><a href=\"https:\/\/ipd-ssi.hr\/2025\/06\/20\/panel-danteov-trg-proslost-i-sadasnjost-u-puli\/\">Panel Danteov trg &#8211; pro\u0161lost i sada\u0161njost u Puli<\/a><\/blockquote><iframe loading=\"lazy\" class=\"wp-embedded-content\" sandbox=\"allow-scripts\" security=\"restricted\" style=\"position: absolute; visibility: hidden;\" title=\"&#8220;Panel Danteov trg &#8211; pro\u0161lost i sada\u0161njost u Puli&#8221; &#8212; Istarsko povijesno dru\u0161tvo - Societ\u00e0 Storica Istriana\" src=\"https:\/\/ipd-ssi.hr\/2025\/06\/20\/panel-danteov-trg-proslost-i-sadasnjost-u-puli\/embed\/#?secret=hlSHClDuGf#?secret=7OihDRbzTs\" data-secret=\"7OihDRbzTs\" width=\"600\" height=\"338\" frameborder=\"0\" marginwidth=\"0\" marginheight=\"0\" scrolling=\"no\"><\/iframe>\n<\/div><\/figure>\n\n\n\n<hr class=\"wp-block-separator has-alpha-channel-opacity\"\/>\n","protected":false},"excerpt":{"rendered":"","protected":false},"author":2,"featured_media":47063,"comment_status":"open","ping_status":"open","sticky":false,"template":"","format":"standard","meta":{"_acf_changed":false,"jetpack_post_was_ever_published":false,"_jetpack_newsletter_access":"","_jetpack_dont_email_post_to_subs":false,"_jetpack_newsletter_tier_id":0,"_jetpack_memberships_contains_paywalled_content":false,"_jetpack_memberships_contains_paid_content":false,"footnotes":"","jetpack_publicize_message":"","jetpack_publicize_feature_enabled":true,"jetpack_social_post_already_shared":true,"jetpack_social_options":{"image_generator_settings":{"template":"highway","default_image_id":0,"font":"","enabled":false},"version":2}},"categories":[3],"tags":[],"class_list":["post-47062","post","type-post","status-publish","format-standard","has-post-thumbnail","hentry","category-novosti"],"acf":{"facebook_opis":""},"jetpack_publicize_connections":[],"jetpack_featured_media_url":"https:\/\/i0.wp.com\/historiografija.hr\/wp-content\/uploads\/2025\/06\/Danteov_trg.jpg?fit=700%2C441&ssl=1","jetpack_sharing_enabled":true,"jetpack-related-posts":[],"_links":{"self":[{"href":"https:\/\/historiografija.hr\/index.php?rest_route=\/wp\/v2\/posts\/47062","targetHints":{"allow":["GET"]}}],"collection":[{"href":"https:\/\/historiografija.hr\/index.php?rest_route=\/wp\/v2\/posts"}],"about":[{"href":"https:\/\/historiografija.hr\/index.php?rest_route=\/wp\/v2\/types\/post"}],"author":[{"embeddable":true,"href":"https:\/\/historiografija.hr\/index.php?rest_route=\/wp\/v2\/users\/2"}],"replies":[{"embeddable":true,"href":"https:\/\/historiografija.hr\/index.php?rest_route=%2Fwp%2Fv2%2Fcomments&post=47062"}],"version-history":[{"count":1,"href":"https:\/\/historiografija.hr\/index.php?rest_route=\/wp\/v2\/posts\/47062\/revisions"}],"predecessor-version":[{"id":47064,"href":"https:\/\/historiografija.hr\/index.php?rest_route=\/wp\/v2\/posts\/47062\/revisions\/47064"}],"wp:featuredmedia":[{"embeddable":true,"href":"https:\/\/historiografija.hr\/index.php?rest_route=\/wp\/v2\/media\/47063"}],"wp:attachment":[{"href":"https:\/\/historiografija.hr\/index.php?rest_route=%2Fwp%2Fv2%2Fmedia&parent=47062"}],"wp:term":[{"taxonomy":"category","embeddable":true,"href":"https:\/\/historiografija.hr\/index.php?rest_route=%2Fwp%2Fv2%2Fcategories&post=47062"},{"taxonomy":"post_tag","embeddable":true,"href":"https:\/\/historiografija.hr\/index.php?rest_route=%2Fwp%2Fv2%2Ftags&post=47062"}],"curies":[{"name":"wp","href":"https:\/\/api.w.org\/{rel}","templated":true}]}}