{"id":47058,"date":"2025-06-23T21:06:42","date_gmt":"2025-06-23T21:06:42","guid":{"rendered":"https:\/\/historiografija.hr\/?p=47058"},"modified":"2025-06-23T21:07:04","modified_gmt":"2025-06-23T21:07:04","slug":"predstavljanje-zbornika-pod-sjenom-krila-trogirska-komuna-za-vrijeme-venecijanske-uprave-1420-1797-u-trogiru","status":"publish","type":"post","link":"https:\/\/historiografija.hr\/?p=47058","title":{"rendered":"Predstavljanje zbornika radova \u201ePOD SJENOM KRILA \u2013 Trogirska komuna za vrijeme venecijanske uprave 1420. \u2013 1797.\u201c u Trogiru"},"content":{"rendered":"\n<p>Predstavljanje zbornika radova <strong><em>POD SJENOM KRILA \u2013 Trogirska komuna za vrijeme venecijanske uprave 1420. \u2013 1797.<\/em><\/strong> odr\u017eat \u0107e se <strong>u dvori\u0161tu Muzeja grada Trogira<\/strong> u ponedjeljak, <strong>23. lipnja 2025. u 20:00 sati.<\/strong> O knjizi \u0107e govoriti recenzentica <strong>dr. sc. Ana \u0160verko<\/strong> te urednice <strong>Lujana Paraman, dipl. arheol.<\/strong>, <strong>dr. sc. Fani Celio Cega<\/strong> i <strong>dr. sc. Irena Benyovsky Latin<\/strong>.<\/p>\n\n\n\n<p>Zbornik radova, proizi\u0161ao iz istoimenog znanstvenog skupa odr\u017eanog u organizaciji<strong> Muzeja grada Trogira <\/strong>i<strong> Hrvatskog instituta za povijest<\/strong> 2021. godine, sabire radove 11 autora: <strong>dr. sc. Ante Be\u0107ira, dr. sc. Irene Benyovsky Latin, doc. dr. sc. Tomislava Popi\u0107a, izv. prof. dr. sc. Tonije Andri\u0107, dr. sc. Kre\u0161imira Ku\u017ei\u0107a, dr. sc. Lovorke \u010corali\u0107 <\/strong>i<strong> dr. sc. Filipa Novosela, dr. sc. Stanka Piplovi\u0107a, dr. sc. Ive Vojnovi\u0107a, dr. sc. Darke Bili\u0107 <\/strong>te<strong> dr. sc. Fani Celio Cega<\/strong>.<\/p>\n\n\n\n<p><em>Zbornik radova \u201ePod sjenom krila\u201c. Trogirska komuna za vrijeme venecijanske uprave 1420. \u2013 1797. na svje\u017e na\u010din sagledava temu koja je u hrvatskoj historiografiji samo donekle bila obra\u0111ena iz aspekta politi\u010dke povijesti. U tome kontekstu Zbornik polazi upravo od politi\u010dke historije, no bitno oboga\u0107ene novim podatcima i metodolo\u0161kim pristupima, a potom se pozornost podjednako posve\u0107uje normativnoj historiji, vojnoj historiji, urbanoj i fortifikacijskoj historiji te historiji svakodnevlja. Upravo u tome sukusu Zbornik u cjelini vje\u0161to motri razli\u010dite aspekte pro\u0161le zbilje mleta\u010dke uprave kako bi se ona nastojala \u0161to bolje spoznati. \u0160tovi\u0161e, radovi Zbornika ne samo da pridonose poznavanju dru\u0161tveno-kulturnoga konteksta mleta\u010dkoga doba u Trogiru, nego posredno, no podjednako podrobno, svjedo\u010de o procesu institucionalizacije gradskih magistratura, ali i oblikovanja grada i njegova \u017eivota tijekom stolje\u0107a. Motrenje povijesti Trogira pritom je ostvareno i putem izra\u017eene multidisciplinarnosti i interdisciplinarnosti historiografskoga pristupa te povijesti umjetnosti i arhitekture.<\/em><br><strong>izv. prof. dr. sc. Ivan Majnari\u0107<\/strong><\/p>\n\n\n\n<p><em>Znanstveni radovi sabrani u ovome Zborniku proiza\u0161li su iz znanstvenoga skupa odr\u017eanoga povodom 600. obljetnice dolaska Trogira pod mleta\u010dku upravu 1420. godine. (Skup je odr\u017ean u studenome 2021. umjesto u pandemijskoj 2020. godini.) Od \u010detrnaest izlaganja na skupu njih je deset preto\u010deno u znanstvene radove \u0161irokoga tematskog spektra unutar istra\u017eivanoga razdoblja, koji redom donose nove znanstveno obra\u0111ene podatke i predstavljaju va\u017enu sintezu koju format znanstvenoga zbornika upravo na najbolji na\u010din okuplja. Tekstovi su organizirani u kronolo\u0161kome slijedu, \u0161to se pak podudara s tematskom logikom i uranjanjem u razdoblje, od op\u0107ih tema prema onima pojedina\u010dnima. Djelo kvalitetno postavlja koordinate istra\u017eivanja i znanstvenu ljestvicu te otvara tematski okvir za budu\u0107e nadopune.<\/em><br><em>Povijest Trogira pod mleta\u010dkom upravom jest obuhva\u0107ena mnogim pojedina\u010dnim istra\u017eivanjima, ali ono \u0161to je do sada nedostajalo upravo je njihova znanstveno ure\u0111ena sinteza pod \u010dijim se \u201einterdisciplinarnim krilom\u201c otvara prostor za daljnja istra\u017eivanja.<\/em><br><strong>dr. sc. Ana \u0160verko<\/strong><\/p>\n\n\n\n<p>Objavljivanje ove knjige dio je projekta \u201cTOPOS \u2013 Topografija vlasti: isto\u010dnojadranski gradovi u srenjovjekovnim prostorima vlasti\u201d Hrvatske zaklade za znanost, a omogu\u0107eno je sredstvima <strong>Ministarstva znanosti, obrazovanja i mladih Republike Hrvatske, Splitsko-dalmatinske \u017eupanije <\/strong>i<strong> Grada Trogira<\/strong>.<\/p>\n\n\n\n<p><strong><em>Vidimo se u dvori\u0161tu Muzeja grada Trogira 23. lipnja \u2013 to\u010dno 605 godina i jedan dan nakon \u0161to je Trogir pao pod upravu Mleta\u010dke Republike\u2026&nbsp;<\/em><\/strong><\/p>\n\n\n\n<p><strong><em>Veselimo se va\u0161em dolasku!<\/em><\/strong><\/p>\n\n\n\n<hr class=\"wp-block-separator has-alpha-channel-opacity\"\/>\n\n\n\n<p>Izvor:<\/p>\n\n\n\n<figure class=\"wp-block-embed is-type-wp-embed is-provider-muzej-grada-trogira wp-block-embed-muzej-grada-trogira\"><div class=\"wp-block-embed__wrapper\">\n<blockquote class=\"wp-embedded-content\" data-secret=\"stRNkgNgNi\"><a href=\"https:\/\/muzej-grada-trogira.hr\/2025\/06\/18\/zbornik-pod-sjenom-krila-trogir\/\">Predstavljanje zbornika &#8220;Pod sjenom krila&#8221; 23. lipnja u Muzeju grada Trogira<\/a><\/blockquote><iframe loading=\"lazy\" class=\"wp-embedded-content\" sandbox=\"allow-scripts\" security=\"restricted\" style=\"position: absolute; visibility: hidden;\" title=\"&#8220;Predstavljanje zbornika &#8220;Pod sjenom krila&#8221; 23. lipnja u Muzeju grada Trogira&#8221; &#8212; Muzej grada Trogira\" src=\"https:\/\/muzej-grada-trogira.hr\/2025\/06\/18\/zbornik-pod-sjenom-krila-trogir\/embed\/#?secret=stRNkgNgNi\" data-secret=\"stRNkgNgNi\" width=\"600\" height=\"338\" frameborder=\"0\" marginwidth=\"0\" marginheight=\"0\" scrolling=\"no\"><\/iframe>\n<\/div><\/figure>\n\n\n\n<hr class=\"wp-block-separator has-alpha-channel-opacity\"\/>\n","protected":false},"excerpt":{"rendered":"","protected":false},"author":2,"featured_media":47059,"comment_status":"open","ping_status":"open","sticky":false,"template":"","format":"standard","meta":{"_acf_changed":false,"jetpack_post_was_ever_published":false,"_jetpack_newsletter_access":"","_jetpack_dont_email_post_to_subs":false,"_jetpack_newsletter_tier_id":0,"_jetpack_memberships_contains_paywalled_content":false,"_jetpack_memberships_contains_paid_content":false,"footnotes":"","jetpack_publicize_message":"","jetpack_publicize_feature_enabled":true,"jetpack_social_post_already_shared":true,"jetpack_social_options":{"image_generator_settings":{"template":"highway","default_image_id":0,"font":"","enabled":false},"version":2}},"categories":[3],"tags":[],"class_list":["post-47058","post","type-post","status-publish","format-standard","has-post-thumbnail","hentry","category-novosti"],"acf":{"facebook_opis":""},"jetpack_publicize_connections":[],"jetpack_featured_media_url":"https:\/\/i0.wp.com\/historiografija.hr\/wp-content\/uploads\/2025\/06\/pozivnica_pod-sjenom-krila.jpg?fit=1400%2C788&ssl=1","jetpack_sharing_enabled":true,"jetpack-related-posts":[],"_links":{"self":[{"href":"https:\/\/historiografija.hr\/index.php?rest_route=\/wp\/v2\/posts\/47058","targetHints":{"allow":["GET"]}}],"collection":[{"href":"https:\/\/historiografija.hr\/index.php?rest_route=\/wp\/v2\/posts"}],"about":[{"href":"https:\/\/historiografija.hr\/index.php?rest_route=\/wp\/v2\/types\/post"}],"author":[{"embeddable":true,"href":"https:\/\/historiografija.hr\/index.php?rest_route=\/wp\/v2\/users\/2"}],"replies":[{"embeddable":true,"href":"https:\/\/historiografija.hr\/index.php?rest_route=%2Fwp%2Fv2%2Fcomments&post=47058"}],"version-history":[{"count":2,"href":"https:\/\/historiografija.hr\/index.php?rest_route=\/wp\/v2\/posts\/47058\/revisions"}],"predecessor-version":[{"id":47061,"href":"https:\/\/historiografija.hr\/index.php?rest_route=\/wp\/v2\/posts\/47058\/revisions\/47061"}],"wp:featuredmedia":[{"embeddable":true,"href":"https:\/\/historiografija.hr\/index.php?rest_route=\/wp\/v2\/media\/47059"}],"wp:attachment":[{"href":"https:\/\/historiografija.hr\/index.php?rest_route=%2Fwp%2Fv2%2Fmedia&parent=47058"}],"wp:term":[{"taxonomy":"category","embeddable":true,"href":"https:\/\/historiografija.hr\/index.php?rest_route=%2Fwp%2Fv2%2Fcategories&post=47058"},{"taxonomy":"post_tag","embeddable":true,"href":"https:\/\/historiografija.hr\/index.php?rest_route=%2Fwp%2Fv2%2Ftags&post=47058"}],"curies":[{"name":"wp","href":"https:\/\/api.w.org\/{rel}","templated":true}]}}