{"id":47044,"date":"2025-06-20T15:37:57","date_gmt":"2025-06-20T15:37:57","guid":{"rendered":"https:\/\/historiografija.hr\/?p=47044"},"modified":"2025-06-20T15:37:57","modified_gmt":"2025-06-20T15:37:57","slug":"izlozba-yugo-logo-graficka-identifikacija-u-jugoslaviji-u-dubrovniku","status":"publish","type":"post","link":"https:\/\/historiografija.hr\/?p=47044","title":{"rendered":"Izlo\u017eba \u201eYUGO.LOGO \u2013 Grafi\u010dka identifikacija u Jugoslaviji\u201c u Dubrovniku"},"content":{"rendered":"\n<p>U subotu 21. lipnja u 20 sati u Galeriji Muzeja crvene povijesti otvara se izlo\u017eba \u201cYUGO.LOGO \u2013 Grafi\u010dka identifikacija u Jugoslaviji\u201d koja se oslanja na istoimeni online arhiv koji je prije nekoliko godina pokrenuo beogradski dizajner OGNJEN RANKOVI\u0106. Izlo\u017eba sadr\u017ei preko 400 znakova i logotipa s prostora nekada\u0161nje Jugoslavije nastalih od polovice 20. stolje\u0107a do 1990-ih godina i svojevrsni \u201chall of fame\u201d nekih od najzna\u010dajnijih i najproduktivnijih dizajnera u ovom podru\u010dju dizajna vizualnih komunikacija. Izlo\u017ebu suorganiziraju Muzej crvene povijesti i Hrvatsko dizajnersko dru\u0161tvo, a izvorno je bila producirana za HDD galeriju i prvi put odr\u017eana u prolje\u0107e 2023.<\/p>\n\n\n\n<p><strong>Iz teksta Irme Pu\u0161karevi\u0107:<br><\/strong>\u201cAko uzmemo u obzir da je povijest pro\u0161irivanje slike o dru\u0161tvu, a ne potvrda pristranih stavova, onda mo\u017eemo sagledati zna\u010daj projekta <a href=\"https:\/\/yugologo.org\/\" target=\"_blank\" rel=\"noreferrer noopener\"><em>Yugo.logo<\/em><\/a> kao istra\u017eiva\u010dkog i edukativnog resursa. Na prvom mjestu korist digitalne arhive ovog tipa ogleda se u \u010dinjenici da je ovakva zbirka grafi\u010dke identifikacije \u0161iroko dostupna, interaktivna i dopunjiva. Kroz opcije dijeljenja, \u010duvanja i pravljenja inspirativnih mapa, <em>Yugo.logo<\/em> postaje istra\u017eiva\u010dki i didakti\u010dki alat za studiozne analize formalnih (likovnih) i zna\u010denjskih (semioti\u010dkih) karakteristika identifikacijskog znaka.<\/p>\n\n\n\n<p>Kao drugo, zna\u010daj ovog modela arhivske gra\u0111e je taj \u0161to ubla\u017eava razvedenost postoje\u0107ih lokaliziranih arhiva. Treba napomenuti da je materijalnost svakako druga\u010dije kvalitete kad se rukovodi primarnim (objekt u fizi\u010dkom prostoru) i sekundarnim (objekt u virtualnom prostoru) izvorima. Postoje odre\u0111ena karakterna svojstva koja nisu prenosiva kroz digitalni zapis. Me\u0111utim, svrha virtualnog arhiva <em>Yugo.logo<\/em> nije u tome da osigura cjelokupno iskustvo predmeta ve\u0107 u tome da bude polazi\u0161te za daljnje aktivnosti.<\/p>\n\n\n\n<p>Virtualno iskustvo <em>Yugo.logo<\/em> se sada dopunjuje kroz izlo\u017ebu i tiskanu publikaciju. Radovi 142 jugoslavenska dizajnera nastali u periodu od 1945. do 1992. godine predstavljeni su kroz 12 kategorija. Prikaz radova autora poput Milana Vulpea, Judite Skalar, D\u017eevada Hoze, Mirjane Martinovi\u0107, Milo\u0161a \u0106iri\u0107a, Sanje Ivekovi\u0107, Kostadina Tan\u010deva, Bla\u017eenke Ku\u010dinac, Borisa Ljubi\u010di\u0107a, Majde Dobravec, Matja\u017ea Vipotnika, Mojce Vogelnik, Josipa Estera, Zorice Janji\u0107, Vasila Micevskog, Milene Lazarevi\u0107, Jania Bav\u010dera, i mnogih drugih nudi pregled razvoja likovnih elemenata kao idejnih nosilaca u svrhu identifikacije.<\/p>\n\n\n\n<p>Pored toga, ovi radovi pru\u017eaju mogu\u0107nost da se sagleda razvojni put idejnih re\u0161enja pod okriljem dru\u0161tveno-politi\u010dkih etapa koje su obilje\u017eile nastajanje, uspon i kraj Jugoslavije. Zanimljivo je istaknuti da su autori povezani s razli\u010ditim sferama kreativne prakse. Neki od njih zavr\u0161avaju arhitektonske studije, neki studije primijenjene umjetnosti, a neki imaju karijeru koje zna\u010dajno definira interdisciplinarnost kao \u0161to je slu\u010daj Mojce Vogelnik koja pored studija arhitekture zavr\u0161ava i studije re\u017eije i filozofije.\u201d<\/p>\n\n\n\n<p><strong>Iz teksta Sanje Rotter:<\/strong><br>Kako je izgledao rad u dizajnu i tko je bio dizajner u biv\u0161oj Jugoslaviji? Industrijski dizajner u socijalisti\u010dkoj Jugoslaviji bio je anonimni arhitekt, radnik u industriji kao i svaki drugi, dok je grafi\u010dki dizajner \u010desto bio \u0161kolovani umjetnik koji je stalno ili povremeno \u201ezalazio u komercijalu\u201c. Autorstvo se uz iznimku nekih pojedinaca i kolektiva, rijetko ili nikada nije isticalo. Ipak, unato\u010d manjku visokoobrazovnih institucija u dizajnu (van okvira umjetnosti ili arhitekture), dizajn je itekako postojao, \u0161iroko prisutan u svakodnevnom \u017eivotu gra\u0111ana. Slu\u0161aju\u0107i i bilje\u017ee\u0107i pri\u010de ljudi koji su sudjelovali u stvaranju povijesti jugoslavenskog dizajna, nailazimo na sli\u010dne motive i motivacije. Svi oni tvrde kako su \u017eeljeli, barem malo, pomaknuti granice boljeg \u017eivota i ukusa. Voljeli su raditi i stvarati, nikad se tu nije radilo samo o novcu.<\/p>\n\n\n\n<p>Danas, me\u0111u generacijama ljudi koje se perioda Jugoslavije sje\u0107aju malo ili nikako, pojavila se \u017eelja i potreba za istra\u017eivanjem i bilje\u017eenjem dizajnerskog sje\u0107anja tog vremena. Posljedica toga pojava je neformalnih, entuzijasti\u010dnih ljubitelja i istra\u017eiva\u010da jugoslavenskog dizajna i arhitekture poput autora Ognjena Rankovi\u0107a, pokrenutih vlastitom znati\u017eeljom, nostalgijom i voljom za \u201eiskopavanjima\u201c zaboravljenih teritorija povijesti, koja i sada oblikuje na\u0161e \u017eivote i kolektivnu svijest.&nbsp;Za\u0161to o ovoj materiji nismo u\u010dili u okvirima formalnog dizajnerskog obrazovanja? Za\u0161to jugoslavenski dizajn \u010de\u0161\u0107e pronalazimo na web stranicama koje okupljaju ljubitelje <em>vintage<\/em> estetike nego u povijesti umjetnosti? Za\u0161to je toliko \u010desto, \u201eprojektant anoniman\u201c? Odgovori na sva ta pitanja slo\u017eeni su i vi\u0161ezna\u010dni, ali upravo su pitanja (a ne jednostavni odgovori) ono \u0161to je istinska inspiracija istra\u017eiva\u010da\u201d<\/p>\n\n\n\n<p><strong>O autoru izlo\u017ebe:<br><\/strong>Ognjen Rankovi\u0107 (Beograd, 1991.) je grafi\u010dki dizajner \u010dije sfere interesa obuhva\u0107aju dizajn ambala\u017ee, brendiranje, tradicionalne tehnike tiska, uli\u010dnu umjetnost i fotografiju. Veliki&nbsp;dio inspiracije pronalazi u naslje\u0111u \u201cmid-century\u201d dizajna i modernisti\u010dke arhitekture. Samostalno i kao dio tima sudjeluje u realizaciji preko 100 komercijalnih projekata. Sudjeluje na vi\u0161e grupnih izlo\u017ebi u zemlji i inozemstvu. Osniva\u010d istra\u017eiva\u010dkog projekta yugo.logo. Povremeni suradnik na projektima <a href=\"https:\/\/www.logo-archive.org\/\" target=\"_blank\" rel=\"noreferrer noopener\">https:\/\/www.logo-archive.org\/<\/a> i&nbsp;<a href=\"http:\/\/www.spomenikdatabase.org\">www.spomenikdatabase.org<\/a>. Dio festivala umjetnosti na ulici \u201cRekonstrukcija\u201d od 2018-2020. \u010covjek iza street art projekta @orbot.life.<\/p>\n\n\n\n<p><strong>Vi\u0161e o projektu:<\/strong><br><a href=\"https:\/\/yugologo.org\/\" target=\"_blank\" rel=\"noreferrer noopener\">https:\/\/yugologo.org\/<\/a><br><a href=\"https:\/\/www.instagram.com\/yugo.logo\/\" target=\"_blank\" rel=\"noreferrer noopener\">https:\/\/www.instagram.com\/yugo.logo\/<\/a><\/p>\n\n\n\n<hr class=\"wp-block-separator has-alpha-channel-opacity\"\/>\n\n\n\n<p><strong>YUGO.LOGO \u2013 Grafi\u010dka identifikacija u Jugoslaviji<\/strong><\/p>\n\n\n\n<p><strong>Muzej crvene povijesti, Dubrovnik<\/strong><\/p>\n\n\n\n<p><strong>21.6. \u2013 1.9.2025.<\/strong><\/p>\n\n\n\n<p><strong>Autor izlo\u017ebe:<\/strong> Ognjen Rankovi\u0107<br><strong>Suradnik na projektu:<\/strong> Antonio Kara\u010da<br><strong>Organizacija:<\/strong> Muzej crvene povijesti u suradnji s HDD-om <strong>Produkcija izlo\u017ebe:<\/strong> Hrvatsko dizajnersko dru\u0161tvo<\/p>\n\n\n\n<p>Izlo\u017eba je sufinancirana sredstvima Grada Dubrovnika, Ministarstva kulture i medija RH, Turisti\u010dke zajednice grada Dubrovnika, Hrvatske turisti\u010dke zajednice, Gradskog ureda za kulturu i civilno dru\u0161tvo Grada Zagreba. Izlo\u017ebeni i diskurzivni program HDD galerije sufinanciran je sredstvima Zaklade Kultura nova.<\/p>\n\n\n\n<p><strong>Muzej crvene povijesti<\/strong><\/p>\n\n\n\n<p>Ul. svetog Kri\u017ea 3, 20000 Dubrovnik<\/p>\n\n\n\n<p>Radno vrijeme: pon-ned, 9:30-20.30 h<\/p>\n\n\n\n<p>www.logo-archive.org<\/p>\n\n\n\n<hr class=\"wp-block-separator has-alpha-channel-opacity\"\/>\n\n\n\n<p>Izvor:<\/p>\n\n\n\n<figure class=\"wp-block-embed is-type-wp-embed is-provider-hrvatsko-dizajnersko-dru-tvo-croatian-designers-association wp-block-embed-hrvatsko-dizajnersko-dru-tvo-croatian-designers-association\"><div class=\"wp-block-embed__wrapper\">\n<blockquote class=\"wp-embedded-content\" data-secret=\"8mGj1LNX6b\"><a href=\"https:\/\/dizajn.hr\/blog\/izlozba-yugo-logo-graficka-identifikacija-u-jugoslaviji-u-dubrovniku\/\">Izlo\u017eba YUGO.LOGO \u2013 Grafi\u010dka identifikacija u Jugoslaviji u Dubrovniku!<\/a><\/blockquote><iframe loading=\"lazy\" class=\"wp-embedded-content\" sandbox=\"allow-scripts\" security=\"restricted\" style=\"position: absolute; visibility: hidden;\" title=\"&#8220;Izlo\u017eba YUGO.LOGO \u2013 Grafi\u010dka identifikacija u Jugoslaviji u Dubrovniku!&#8221; &#8212; Hrvatsko dizajnersko dru\u0161tvo \/ Croatian Designers Association\" src=\"https:\/\/dizajn.hr\/blog\/izlozba-yugo-logo-graficka-identifikacija-u-jugoslaviji-u-dubrovniku\/embed\/#?secret=XMboXSv4A0#?secret=8mGj1LNX6b\" data-secret=\"8mGj1LNX6b\" width=\"600\" height=\"338\" frameborder=\"0\" marginwidth=\"0\" marginheight=\"0\" scrolling=\"no\"><\/iframe>\n<\/div><\/figure>\n\n\n\n<hr class=\"wp-block-separator has-alpha-channel-opacity\"\/>\n","protected":false},"excerpt":{"rendered":"","protected":false},"author":2,"featured_media":47045,"comment_status":"open","ping_status":"open","sticky":false,"template":"","format":"standard","meta":{"_acf_changed":false,"jetpack_post_was_ever_published":false,"_jetpack_newsletter_access":"","_jetpack_dont_email_post_to_subs":false,"_jetpack_newsletter_tier_id":0,"_jetpack_memberships_contains_paywalled_content":false,"_jetpack_memberships_contains_paid_content":false,"footnotes":"","jetpack_publicize_message":"","jetpack_publicize_feature_enabled":true,"jetpack_social_post_already_shared":true,"jetpack_social_options":{"image_generator_settings":{"template":"highway","default_image_id":0,"font":"","enabled":false},"version":2}},"categories":[10,3],"tags":[],"class_list":["post-47044","post","type-post","status-publish","format-standard","has-post-thumbnail","hentry","category-izlozbe","category-novosti"],"acf":{"facebook_opis":""},"jetpack_publicize_connections":[],"jetpack_featured_media_url":"https:\/\/i0.wp.com\/historiografija.hr\/wp-content\/uploads\/2025\/06\/yugo-logo.jpg?fit=900%2C598&ssl=1","jetpack_sharing_enabled":true,"jetpack-related-posts":[],"_links":{"self":[{"href":"https:\/\/historiografija.hr\/index.php?rest_route=\/wp\/v2\/posts\/47044","targetHints":{"allow":["GET"]}}],"collection":[{"href":"https:\/\/historiografija.hr\/index.php?rest_route=\/wp\/v2\/posts"}],"about":[{"href":"https:\/\/historiografija.hr\/index.php?rest_route=\/wp\/v2\/types\/post"}],"author":[{"embeddable":true,"href":"https:\/\/historiografija.hr\/index.php?rest_route=\/wp\/v2\/users\/2"}],"replies":[{"embeddable":true,"href":"https:\/\/historiografija.hr\/index.php?rest_route=%2Fwp%2Fv2%2Fcomments&post=47044"}],"version-history":[{"count":1,"href":"https:\/\/historiografija.hr\/index.php?rest_route=\/wp\/v2\/posts\/47044\/revisions"}],"predecessor-version":[{"id":47046,"href":"https:\/\/historiografija.hr\/index.php?rest_route=\/wp\/v2\/posts\/47044\/revisions\/47046"}],"wp:featuredmedia":[{"embeddable":true,"href":"https:\/\/historiografija.hr\/index.php?rest_route=\/wp\/v2\/media\/47045"}],"wp:attachment":[{"href":"https:\/\/historiografija.hr\/index.php?rest_route=%2Fwp%2Fv2%2Fmedia&parent=47044"}],"wp:term":[{"taxonomy":"category","embeddable":true,"href":"https:\/\/historiografija.hr\/index.php?rest_route=%2Fwp%2Fv2%2Fcategories&post=47044"},{"taxonomy":"post_tag","embeddable":true,"href":"https:\/\/historiografija.hr\/index.php?rest_route=%2Fwp%2Fv2%2Ftags&post=47044"}],"curies":[{"name":"wp","href":"https:\/\/api.w.org\/{rel}","templated":true}]}}