{"id":47040,"date":"2025-06-19T20:55:57","date_gmt":"2025-06-19T20:55:57","guid":{"rendered":"https:\/\/historiografija.hr\/?p=47040"},"modified":"2025-06-19T20:55:57","modified_gmt":"2025-06-19T20:55:57","slug":"hannu-salmi-what-is-digital-history","status":"publish","type":"post","link":"https:\/\/historiografija.hr\/?p=47040","title":{"rendered":"Hannu Salmi, \u201eWhat is Digital History?\u201c"},"content":{"rendered":"\n<p>Digital history is an emerging field that draws on digital technology and computational methods. A global enterprise that invites scholars worldwide to join forces, it presents exciting and novel ways we might explore, understand and represent the past.<\/p>\n\n\n\n<p>Hannu Salmi provides the most compelling introduction to digital history to date. Beginning with an examination of the origins of the digital study of history, he goes on to discuss the question of how history exists in a digitized form. He introduces basic concepts and ideas in digital history, including databases and archives, interdisciplinarity and public engagement. Outlining the problems and methods in the study of big data, both textual and visual, particular attention is paid to the born-digital era: the contemporary age that exists primarily in digital form.<\/p>\n\n\n\n<p><em>What is Digital History?<\/em>&nbsp;is essential reading for students of history and other humanities fields, as well as anyone interested in how digitization and digital cultures are transforming the study of history.<\/p>\n\n\n\n<hr class=\"wp-block-separator has-alpha-channel-opacity\"\/>\n\n\n\n<p><strong>About the Author<\/strong><\/p>\n\n\n\n<p>Hannu Salmi is Professor of Cultural History at the University of Turku.<\/p>\n\n\n\n<hr class=\"wp-block-separator has-alpha-channel-opacity\"\/>\n\n\n\n<p><strong>Table of Contents<\/strong><\/p>\n\n\n\n<p>Introduction<\/p>\n\n\n\n<p>Notes<\/p>\n\n\n\n<p><strong>1 The Digital Past: Sources and Problems<\/strong><\/p>\n\n\n\n<p>Digitization of cultural heritage<\/p>\n\n\n\n<p>Biases of the digital past<\/p>\n\n\n\n<p>Born-digital era<\/p>\n\n\n\n<p>Virality<\/p>\n\n\n\n<p>Toward the epistemology of the born digital<\/p>\n\n\n\n<p>Notes<\/p>\n\n\n\n<p><strong>2 Reading and Textuality in Digital History<\/strong><\/p>\n\n\n\n<p>Reading as a research method<\/p>\n\n\n\n<p>Reading with machines<\/p>\n\n\n\n<p>Distant reading<\/p>\n\n\n\n<p>The challenge of big data<\/p>\n\n\n\n<p>Texts for historical research<\/p>\n\n\n\n<p>Distant reading techniques<\/p>\n\n\n\n<p>Notes<\/p>\n\n\n\n<p><strong>3 Mapping and Viewing History<\/strong><\/p>\n\n\n\n<p>Maps as digital sources<\/p>\n\n\n\n<p>Maps as historical interpretations<\/p>\n\n\n\n<p>From visual evidence to distant viewing<\/p>\n\n\n\n<p>Sound and vision<\/p>\n\n\n\n<p>Visuality, textuality and metadata<\/p>\n\n\n\n<p>Notes<\/p>\n\n\n\n<p><strong>4 Interdisciplinarity: Challenges for Research<\/strong><\/p>\n\n\n\n<p>Beyond disciplinarity<\/p>\n\n\n\n<p>Trading across borders<\/p>\n\n\n\n<p>Towards interdisciplinary practices<\/p>\n\n\n\n<p>Notes<\/p>\n\n\n\n<p><strong>5 Presenting the Past in the Digital Age<\/strong><\/p>\n\n\n\n<p>Digital history for the public<\/p>\n\n\n\n<p>Visualizing data<\/p>\n\n\n\n<p>Presenting change over time<\/p>\n\n\n\n<p>Augmented and mixed realities<\/p>\n\n\n\n<p>Travelling in time<\/p>\n\n\n\n<p>Notes<\/p>\n\n\n\n<p>Conclusion<\/p>\n\n\n\n<p>Notes<\/p>\n\n\n\n<p>Further Reading<\/p>\n\n\n\n<p>Index<\/p>\n\n\n\n<hr class=\"wp-block-separator has-alpha-channel-opacity\"\/>\n\n\n\n<p><strong>Reviews<\/strong><\/p>\n\n\n\n<p>\u2018We are all \u201cdigital historians\u201d now, and by interrogating the origins and content of this emerging discipline, Hannu Salmi charts an intellectual landscape we must all navigate. <em>What is Digital History?<\/em> provides a sure guide and a welcome companion.\u2019<br><strong>Tim Hitchcock, Director of the Sussex Humanities Lab<\/strong><\/p>\n\n\n\n<p>\u2018I learned a great deal from this book. I appreciate its international coverage, and especially the range of examples described. It will be especially useful for introductory history courses where faculty seek to familiarize students with the breadth of online archives, and the scholarship that has been generated from them.\u2019<br><strong>Jo Guldi, Southern Methodist University<\/strong><\/p>\n\n\n\n<hr class=\"wp-block-separator has-alpha-channel-opacity\"\/>\n\n\n\n<p>December 2020<\/p>\n\n\n\n<p>Polity<\/p>\n\n\n\n<p>156 pages<\/p>\n\n\n\n<p><a href=\"https:\/\/www.wiley.com\/en-us\/What+is+Digital+History%3F-p-9781509537020\">https:\/\/www.wiley.com\/en-us\/What+is+Digital+History%3F-p-9781509537020<\/a><\/p>\n\n\n\n<hr class=\"wp-block-separator has-alpha-channel-opacity\"\/>\n","protected":false},"excerpt":{"rendered":"","protected":false},"author":2,"featured_media":47041,"comment_status":"open","ping_status":"open","sticky":false,"template":"","format":"standard","meta":{"_acf_changed":false,"jetpack_post_was_ever_published":false,"_jetpack_newsletter_access":"","_jetpack_dont_email_post_to_subs":false,"_jetpack_newsletter_tier_id":0,"_jetpack_memberships_contains_paywalled_content":false,"_jetpack_memberships_contains_paid_content":false,"footnotes":"","jetpack_publicize_message":"","jetpack_publicize_feature_enabled":true,"jetpack_social_post_already_shared":true,"jetpack_social_options":{"image_generator_settings":{"template":"highway","default_image_id":0,"font":"","enabled":false},"version":2}},"categories":[8,3],"tags":[],"class_list":["post-47040","post","type-post","status-publish","format-standard","has-post-thumbnail","hentry","category-knjige","category-novosti"],"acf":{"facebook_opis":""},"jetpack_publicize_connections":[],"jetpack_featured_media_url":"https:\/\/i0.wp.com\/historiografija.hr\/wp-content\/uploads\/2025\/06\/Salmi.webp?fit=300%2C438&ssl=1","jetpack_sharing_enabled":true,"jetpack-related-posts":[{"id":52664,"url":"https:\/\/historiografija.hr\/?p=52664","url_meta":{"origin":47040,"position":0},"title":"CfP: CONFERENCE OF THE HISTORY OF CONCEPTS GROUP, HELSINKI, 19TH\u201321ST AUGUST 2026 (DEADLINE: 30TH APRIL 2026)","author":"Branimir Jankovi\u0107","date":"24. travnja 2026.","format":false,"excerpt":"The annual conference of the History of Concepts Group is held at the University of Helsinki, 19-21 August 2026. Conference of the History of Concepts Group Conceptual history studies the use of concepts and tries to understand how historical actors have linguistically articulated views of the world. Studying concepts from\u2026","rel":"","context":"U &quot;Novosti&quot;","block_context":{"text":"Novosti","link":"https:\/\/historiografija.hr\/?cat=3"},"img":{"alt_text":"","src":"https:\/\/i0.wp.com\/historiografija.hr\/wp-content\/uploads\/2017\/10\/hsozkult.png?fit=1006%2C241&ssl=1&resize=350%2C200","width":350,"height":200,"srcset":"https:\/\/i0.wp.com\/historiografija.hr\/wp-content\/uploads\/2017\/10\/hsozkult.png?fit=1006%2C241&ssl=1&resize=350%2C200 1x, https:\/\/i0.wp.com\/historiografija.hr\/wp-content\/uploads\/2017\/10\/hsozkult.png?fit=1006%2C241&ssl=1&resize=525%2C300 1.5x, https:\/\/i0.wp.com\/historiografija.hr\/wp-content\/uploads\/2017\/10\/hsozkult.png?fit=1006%2C241&ssl=1&resize=700%2C400 2x"},"classes":[]},{"id":52641,"url":"https:\/\/historiografija.hr\/?p=52641","url_meta":{"origin":47040,"position":1},"title":"CfP: WHO OWNS THE PAST? VERNACULAR MEMORY, STATE MEMORY, AND THE POLITICS OF OWNERSHIP","author":"Branimir Jankovi\u0107","date":"24. travnja 2026.","format":false,"excerpt":"VIENNA, 31ST AUGUST\u20133RD SEPTEMBER 2026 (DEADLINE: 24TH APRIL 2026) The Center for Austrian Studies at the European Forum at the Hebrew University and the Austrian Academy of Sciences\/Institute of Culture Studies invite early postdocs, PhD candidates, and advanced Master\u2019s students from the Hebrew University of Jerusalem and universities and academic\u2026","rel":"","context":"U &quot;Novosti&quot;","block_context":{"text":"Novosti","link":"https:\/\/historiografija.hr\/?cat=3"},"img":{"alt_text":"","src":"https:\/\/i0.wp.com\/historiografija.hr\/wp-content\/uploads\/2017\/10\/hsozkult.png?fit=1006%2C241&ssl=1&resize=350%2C200","width":350,"height":200,"srcset":"https:\/\/i0.wp.com\/historiografija.hr\/wp-content\/uploads\/2017\/10\/hsozkult.png?fit=1006%2C241&ssl=1&resize=350%2C200 1x, https:\/\/i0.wp.com\/historiografija.hr\/wp-content\/uploads\/2017\/10\/hsozkult.png?fit=1006%2C241&ssl=1&resize=525%2C300 1.5x, https:\/\/i0.wp.com\/historiografija.hr\/wp-content\/uploads\/2017\/10\/hsozkult.png?fit=1006%2C241&ssl=1&resize=700%2C400 2x"},"classes":[]},{"id":52516,"url":"https:\/\/historiografija.hr\/?p=52516","url_meta":{"origin":47040,"position":2},"title":"Marko Grde\u0161i\u0107, Mislav \u017ditko, \u201eSocialist Economics in Yugoslavia: A Critical History\u201c","author":"Branimir Jankovi\u0107","date":"17. travnja 2026.","format":false,"excerpt":"This book presents a critical history of Yugoslav socialist economics, from its inception in the late 1940s to its dissolution in the late 1980s. After the dramatic break with the Soviet Union in 1948, Yugoslavia found itself in urgent need of a third way: A socialist trajectory which would not\u2026","rel":"","context":"U &quot;Knjige&quot;","block_context":{"text":"Knjige","link":"https:\/\/historiografija.hr\/?cat=8"},"img":{"alt_text":"","src":"https:\/\/i0.wp.com\/historiografija.hr\/wp-content\/uploads\/2026\/04\/Zitko_Grdesic.jpg?fit=350%2C535&ssl=1&resize=350%2C200","width":350,"height":200},"classes":[]},{"id":52531,"url":"https:\/\/historiografija.hr\/?p=52531","url_meta":{"origin":47040,"position":3},"title":"Jonathan G. Leslie, \u201eFear and Insecurity: Israel and the Iran Threat Narrative\u201c","author":"Branimir Jankovi\u0107","date":"17. travnja 2026.","format":false,"excerpt":"Why is Israel\u2019s former ally Iran now perceived as the country\u2019s greatest threat? Description To observers of the Iran-Israel conflict, its vitriolic rhetoric might suggest an ancient hatred between Jews and Muslims\u2013a biblical feud dating back hundreds, or thousands, of years. But this rivalry is a far more modern development.\u2026","rel":"","context":"U &quot;Knjige&quot;","block_context":{"text":"Knjige","link":"https:\/\/historiografija.hr\/?cat=8"},"img":{"alt_text":"","src":"https:\/\/i0.wp.com\/historiografija.hr\/wp-content\/uploads\/2026\/04\/Leslie.jpg?fit=391%2C612&ssl=1&resize=350%2C200","width":350,"height":200},"classes":[]},{"id":52643,"url":"https:\/\/historiografija.hr\/?p=52643","url_meta":{"origin":47040,"position":4},"title":"BRACEWELL TRAVELLING SCHOLARSHIP\u202fFOR PHD STUDENTS (DEADLINE: 30TH APRIL 2026)","author":"Branimir Jankovi\u0107","date":"24. travnja 2026.","format":false,"excerpt":"The Bracewell Travelling Scholarship\u202fis funded by a gift from SSEES Emeritus Professor of History Wendy Bracewell, whose research examines South Slav history, and travel writing in eastern Europe. The Scholarship honours the long tradition of mutual curiosity between the UK and eastern, central and southeastern Europe by supporting PhD students\u2026","rel":"","context":"U &quot;Novosti&quot;","block_context":{"text":"Novosti","link":"https:\/\/historiografija.hr\/?cat=3"},"img":{"alt_text":"","src":"https:\/\/i0.wp.com\/historiografija.hr\/wp-content\/uploads\/2026\/04\/Bracewell-Travelling-Scholarship-.webp?fit=980%2C700&ssl=1&resize=350%2C200","width":350,"height":200,"srcset":"https:\/\/i0.wp.com\/historiografija.hr\/wp-content\/uploads\/2026\/04\/Bracewell-Travelling-Scholarship-.webp?fit=980%2C700&ssl=1&resize=350%2C200 1x, https:\/\/i0.wp.com\/historiografija.hr\/wp-content\/uploads\/2026\/04\/Bracewell-Travelling-Scholarship-.webp?fit=980%2C700&ssl=1&resize=525%2C300 1.5x, https:\/\/i0.wp.com\/historiografija.hr\/wp-content\/uploads\/2026\/04\/Bracewell-Travelling-Scholarship-.webp?fit=980%2C700&ssl=1&resize=700%2C400 2x"},"classes":[]},{"id":52586,"url":"https:\/\/historiografija.hr\/?p=52586","url_meta":{"origin":47040,"position":5},"title":"Aur\u00e9lie Daher, \u201eHezbollah: Mobilisation and Power\u201c","author":"Branimir Jankovi\u0107","date":"22. travnja 2026.","format":false,"excerpt":"Morning Star \u2018Book of the Year\u2019 Social movement, liberation party or terrorist group? With Hezbollah\u2019s growing involvement in the war in Syria, this study of its impact on Lebanon, drawing heavily on first-hand interviews, could not be more timely. Description Almost forty years after its foundation, Hezbollah remains an enigma.\u2026","rel":"","context":"U &quot;Knjige&quot;","block_context":{"text":"Knjige","link":"https:\/\/historiografija.hr\/?cat=8"},"img":{"alt_text":"","src":"https:\/\/i0.wp.com\/historiografija.hr\/wp-content\/uploads\/2026\/04\/Daher-Hezbollah.jpg?fit=600%2C931&ssl=1&resize=350%2C200","width":350,"height":200,"srcset":"https:\/\/i0.wp.com\/historiografija.hr\/wp-content\/uploads\/2026\/04\/Daher-Hezbollah.jpg?fit=600%2C931&ssl=1&resize=350%2C200 1x, https:\/\/i0.wp.com\/historiografija.hr\/wp-content\/uploads\/2026\/04\/Daher-Hezbollah.jpg?fit=600%2C931&ssl=1&resize=525%2C300 1.5x"},"classes":[]}],"_links":{"self":[{"href":"https:\/\/historiografija.hr\/index.php?rest_route=\/wp\/v2\/posts\/47040","targetHints":{"allow":["GET"]}}],"collection":[{"href":"https:\/\/historiografija.hr\/index.php?rest_route=\/wp\/v2\/posts"}],"about":[{"href":"https:\/\/historiografija.hr\/index.php?rest_route=\/wp\/v2\/types\/post"}],"author":[{"embeddable":true,"href":"https:\/\/historiografija.hr\/index.php?rest_route=\/wp\/v2\/users\/2"}],"replies":[{"embeddable":true,"href":"https:\/\/historiografija.hr\/index.php?rest_route=%2Fwp%2Fv2%2Fcomments&post=47040"}],"version-history":[{"count":1,"href":"https:\/\/historiografija.hr\/index.php?rest_route=\/wp\/v2\/posts\/47040\/revisions"}],"predecessor-version":[{"id":47042,"href":"https:\/\/historiografija.hr\/index.php?rest_route=\/wp\/v2\/posts\/47040\/revisions\/47042"}],"wp:featuredmedia":[{"embeddable":true,"href":"https:\/\/historiografija.hr\/index.php?rest_route=\/wp\/v2\/media\/47041"}],"wp:attachment":[{"href":"https:\/\/historiografija.hr\/index.php?rest_route=%2Fwp%2Fv2%2Fmedia&parent=47040"}],"wp:term":[{"taxonomy":"category","embeddable":true,"href":"https:\/\/historiografija.hr\/index.php?rest_route=%2Fwp%2Fv2%2Fcategories&post=47040"},{"taxonomy":"post_tag","embeddable":true,"href":"https:\/\/historiografija.hr\/index.php?rest_route=%2Fwp%2Fv2%2Ftags&post=47040"}],"curies":[{"name":"wp","href":"https:\/\/api.w.org\/{rel}","templated":true}]}}