{"id":47024,"date":"2025-06-17T22:02:47","date_gmt":"2025-06-17T22:02:47","guid":{"rendered":"https:\/\/historiografija.hr\/?p=47024"},"modified":"2025-06-17T22:03:49","modified_gmt":"2025-06-17T22:03:49","slug":"historiografija-ba-rekapitulacija-devetog-history-festa","status":"publish","type":"post","link":"https:\/\/historiografija.hr\/?p=47024","title":{"rendered":"Historiografija.ba: Rekapitulacija devetog History Festa"},"content":{"rendered":"\n<p>Na portalu<strong> Historiografija.ba<\/strong> objavljen je tekst <strong>Husnije Kamberovi\u0107a<\/strong> u kojem rekapitulira ovogodi\u0161nji \u2013 osobito izazovni \u2013 deveti <strong>History Fest<\/strong> odr\u017ean od 2. do 6. lipnja\/juna 2025. u Sarajevu. U tekstu su prilo\u017eene poveznice na zaista mnogobrojne medijske odjeke, me\u0111u njima i mnoge polemi\u010dne priloge i napade na History Fest. Tom prilikom Kamberovi\u0107 je najavio i organiziranje novih izdanja History Festa.<\/p>\n\n\n\n<hr class=\"wp-block-separator has-alpha-channel-opacity\"\/>\n\n\n\n<p>Op\u0161irnije:<\/p>\n\n\n\n<p><a href=\"https:\/\/historiografija.ba\/clanci-i-polemike\/nakon-devetog-history-festa-idemo-samo-naprijed\">https:\/\/historiografija.ba\/clanci-i-polemike\/nakon-devetog-history-festa-idemo-samo-naprijed<\/a><\/p>\n\n\n\n<hr class=\"wp-block-separator has-alpha-channel-opacity\"\/>\n","protected":false},"excerpt":{"rendered":"","protected":false},"author":2,"featured_media":47026,"comment_status":"open","ping_status":"open","sticky":false,"template":"","format":"standard","meta":{"_acf_changed":false,"jetpack_post_was_ever_published":false,"_jetpack_newsletter_access":"","_jetpack_dont_email_post_to_subs":false,"_jetpack_newsletter_tier_id":0,"_jetpack_memberships_contains_paywalled_content":false,"_jetpack_memberships_contains_paid_content":false,"footnotes":"","jetpack_publicize_message":"","jetpack_publicize_feature_enabled":true,"jetpack_social_post_already_shared":true,"jetpack_social_options":{"image_generator_settings":{"template":"highway","default_image_id":0,"font":"","enabled":false},"version":2}},"categories":[3],"tags":[],"class_list":["post-47024","post","type-post","status-publish","format-standard","has-post-thumbnail","hentry","category-novosti"],"acf":{"facebook_opis":""},"jetpack_publicize_connections":[],"jetpack_featured_media_url":"https:\/\/i0.wp.com\/historiografija.hr\/wp-content\/uploads\/2025\/06\/kamberovic-otvorenje-history-festa-2025.jpg?fit=555%2C370&ssl=1","jetpack_sharing_enabled":true,"jetpack-related-posts":[],"_links":{"self":[{"href":"https:\/\/historiografija.hr\/index.php?rest_route=\/wp\/v2\/posts\/47024","targetHints":{"allow":["GET"]}}],"collection":[{"href":"https:\/\/historiografija.hr\/index.php?rest_route=\/wp\/v2\/posts"}],"about":[{"href":"https:\/\/historiografija.hr\/index.php?rest_route=\/wp\/v2\/types\/post"}],"author":[{"embeddable":true,"href":"https:\/\/historiografija.hr\/index.php?rest_route=\/wp\/v2\/users\/2"}],"replies":[{"embeddable":true,"href":"https:\/\/historiografija.hr\/index.php?rest_route=%2Fwp%2Fv2%2Fcomments&post=47024"}],"version-history":[{"count":2,"href":"https:\/\/historiografija.hr\/index.php?rest_route=\/wp\/v2\/posts\/47024\/revisions"}],"predecessor-version":[{"id":47027,"href":"https:\/\/historiografija.hr\/index.php?rest_route=\/wp\/v2\/posts\/47024\/revisions\/47027"}],"wp:featuredmedia":[{"embeddable":true,"href":"https:\/\/historiografija.hr\/index.php?rest_route=\/wp\/v2\/media\/47026"}],"wp:attachment":[{"href":"https:\/\/historiografija.hr\/index.php?rest_route=%2Fwp%2Fv2%2Fmedia&parent=47024"}],"wp:term":[{"taxonomy":"category","embeddable":true,"href":"https:\/\/historiografija.hr\/index.php?rest_route=%2Fwp%2Fv2%2Fcategories&post=47024"},{"taxonomy":"post_tag","embeddable":true,"href":"https:\/\/historiografija.hr\/index.php?rest_route=%2Fwp%2Fv2%2Ftags&post=47024"}],"curies":[{"name":"wp","href":"https:\/\/api.w.org\/{rel}","templated":true}]}}