{"id":46995,"date":"2025-06-16T16:02:24","date_gmt":"2025-06-16T16:02:24","guid":{"rendered":"https:\/\/historiografija.hr\/?p=46995"},"modified":"2025-06-16T16:02:47","modified_gmt":"2025-06-16T16:02:47","slug":"rana-domaca-diskografska-industrija-edison-bell-penkala-elektroton-i-jugoton","status":"publish","type":"post","link":"https:\/\/historiografija.hr\/?p=46995","title":{"rendered":"Rana doma\u0107a diskografska industrija: Edison Bell Penkala, Elektroton i Jugoton"},"content":{"rendered":"\n<p>Uredile Naila Ceriba\u0161i\u0107, Dora Dunatov i Jelka Vukobratovi\u0107<\/p>\n\n\n\n<p>Nakladnik: Institut za etnologiju i folkloristiku, Zalo\u017eba Univerze v Ljubljani; Znanstvena zalo\u017eba Filozofske fakultete<\/p>\n\n\n\n<p>Godina izdanja: 2025.<\/p>\n\n\n\n<hr class=\"wp-block-separator has-alpha-channel-opacity\"\/>\n\n\n\n<p>IZ RECENZIJA<\/p>\n\n\n\n<p>Za studije \u0161to ih okuplja ovo izdanje glazba vi\u0161e nije ne\u0161to nu\u017eno obilje\u017eeno notacijom (ili njezinom odsutno\u0161\u0107u); za njih je glazba i ne\u0161to \u0161to se mo\u017ee zapisati fonografski. Drugim rije\u010dima: umjesto zapisa u registru simboli\u010dkog, ovdje se razmatra glazba zapisiva i zapisana u registru realnog. [\u2026] Ako je u ovoj opse\u017enoj i razvedenoj knjizi rije\u010d o svojevrsnoj povijesti, analizi i antropologiji doma\u0107e glazbene kulture 20. stolje\u0107a, ona u isti mah pru\u017ea i pogled u suvremenost, u dana\u0161nje prijepore i probleme u opho\u0111enju s glazbenim naslje\u0111em pro\u0161log stolje\u0107a.<\/p>\n\n\n\n<p><strong>Dalibor Davidovi\u0107, redoviti profesor, Muzi\u010dka akademija Sveu\u010dili\u0161ta u Zagrebu<\/strong><\/p>\n\n\n\n<p>Znanstveni doprinos zbornika temelji se na predstavljanju dosad neobjavljenih rezultata istra\u017eiva\u010dkog rada kroz argumentiranu metodolo\u0161ku, analiti\u010dku i interpretativnu dimenziju tekstova. S obzirom na to da je rije\u010d o \u201cpionirskom poduhvatu\u201d snaga ovog izdanja jest i u stvaranju modela, oblikovanju i definiranju postupaka, identificiranju klju\u010dnih parametara za istra\u017eivanje diskografije.<\/p>\n\n\n\n<p><strong>Lada Durakovi\u0107, redovita profesorica, Muzi\u010dka akademija Sveu\u010dili\u0161ta Jurja Dobrile u Puli<\/strong><\/p>\n\n\n\n<p>Zbornik temelji na izjemno obse\u017enem in odli\u010dno sistematiziranem gradivu, ki do sedaj ni bilo predmet raziskovalne obravnave. Avtorjice in avtorji zbornika izhajajo iz podmene, da je tovrstno gradivo pomembno ne le zbrati, ampak tudi sistemati\u010dno analizirati, ker je izreden medij za razumevanje produkcije, recepcije in distribucije glasbe. Zgodovinski pogled na diskografske industrije, ki se je razvijala v dolo\u010denem \u010dasovnem in prostorskem kontekstu neizogibno pomaga razumevanju preteklosti glasbenega \u017eivljenja, zato diskografija postane na\u010din rekonstrukcije neznanih vidikov glasbene ustvarjalnosti.<\/p>\n\n\n\n<p><strong>Ana Hofman, vi\u0161a znanstvena suradnica, In\u0161titut za kulturne in spominske \u0161tudije Znanstvenoraziskovalnega centra Slovenske akademije znanosti in umetnosti<\/strong><\/p>\n\n\n\n<p>Monografija pevi\u010d sistemati\u010dno preverja in primerja razvoj zgodnje diskografije Kraljevine SHS in socialisti\u010dne Jugoslavije. Na eni strani prina\u0161a pregledano in preverjeno gradivo, na drugo strani ga ume\u0161\u010da v diskografsko produkcijo tistega \u010dasa, obenem pa s pedantnostjo preverja dejansko diskografsko produkcijo na\u0161ega neko\u010d skupnega prostora, ki je doslej znanstveno \u0161e nismo preu\u010dili.<\/p>\n\n\n\n<p><strong>Rajko Mur\u0161i\u010d, redoviti profesor, Oddelek za etnologijo in kulturno antropologijo Filozofske fakultete Univerze v Ljubljani<\/strong><\/p>\n\n\n\n<p>Ovaj izvrstan svezak nudi sveobuhvatno istra\u017eivanje hrvatske diskografske industrije od njezina po\u010detka u 1920-ima do procvata u 1950-ima. Autori pomno iscrtavaju uspon zagreba\u010dke proizvodnje plo\u010da, utjecaj me\u0111unarodnih trendova na doma\u0107u glazbu i druge kulturne, ekonomske, pravne, politi\u010dke, dru\u0161tvene i tehnolo\u0161ke razvoje koji su oblikovali industriju tijekom ovog razdoblja.<\/p>\n\n\n\n<p><strong>Dean Vuletic, autor i povjesni\u010dar, University of Luxembourg<\/strong><\/p>\n\n\n\n<hr class=\"wp-block-separator has-alpha-channel-opacity\"\/>\n\n\n\n<p>Izvor i sadr\u017eaj:<\/p>\n\n\n\n<p><a href=\"https:\/\/www.ief.hr\/novosti\/https-www-ief-hr-wp-content-uploads-2025-06-diskograf_omot-scaled-jpgnovi-ljudi-tri-kulturnoantropoloska-rakursa-2\/\">https:\/\/www.ief.hr\/novosti\/https-www-ief-hr-wp-content-uploads-2025-06-diskograf_omot-scaled-jpgnovi-ljudi-tri-kulturnoantropoloska-rakursa-2\/<\/a><\/p>\n\n\n\n<hr class=\"wp-block-separator has-alpha-channel-opacity\"\/>\n","protected":false},"excerpt":{"rendered":"","protected":false},"author":2,"featured_media":46996,"comment_status":"open","ping_status":"open","sticky":false,"template":"","format":"standard","meta":{"_acf_changed":false,"jetpack_post_was_ever_published":false,"_jetpack_newsletter_access":"","_jetpack_dont_email_post_to_subs":false,"_jetpack_newsletter_tier_id":0,"_jetpack_memberships_contains_paywalled_content":false,"_jetpack_memberships_contains_paid_content":false,"footnotes":"","jetpack_publicize_message":"","jetpack_publicize_feature_enabled":true,"jetpack_social_post_already_shared":true,"jetpack_social_options":{"image_generator_settings":{"template":"highway","default_image_id":0,"font":"","enabled":false},"version":2}},"categories":[8,3],"tags":[],"class_list":["post-46995","post","type-post","status-publish","format-standard","has-post-thumbnail","hentry","category-knjige","category-novosti"],"acf":{"facebook_opis":""},"jetpack_publicize_connections":[],"jetpack_featured_media_url":"https:\/\/i0.wp.com\/historiografija.hr\/wp-content\/uploads\/2025\/06\/DISKOGRAF.jpg?fit=1812%2C2048&ssl=1","jetpack_sharing_enabled":true,"jetpack-related-posts":[],"_links":{"self":[{"href":"https:\/\/historiografija.hr\/index.php?rest_route=\/wp\/v2\/posts\/46995","targetHints":{"allow":["GET"]}}],"collection":[{"href":"https:\/\/historiografija.hr\/index.php?rest_route=\/wp\/v2\/posts"}],"about":[{"href":"https:\/\/historiografija.hr\/index.php?rest_route=\/wp\/v2\/types\/post"}],"author":[{"embeddable":true,"href":"https:\/\/historiografija.hr\/index.php?rest_route=\/wp\/v2\/users\/2"}],"replies":[{"embeddable":true,"href":"https:\/\/historiografija.hr\/index.php?rest_route=%2Fwp%2Fv2%2Fcomments&post=46995"}],"version-history":[{"count":2,"href":"https:\/\/historiografija.hr\/index.php?rest_route=\/wp\/v2\/posts\/46995\/revisions"}],"predecessor-version":[{"id":46998,"href":"https:\/\/historiografija.hr\/index.php?rest_route=\/wp\/v2\/posts\/46995\/revisions\/46998"}],"wp:featuredmedia":[{"embeddable":true,"href":"https:\/\/historiografija.hr\/index.php?rest_route=\/wp\/v2\/media\/46996"}],"wp:attachment":[{"href":"https:\/\/historiografija.hr\/index.php?rest_route=%2Fwp%2Fv2%2Fmedia&parent=46995"}],"wp:term":[{"taxonomy":"category","embeddable":true,"href":"https:\/\/historiografija.hr\/index.php?rest_route=%2Fwp%2Fv2%2Fcategories&post=46995"},{"taxonomy":"post_tag","embeddable":true,"href":"https:\/\/historiografija.hr\/index.php?rest_route=%2Fwp%2Fv2%2Ftags&post=46995"}],"curies":[{"name":"wp","href":"https:\/\/api.w.org\/{rel}","templated":true}]}}