{"id":46992,"date":"2025-06-16T15:57:21","date_gmt":"2025-06-16T15:57:21","guid":{"rendered":"https:\/\/historiografija.hr\/?p=46992"},"modified":"2025-06-16T15:57:21","modified_gmt":"2025-06-16T15:57:21","slug":"tribina-drugi-svetski-rat-svuda-oko-nas-antifasizam-u-dizajnu-popularnoj-kulturi-i-brendovima","status":"publish","type":"post","link":"https:\/\/historiografija.hr\/?p=46992","title":{"rendered":"Tribina: \u201cDrugi svetski rat svuda oko nas: Antifa\u0161izam u dizajnu, popularnoj kulturi i brendovima\u201d"},"content":{"rendered":"\n<p><strong>Sreda, 18. jun 2025. u 19.00<\/strong> &#8211; <em>DOB\/\/Klub<\/em>, Beograd<\/p>\n\n\n\n<p><strong>Ciklus tribina: KRAJ RATA!!!<\/strong><\/p>\n\n\n\n<p>Organizacija:<strong> Centar za jugoslovenske studije i Dom omladine Beograda<\/strong><\/p>\n\n\n\n<p>U\u010destvuju: <strong>Bogdan Petrovi\u0107<\/strong>, diplomirani istori\u010dar umetnosti i vizuelni dizajner; <strong>Andrej Dolinka, <\/strong>grafi\u010dki dizajner i docent na Fakultetu primenjenih umetnosti u Beogradu.&nbsp;Moderator:&nbsp;<strong>Ivan Manojlovi\u0107, <\/strong>kustos i menad\u017eer u kulturi (Nova Iskra \/ Centar za jugoslovenske studije).<\/p>\n\n\n\n<p>Tribina <strong>Drugi svetski rat svuda oko nas<\/strong> otvara dijalog o prisustvu i zna\u010daju antifa\u0161isti\u010dkog nasle\u0111a u savremenoj popularnoj kulturi, vizuelnim komunikacijama, modi i dizajnu predmeta svakodnevice. Kroz razgovor sa dizajnerima, istra\u017eiva\u010dima i autorima koji se ovom temom bave u svom radu, poku\u0161a\u0107emo da odgovorimo na neka od klju\u010dnih pitanja:<\/p>\n\n\n\n<ul class=\"wp-block-list\">\n<li>Ima li popularna kultura potencijal da prenosi i afirmi\u0161e antifa\u0161isti\u010dke vrednosti u savremenom dru\u0161tvu?<\/li>\n\n\n\n<li>Kako moda, dizajn i brendiranje mogu doprineti o\u010duvanju ideala jednakosti, solidarnosti, slobode i dru\u0161tvene pravde?<\/li>\n\n\n\n<li>Da li strategije vizuelne komunikacije mogu biti efikasan alat u suprotstavljanju istorijskom revizionizmu i rastu\u0107im desni\u010darskim narativima?<\/li>\n<\/ul>\n\n\n\n<p>Ova tribina ima za cilj da prepozna i osna\u017ei one autore i brendove koji u svom izrazu svesno komuniciraju kroz \u201cjezik antifa\u0161izma\u201d, ali i da kroz kriti\u010dki razgovor istra\u017ei na koje sve na\u010dine dizajn i kultura oblikuju kolektivno pam\u0107enje i vrednosne sisteme. Razgovor \u0107e obuhvatiti i pitanje odgovornosti dizajnera i kulturnih radnika u vremenu kada se istorijske \u010dinjenice dovode u pitanje, a simboli borbe protiv fa\u0161izma potiskuju ili zloupotrebljavaju.<\/p>\n\n\n\n<p><strong>Biografije u\u010desnika:<\/strong><\/p>\n\n\n\n<p><strong>Bogdan Petrovi\u0107<\/strong>&nbsp;je diplomirani istori\u010dar umetnosti i vizuelni dizajner iz Beograda, ro\u0111en 1979. godine. \u0160kolovao se u Beogradu i Atini, a profesionalno se ostvario \u0161irom Balkana. Specijalizovan je za dizajn, odnose s medijima i storytelling, s bogatim iskustvom u novinarstvu, kolumnistici i PR-u. Autor je brojnih stru\u010dnih i novinskih tekstova.<\/p>\n\n\n\n<p><strong>Andrej Dolinka<\/strong>&nbsp;je grafi\u010dki dizajner i docent na Fakultetu primenjenih umetnosti u Beogradu. Diplomirao je na Arhitektonskom fakultetu Univerziteta u Beogradu. Radio je kao dizajner u Muzeju savremene umetnosti i u organizaciji \u201ePrelom kolektiv\u201d. Radi prevashodno u oblasti dizajna knjiga, publikacija i izlo\u017ebi. Dizajnirao je mnogobrojne kataloge izlo\u017ebi, knjige i omote muzi\u010dkih izdanja. Izlagao je na grupnim izlo\u017ebama u Beogradu, Zagrebu, Rijeci, Amsterdamu i Berlinu.<\/p>\n\n\n\n<p><strong>Ivan Manojlovi\u0107 <\/strong>je istori\u010dar umetnosti, kustos i menad\u017eer projekata sa velikim iskustvom u sektoru kulturnog nasle\u0111a. Interesuje ga povezivanje ljudi i kulture i u svom dosada\u0161njem profesionalnom radu se fokusirao se na razvoj koncepata izlo\u017ebi, interpretaciji kulturnog nasle\u0111a, istra\u017eivanjima na raskr\u0161\u0107u izme\u0111u digitalnog i realnog prostora, muzejskog do\u017eivljaja i aktivnog anga\u017eovanja publike u muzejima. Radio je kao kustos u Muzeju Jugoslavije i jedan je od osniva\u010da Centra za jugoslovenske studije. U Novoj Iskri je aktivan u polju razvoja projekata i me\u0111unarodne saradnje.<\/p>\n\n\n\n<hr class=\"wp-block-separator has-alpha-channel-opacity\"\/>\n\n\n\n<p>Izvor:<\/p>\n\n\n\n<p><a href=\"https:\/\/domomladine.org\/debate\/tribina-drugi-svetski-rat-svuda-oko-nas-antifasizam-u-dizajnu-popularnoj-kulturi-i-brendovima\">https:\/\/domomladine.org\/debate\/tribina-drugi-svetski-rat-svuda-oko-nas-antifasizam-u-dizajnu-popularnoj-kulturi-i-brendovima<\/a><\/p>\n\n\n\n<p><a href=\"https:\/\/www.facebook.com\/cejus.jus\">https:\/\/www.facebook.com\/cejus.jus<\/a><\/p>\n\n\n\n<hr class=\"wp-block-separator has-alpha-channel-opacity\"\/>\n","protected":false},"excerpt":{"rendered":"","protected":false},"author":2,"featured_media":46993,"comment_status":"open","ping_status":"open","sticky":false,"template":"","format":"standard","meta":{"_acf_changed":false,"jetpack_post_was_ever_published":false,"_jetpack_newsletter_access":"","_jetpack_dont_email_post_to_subs":false,"_jetpack_newsletter_tier_id":0,"_jetpack_memberships_contains_paywalled_content":false,"_jetpack_memberships_contains_paid_content":false,"footnotes":"","jetpack_publicize_message":"","jetpack_publicize_feature_enabled":true,"jetpack_social_post_already_shared":true,"jetpack_social_options":{"image_generator_settings":{"template":"highway","default_image_id":0,"font":"","enabled":false},"version":2}},"categories":[3],"tags":[],"class_list":["post-46992","post","type-post","status-publish","format-standard","has-post-thumbnail","hentry","category-novosti"],"acf":{"facebook_opis":""},"jetpack_publicize_connections":[],"jetpack_featured_media_url":"https:\/\/i0.wp.com\/historiografija.hr\/wp-content\/uploads\/2025\/06\/Kraj-rata_06.2025.jpg?fit=2048%2C2048&ssl=1","jetpack_sharing_enabled":true,"jetpack-related-posts":[],"_links":{"self":[{"href":"https:\/\/historiografija.hr\/index.php?rest_route=\/wp\/v2\/posts\/46992","targetHints":{"allow":["GET"]}}],"collection":[{"href":"https:\/\/historiografija.hr\/index.php?rest_route=\/wp\/v2\/posts"}],"about":[{"href":"https:\/\/historiografija.hr\/index.php?rest_route=\/wp\/v2\/types\/post"}],"author":[{"embeddable":true,"href":"https:\/\/historiografija.hr\/index.php?rest_route=\/wp\/v2\/users\/2"}],"replies":[{"embeddable":true,"href":"https:\/\/historiografija.hr\/index.php?rest_route=%2Fwp%2Fv2%2Fcomments&post=46992"}],"version-history":[{"count":1,"href":"https:\/\/historiografija.hr\/index.php?rest_route=\/wp\/v2\/posts\/46992\/revisions"}],"predecessor-version":[{"id":46994,"href":"https:\/\/historiografija.hr\/index.php?rest_route=\/wp\/v2\/posts\/46992\/revisions\/46994"}],"wp:featuredmedia":[{"embeddable":true,"href":"https:\/\/historiografija.hr\/index.php?rest_route=\/wp\/v2\/media\/46993"}],"wp:attachment":[{"href":"https:\/\/historiografija.hr\/index.php?rest_route=%2Fwp%2Fv2%2Fmedia&parent=46992"}],"wp:term":[{"taxonomy":"category","embeddable":true,"href":"https:\/\/historiografija.hr\/index.php?rest_route=%2Fwp%2Fv2%2Fcategories&post=46992"},{"taxonomy":"post_tag","embeddable":true,"href":"https:\/\/historiografija.hr\/index.php?rest_route=%2Fwp%2Fv2%2Ftags&post=46992"}],"curies":[{"name":"wp","href":"https:\/\/api.w.org\/{rel}","templated":true}]}}