{"id":46977,"date":"2025-06-16T15:23:17","date_gmt":"2025-06-16T15:23:17","guid":{"rendered":"https:\/\/historiografija.hr\/?p=46977"},"modified":"2025-06-16T21:32:34","modified_gmt":"2025-06-16T21:32:34","slug":"stalna-postavka-izlozbe-lavirint-devedesetih-u-beogradu","status":"publish","type":"post","link":"https:\/\/historiografija.hr\/?p=46977","title":{"rendered":"Stalna postavka izlo\u017ebe \u201eLavirint devedesetih\u201c u Beogradu"},"content":{"rendered":"\n<p>Nakon izlo\u017ebi u Beogradu, Sarajevu i Podgorici (o kojima smo ve\u0107 obavje\u0161tavali na portalu), stalni postav izlo\u017ebe \u201eLavirint devedesetih\u201c otvoren je po\u010detkom lipnja 2025. godine u prostoru Fondacije M90 u Beogradu. Autori izlo\u017ebe su Dubravka Stojanovi\u0107, Igor \u0160tiks i Dejan Ubovi\u0107.<\/p>\n\n\n\n<hr class=\"wp-block-separator has-alpha-channel-opacity\"\/>\n\n\n\n<p>Op\u0161irnije:<\/p>\n\n\n\n<p><a href=\"https:\/\/www.nedeljnik.rs\/stalna-postavka-izlozbe-lavirint-devedesetih-otvorena-je-od-3-juna-svakodnevno-od-10-do-20h\/\" target=\"_blank\" rel=\"noreferrer noopener\">Nedeljnik, jun 2025<\/a><\/p>\n\n\n\n<p><a href=\"https:\/\/vreme.com\/kultura\/da-li-smo-izasli-iz-lavirinta-u-koji-smo-upali-devedesetih\/\" target=\"_blank\" rel=\"noreferrer noopener\">Nedeljnik Vreme, jun 2025<\/a><\/p>\n\n\n\n<p><a href=\"https:\/\/www.youtube.com\/watch?v=xCBtgKXPMDo\" target=\"_blank\" rel=\"noreferrer noopener\">Insajder, jun 2025<\/a><\/p>\n\n\n\n<p><a href=\"https:\/\/www.rts.rs\/lat\/radio\/beograd-202\/5728956\/lavirint-devedesetih.html\" target=\"_blank\" rel=\"noreferrer noopener\">Radio Beograd 202, jun 2025<\/a><\/p>\n\n\n\n<hr class=\"wp-block-separator has-alpha-channel-opacity\"\/>\n\n\n\n<p>Prethodne obavijesti na portalu <strong>Historiografija.hr<\/strong>: <\/p>\n\n\n\n<figure class=\"wp-block-embed is-type-wp-embed is-provider-historiografija-hr wp-block-embed-historiografija-hr\"><div class=\"wp-block-embed__wrapper\">\n<blockquote class=\"wp-embedded-content\" data-secret=\"rAJ4BMaLZg\"><a href=\"https:\/\/historiografija.hr\/?p=36084\">Izlo\u017eba &#8220;Lavirint 90-ih&#8221; u Beogradu<\/a><\/blockquote><iframe loading=\"lazy\" class=\"wp-embedded-content\" sandbox=\"allow-scripts\" security=\"restricted\" style=\"position: absolute; visibility: hidden;\" title=\"&#8220;Izlo\u017eba &#8220;Lavirint 90-ih&#8221; u Beogradu&#8221; &#8212; Historiografija.hr\" src=\"https:\/\/historiografija.hr\/?p=36084&#038;embed=true#?secret=tSM05QVmuS#?secret=rAJ4BMaLZg\" data-secret=\"rAJ4BMaLZg\" width=\"600\" height=\"338\" frameborder=\"0\" marginwidth=\"0\" marginheight=\"0\" scrolling=\"no\"><\/iframe>\n<\/div><\/figure>\n\n\n\n<hr class=\"wp-block-separator has-alpha-channel-opacity\"\/>\n\n\n\n<figure class=\"wp-block-embed is-type-wp-embed is-provider-historiografija-hr wp-block-embed-historiografija-hr\"><div class=\"wp-block-embed__wrapper\">\n<blockquote class=\"wp-embedded-content\" data-secret=\"CTn6SAAFak\"><a href=\"https:\/\/historiografija.hr\/?p=40947\">Izlo\u017eba \u201eLabirint devedesetih\u201c u Sarajevu<\/a><\/blockquote><iframe loading=\"lazy\" class=\"wp-embedded-content\" sandbox=\"allow-scripts\" security=\"restricted\" style=\"position: absolute; visibility: hidden;\" title=\"&#8220;Izlo\u017eba \u201eLabirint devedesetih\u201c u Sarajevu&#8221; &#8212; Historiografija.hr\" src=\"https:\/\/historiografija.hr\/?p=40947&#038;embed=true#?secret=iHwFxxvGln#?secret=CTn6SAAFak\" data-secret=\"CTn6SAAFak\" width=\"600\" height=\"338\" frameborder=\"0\" marginwidth=\"0\" marginheight=\"0\" scrolling=\"no\"><\/iframe>\n<\/div><\/figure>\n\n\n\n<hr class=\"wp-block-separator has-alpha-channel-opacity\"\/>\n\n\n\n<figure class=\"wp-block-embed is-type-wp-embed is-provider-historiografija-hr wp-block-embed-historiografija-hr\"><div class=\"wp-block-embed__wrapper\">\n<blockquote class=\"wp-embedded-content\" data-secret=\"CGZIzEo6na\"><a href=\"https:\/\/historiografija.hr\/?p=46554\">Izlo\u017eba \u201eLavirint devedesetih\u201d u Podgorici<\/a><\/blockquote><iframe loading=\"lazy\" class=\"wp-embedded-content\" sandbox=\"allow-scripts\" security=\"restricted\" style=\"position: absolute; visibility: hidden;\" title=\"&#8220;Izlo\u017eba \u201eLavirint devedesetih\u201d u Podgorici&#8221; &#8212; Historiografija.hr\" src=\"https:\/\/historiografija.hr\/?p=46554&#038;embed=true#?secret=o45OKJn3Qg#?secret=CGZIzEo6na\" data-secret=\"CGZIzEo6na\" width=\"600\" height=\"338\" frameborder=\"0\" marginwidth=\"0\" marginheight=\"0\" scrolling=\"no\"><\/iframe>\n<\/div><\/figure>\n\n\n\n<hr class=\"wp-block-separator has-alpha-channel-opacity\"\/>\n","protected":false},"excerpt":{"rendered":"","protected":false},"author":2,"featured_media":46978,"comment_status":"open","ping_status":"open","sticky":false,"template":"","format":"standard","meta":{"_acf_changed":false,"jetpack_post_was_ever_published":false,"_jetpack_newsletter_access":"","_jetpack_dont_email_post_to_subs":false,"_jetpack_newsletter_tier_id":0,"_jetpack_memberships_contains_paywalled_content":false,"_jetpack_memberships_contains_paid_content":false,"footnotes":"","jetpack_publicize_message":"","jetpack_publicize_feature_enabled":true,"jetpack_social_post_already_shared":true,"jetpack_social_options":{"image_generator_settings":{"template":"highway","default_image_id":0,"font":"","enabled":false},"version":2}},"categories":[10,3],"tags":[],"class_list":["post-46977","post","type-post","status-publish","format-standard","has-post-thumbnail","hentry","category-izlozbe","category-novosti"],"acf":{"facebook_opis":""},"jetpack_publicize_connections":[],"jetpack_featured_media_url":"https:\/\/i0.wp.com\/historiografija.hr\/wp-content\/uploads\/2025\/06\/FB-SR.png?fit=2250%2C1180&ssl=1","jetpack_sharing_enabled":true,"jetpack-related-posts":[],"_links":{"self":[{"href":"https:\/\/historiografija.hr\/index.php?rest_route=\/wp\/v2\/posts\/46977","targetHints":{"allow":["GET"]}}],"collection":[{"href":"https:\/\/historiografija.hr\/index.php?rest_route=\/wp\/v2\/posts"}],"about":[{"href":"https:\/\/historiografija.hr\/index.php?rest_route=\/wp\/v2\/types\/post"}],"author":[{"embeddable":true,"href":"https:\/\/historiografija.hr\/index.php?rest_route=\/wp\/v2\/users\/2"}],"replies":[{"embeddable":true,"href":"https:\/\/historiografija.hr\/index.php?rest_route=%2Fwp%2Fv2%2Fcomments&post=46977"}],"version-history":[{"count":7,"href":"https:\/\/historiografija.hr\/index.php?rest_route=\/wp\/v2\/posts\/46977\/revisions"}],"predecessor-version":[{"id":47003,"href":"https:\/\/historiografija.hr\/index.php?rest_route=\/wp\/v2\/posts\/46977\/revisions\/47003"}],"wp:featuredmedia":[{"embeddable":true,"href":"https:\/\/historiografija.hr\/index.php?rest_route=\/wp\/v2\/media\/46978"}],"wp:attachment":[{"href":"https:\/\/historiografija.hr\/index.php?rest_route=%2Fwp%2Fv2%2Fmedia&parent=46977"}],"wp:term":[{"taxonomy":"category","embeddable":true,"href":"https:\/\/historiografija.hr\/index.php?rest_route=%2Fwp%2Fv2%2Fcategories&post=46977"},{"taxonomy":"post_tag","embeddable":true,"href":"https:\/\/historiografija.hr\/index.php?rest_route=%2Fwp%2Fv2%2Ftags&post=46977"}],"curies":[{"name":"wp","href":"https:\/\/api.w.org\/{rel}","templated":true}]}}