{"id":46969,"date":"2025-06-13T22:14:28","date_gmt":"2025-06-13T22:14:28","guid":{"rendered":"https:\/\/historiografija.hr\/?p=46969"},"modified":"2025-06-13T22:15:02","modified_gmt":"2025-06-13T22:15:02","slug":"medunarodna-doktorska-ljetna-skola-nations-and-nationalism-in-the-contemporary-world-u-zadru","status":"publish","type":"post","link":"https:\/\/historiografija.hr\/?p=46969","title":{"rendered":"Me\u0111unarodna doktorska ljetna \u0161kola \u201cNations and Nationalism in the Contemporary World\u201d u Zadru"},"content":{"rendered":"\n<p><strong>Me\u0111unarodna doktorska ljetna \u0161kola \u201cNations and Nationalism in the Contemporary World\u201d<\/strong> odr\u017eava se od 9. do 14. lipnja 2025. na Odjelu za sociologiju Sveu\u010dili\u0161ta u Zadru.<\/p>\n\n\n\n<p>\u0160kolu suorganiziraju Odjel za sociologiju i&nbsp;<strong>The Association for the Study of Ethnicity and Nationalism (ASEN)<\/strong>&nbsp;pri&nbsp;<strong>London School of Economics and Political Science<\/strong>.<\/p>\n\n\n\n<p>Me\u0111u predava\u010dima su:<\/p>\n\n\n\n<ul class=\"wp-block-list\">\n<li>John Hutchinson (London School of Economics),<\/li>\n\n\n\n<li>Sini\u0161a Male\u0161evi\u0107 (University College Dublin)<\/li>\n\n\n\n<li>Jonathan Hearn (University of Edinburgh)<\/li>\n<\/ul>\n\n\n\n<p>\u0160kola okuplja doktorande i doktorandice s brojnih europskih i ameri\u010dkih sveu\u010dili\u0161ta, pru\u017eaju\u0107i platformu za razmjenu znanja, ideja i istra\u017eiva\u010dkih pristupa u suvremenom kontekstu nacionalizma.<\/p>\n\n\n\n<hr class=\"wp-block-separator has-alpha-channel-opacity\"\/>\n\n\n\n<p>Izvor:<\/p>\n\n\n\n<figure class=\"wp-block-embed is-type-wp-embed is-provider-hrvatsko-sociolo-ko-dru-tvo wp-block-embed-hrvatsko-sociolo-ko-dru-tvo\"><div class=\"wp-block-embed__wrapper\">\n<blockquote class=\"wp-embedded-content\" data-secret=\"rjHPEJ9Kkp\"><a href=\"https:\/\/hsd.hr\/2025\/06\/09\/na-odjelu-za-sociologiju-sveucilista-u-zadru-odrzava-se-medunarodna-doktorska-ljetna-skola-nations-and-nationalism-in-the-contemporary-world\/\">Na Odjelu za sociologiju Sveu\u010dili\u0161ta u Zadru odr\u017eava se me\u0111unarodna doktorska ljetna \u0161kola &#8220;Nations and Nationalism in the Contemporary World&#8221;<\/a><\/blockquote><iframe loading=\"lazy\" class=\"wp-embedded-content\" sandbox=\"allow-scripts\" security=\"restricted\" style=\"position: absolute; visibility: hidden;\" title=\"&#8220;Na Odjelu za sociologiju Sveu\u010dili\u0161ta u Zadru odr\u017eava se me\u0111unarodna doktorska ljetna \u0161kola &#8220;Nations and Nationalism in the Contemporary World&#8221;&#8221; &#8212; Hrvatsko sociolo\u0161ko dru\u0161tvo\" src=\"https:\/\/hsd.hr\/2025\/06\/09\/na-odjelu-za-sociologiju-sveucilista-u-zadru-odrzava-se-medunarodna-doktorska-ljetna-skola-nations-and-nationalism-in-the-contemporary-world\/embed\/#?secret=Cu18CSq54k#?secret=rjHPEJ9Kkp\" data-secret=\"rjHPEJ9Kkp\" width=\"600\" height=\"338\" frameborder=\"0\" marginwidth=\"0\" marginheight=\"0\" scrolling=\"no\"><\/iframe>\n<\/div><\/figure>\n\n\n\n<hr class=\"wp-block-separator has-alpha-channel-opacity\"\/>\n","protected":false},"excerpt":{"rendered":"","protected":false},"author":2,"featured_media":46970,"comment_status":"open","ping_status":"open","sticky":false,"template":"","format":"standard","meta":{"_acf_changed":false,"jetpack_post_was_ever_published":false,"_jetpack_newsletter_access":"","_jetpack_dont_email_post_to_subs":false,"_jetpack_newsletter_tier_id":0,"_jetpack_memberships_contains_paywalled_content":false,"_jetpack_memberships_contains_paid_content":false,"footnotes":"","jetpack_publicize_message":"","jetpack_publicize_feature_enabled":true,"jetpack_social_post_already_shared":true,"jetpack_social_options":{"image_generator_settings":{"template":"highway","default_image_id":0,"font":"","enabled":false},"version":2}},"categories":[3,9],"tags":[],"class_list":["post-46969","post","type-post","status-publish","format-standard","has-post-thumbnail","hentry","category-novosti","category-skupovi"],"acf":{"facebook_opis":""},"jetpack_publicize_connections":[],"jetpack_featured_media_url":"https:\/\/i0.wp.com\/historiografija.hr\/wp-content\/uploads\/2025\/06\/Summer_School_2025.jpeg?fit=800%2C1131&ssl=1","jetpack_sharing_enabled":true,"jetpack-related-posts":[],"_links":{"self":[{"href":"https:\/\/historiografija.hr\/index.php?rest_route=\/wp\/v2\/posts\/46969","targetHints":{"allow":["GET"]}}],"collection":[{"href":"https:\/\/historiografija.hr\/index.php?rest_route=\/wp\/v2\/posts"}],"about":[{"href":"https:\/\/historiografija.hr\/index.php?rest_route=\/wp\/v2\/types\/post"}],"author":[{"embeddable":true,"href":"https:\/\/historiografija.hr\/index.php?rest_route=\/wp\/v2\/users\/2"}],"replies":[{"embeddable":true,"href":"https:\/\/historiografija.hr\/index.php?rest_route=%2Fwp%2Fv2%2Fcomments&post=46969"}],"version-history":[{"count":2,"href":"https:\/\/historiografija.hr\/index.php?rest_route=\/wp\/v2\/posts\/46969\/revisions"}],"predecessor-version":[{"id":46972,"href":"https:\/\/historiografija.hr\/index.php?rest_route=\/wp\/v2\/posts\/46969\/revisions\/46972"}],"wp:featuredmedia":[{"embeddable":true,"href":"https:\/\/historiografija.hr\/index.php?rest_route=\/wp\/v2\/media\/46970"}],"wp:attachment":[{"href":"https:\/\/historiografija.hr\/index.php?rest_route=%2Fwp%2Fv2%2Fmedia&parent=46969"}],"wp:term":[{"taxonomy":"category","embeddable":true,"href":"https:\/\/historiografija.hr\/index.php?rest_route=%2Fwp%2Fv2%2Fcategories&post=46969"},{"taxonomy":"post_tag","embeddable":true,"href":"https:\/\/historiografija.hr\/index.php?rest_route=%2Fwp%2Fv2%2Ftags&post=46969"}],"curies":[{"name":"wp","href":"https:\/\/api.w.org\/{rel}","templated":true}]}}