{"id":46966,"date":"2025-06-13T22:08:45","date_gmt":"2025-06-13T22:08:45","guid":{"rendered":"https:\/\/historiografija.hr\/?p=46966"},"modified":"2025-06-13T22:08:45","modified_gmt":"2025-06-13T22:08:45","slug":"predavanje-helene-popovic-medijski-lov-na-migrante-rasijalizirane-reprezentacije-migranata-u-hrvatskim-medijima","status":"publish","type":"post","link":"https:\/\/historiografija.hr\/?p=46966","title":{"rendered":"Predavanje Helene Popovi\u0107 \u201eMedijski lov na migrante: rasijalizirane reprezentacije migranata u hrvatskim medijima\u201c"},"content":{"rendered":"\n<p>CULTURELINK \u2013 Centar za istra\u017eivanje kulturne politike, razvoja i suradnje, u okviru projekta <strong>CULTMED<\/strong>, srda\u010dno vas poziva na <strong>tre\u0107e predavanje iz serije Culturelink gostuju\u0107ih predavanja<\/strong>. Predavanje \u0107e se odr\u017eati u<strong> ponedjeljak, 16. lipnja 2025. u 16h<\/strong> u biblioteci Instituta za razvoj i me\u0111unarodne odnose.&nbsp;<\/p>\n\n\n\n<p>Predavanje \u0107e odr\u017eati <strong>dr. sc. Helena Popovi\u0107<\/strong>, docentica na Odsjeku za sociologiju Filozofskog fakulteta Sveu\u010dili\u0161ta u Zagrebu, koja se u svom znanstvenom i nastavnom radu bavi temama medija, kulture i kvalitativnih istra\u017eiva\u010dkih metoda.<\/p>\n\n\n\n<p><strong>Naslov predavanja:<\/strong><em> \u201eMedijski lov na migrante: rasijalizirane reprezentacije migranata u hrvatskim medijima\u201c<\/em><\/p>\n\n\n\n<p>Predavanje \u0107e se odr\u017eati na hrvatskom jeziku. Zbog ograni\u010denog broja mjesta, ljubazno molimo da svoj dolazak potvrdite najkasnije do <strong>petka, 13. lipnja 2025.<\/strong> na e-mail adresu: <strong><a href=\"mailto:kultura@irmo.hr\">kultura@irmo.hr<\/a><\/strong><\/p>\n\n\n\n<p>Vi\u0161e informacija dostupno je putem slu\u017ebene <strong><a href=\"https:\/\/kultura.irmo.hr\/culturelink-gostujuca-predavanja-predavanje-helene-popovic-medijski-lov-na-migrante-rasijalizirane-reprezentacije-migranata-u-hrvatskim-medijima\/\">poveznice<\/a><\/strong><a href=\"https:\/\/kultura.irmo.hr\/culturelink-gostujuca-predavanja-predavanje-helene-popovic-medijski-lov-na-migrante-rasijalizirane-reprezentacije-migranata-u-hrvatskim-medijima\/\"><strong>.<\/strong><\/a><\/p>\n\n\n\n<p>Pratite HSD novosti putem <strong><a href=\"https:\/\/www.facebook.com\/photo?fbid=1137576608402230&amp;set=a.557914366368460\">Facebook profila<\/a>.<\/strong><\/p>\n\n\n\n<hr class=\"wp-block-separator has-alpha-channel-opacity\"\/>\n\n\n\n<p>Izvor:<\/p>\n\n\n\n<figure class=\"wp-block-embed is-type-wp-embed is-provider-hrvatsko-sociolo-ko-dru-tvo wp-block-embed-hrvatsko-sociolo-ko-dru-tvo\"><div class=\"wp-block-embed__wrapper\">\n<blockquote class=\"wp-embedded-content\" data-secret=\"LCoqhXLfrf\"><a href=\"https:\/\/hsd.hr\/2025\/06\/11\/culturelink-gostujuca-predavanja-predavanje-helene-popovic-medijski-lov-na-migrante-rasijalizirane-reprezentacije-migranata-u-hrvatskim-medijima\/\">Culturelink gostuju\u0107a predavanja: Predavanje Helene Popovi\u0107 \u201eMedijski lov na migrante: rasijalizirane reprezentacije migranata u hrvatskim medijima\u201c<\/a><\/blockquote><iframe loading=\"lazy\" class=\"wp-embedded-content\" sandbox=\"allow-scripts\" security=\"restricted\" style=\"position: absolute; visibility: hidden;\" title=\"&#8220;Culturelink gostuju\u0107a predavanja: Predavanje Helene Popovi\u0107 \u201eMedijski lov na migrante: rasijalizirane reprezentacije migranata u hrvatskim medijima\u201c&#8221; &#8212; Hrvatsko sociolo\u0161ko dru\u0161tvo\" src=\"https:\/\/hsd.hr\/2025\/06\/11\/culturelink-gostujuca-predavanja-predavanje-helene-popovic-medijski-lov-na-migrante-rasijalizirane-reprezentacije-migranata-u-hrvatskim-medijima\/embed\/#?secret=znbh4A2S50#?secret=LCoqhXLfrf\" data-secret=\"LCoqhXLfrf\" width=\"600\" height=\"338\" frameborder=\"0\" marginwidth=\"0\" marginheight=\"0\" scrolling=\"no\"><\/iframe>\n<\/div><\/figure>\n\n\n\n<hr class=\"wp-block-separator has-alpha-channel-opacity\"\/>\n","protected":false},"excerpt":{"rendered":"","protected":false},"author":2,"featured_media":46967,"comment_status":"open","ping_status":"open","sticky":false,"template":"","format":"standard","meta":{"_acf_changed":false,"jetpack_post_was_ever_published":false,"_jetpack_newsletter_access":"","_jetpack_dont_email_post_to_subs":false,"_jetpack_newsletter_tier_id":0,"_jetpack_memberships_contains_paywalled_content":false,"_jetpack_memberships_contains_paid_content":false,"footnotes":"","jetpack_publicize_message":"","jetpack_publicize_feature_enabled":true,"jetpack_social_post_already_shared":true,"jetpack_social_options":{"image_generator_settings":{"template":"highway","default_image_id":0,"font":"","enabled":false},"version":2}},"categories":[3],"tags":[],"class_list":["post-46966","post","type-post","status-publish","format-standard","has-post-thumbnail","hentry","category-novosti"],"acf":{"facebook_opis":""},"jetpack_publicize_connections":[],"jetpack_featured_media_url":"https:\/\/i0.wp.com\/historiografija.hr\/wp-content\/uploads\/2025\/06\/Guest_lecture_3_HP.jpg?fit=1207%2C1700&ssl=1","jetpack_sharing_enabled":true,"jetpack-related-posts":[],"_links":{"self":[{"href":"https:\/\/historiografija.hr\/index.php?rest_route=\/wp\/v2\/posts\/46966","targetHints":{"allow":["GET"]}}],"collection":[{"href":"https:\/\/historiografija.hr\/index.php?rest_route=\/wp\/v2\/posts"}],"about":[{"href":"https:\/\/historiografija.hr\/index.php?rest_route=\/wp\/v2\/types\/post"}],"author":[{"embeddable":true,"href":"https:\/\/historiografija.hr\/index.php?rest_route=\/wp\/v2\/users\/2"}],"replies":[{"embeddable":true,"href":"https:\/\/historiografija.hr\/index.php?rest_route=%2Fwp%2Fv2%2Fcomments&post=46966"}],"version-history":[{"count":1,"href":"https:\/\/historiografija.hr\/index.php?rest_route=\/wp\/v2\/posts\/46966\/revisions"}],"predecessor-version":[{"id":46968,"href":"https:\/\/historiografija.hr\/index.php?rest_route=\/wp\/v2\/posts\/46966\/revisions\/46968"}],"wp:featuredmedia":[{"embeddable":true,"href":"https:\/\/historiografija.hr\/index.php?rest_route=\/wp\/v2\/media\/46967"}],"wp:attachment":[{"href":"https:\/\/historiografija.hr\/index.php?rest_route=%2Fwp%2Fv2%2Fmedia&parent=46966"}],"wp:term":[{"taxonomy":"category","embeddable":true,"href":"https:\/\/historiografija.hr\/index.php?rest_route=%2Fwp%2Fv2%2Fcategories&post=46966"},{"taxonomy":"post_tag","embeddable":true,"href":"https:\/\/historiografija.hr\/index.php?rest_route=%2Fwp%2Fv2%2Ftags&post=46966"}],"curies":[{"name":"wp","href":"https:\/\/api.w.org\/{rel}","templated":true}]}}