{"id":46951,"date":"2025-06-13T21:29:44","date_gmt":"2025-06-13T21:29:44","guid":{"rendered":"https:\/\/historiografija.hr\/?p=46951"},"modified":"2025-06-13T21:33:35","modified_gmt":"2025-06-13T21:33:35","slug":"odgovor-maticnog-odbora-za-polja-povijesti-na-ocitovanje-maticnog-odbora-za-filozofiju-o-prijedlogu-nacionalnih-sveucilisnih-znanstvenihi-umjetnickih-kriterija","status":"publish","type":"post","link":"https:\/\/historiografija.hr\/?p=46951","title":{"rendered":"Odgovor Mati\u010dnog odbora za povijest na O\u010ditovanje Mati\u010dnog odbora za filozofiju o Prijedlogu Nacionalnih sveu\u010dili\u0161nih, znanstvenih i umjetni\u010dkih kriterija"},"content":{"rendered":"\n<p class=\"has-text-align-center\"><strong>Odgovor Mati\u010dnog odbora za polja povijesti, povijesti umjetnosti, znanosti o umjetnosti, arheologije, etnologije i antropologije na O\u010ditovanje Mati\u010dnog odbora za filozofiju, teologiju i religijske znanosti o Prijedlogu Nacionalnih sveu\u010dili\u0161nih, znanstvenih i umjetni\u010dkih kriterija <\/strong>(uneseno u sustav e-savjetovanje 11. lipnja 2025.)<\/p>\n\n\n\n<hr class=\"wp-block-separator has-alpha-channel-opacity\"\/>\n\n\n\n<p>Dana 11. lipnja 2025. u e-savjetovanju vezanom za Nacionalne sveu\u010dili\u0161ne, znanstvene i umjetni\u010dke kriterije (dalje: <em>Nacionalni kriteriji<\/em>) objavljeno je O\u010ditovanje Mati\u010dnog odbora za filozofiju, teologiju i religijske znanosti (dalje: Mati\u010dni odbor za filozofiju), adresirano na Nacionalno vije\u0107e za visoko obrazovanje, znanost i tehnolo\u0161ki razvoj (dalje: NVVOZTR) koje nas je vrlo neugodno iznenadilo jer ga dr\u017eimo krajnje nekorektnim na profesionalnoj, kolegijalnoj i ljudskoj razini. O\u010ditovanje je potpisao prof. dr. sc. Josip Berdica, predsjednik Mati\u010dnog odbora za filozofiju uz suglasnost svih \u010dlanova Mati\u010dnog odbora.<br><\/p>\n\n\n\n<p>U O\u010ditovanju se iznosi niz tendencioznih, \u010dak i neto\u010dnih tvrdnji kojima se odgovornost za formuliranje <em>Nacionalnih kriterija<\/em> koji su upu\u0107eni u e-savjetovanje 14. svibnja 2025. godine u dijelovima koji se odnose na kriterije koji bi trebali vrijediti za sve sveu\u010dili\u0161ne nastavnike i znanstvenike i koji su nametnuti unato\u010d protivljenju sva tri mati\u010dna odbora iz podru\u010dja humanisti\u010dkih znanosti (Mati\u010dni odbor za filozofiju, Mati\u010dni odbor za filologiju i kroatologiju te Mati\u010dni odbor za polja povijesti, povijesti umjetnosti, znanosti o umjetnosti, arheologije, etnologije i antropologije (dalje: Mati\u010dni odbor za povijest)) te u dijelu koji se odnosi na humanisti\u010dke znanosti poku\u0161ava prebaciti na Mati\u010dni odbor za povijest, a posebno na njegovu predsjednicu. Pri tome se ide toliko daleko da se namjerno iznose neistine i citiraju dijelovi teksta iz elektroni\u010dke prepiske izme\u0111u tri mati\u010dna odbora, ne uzimaju\u0107i u obzir \u010dinjenicu da su sudionici te komunikacije zbog informacija i podataka koji se u njoj iznose bili obvezni na povjerljiv odnos u opho\u0111enju s navedenim e-porukama. <\/p>\n\n\n\n<p><strong>U ovom Odgovoru pozivamo se na navedenu elektroni\u010dku komunikaciju izme\u0111u tri mati\u010dna odbor isklju\u010divo zbog toga jer bez njezina navo\u0111enja nije mogu\u0107e objasniti \u0161iri kontekst postupanja Mati\u010dnog odbora za povijest. Nagla\u0161avamo da pritom ne\u0107emo iznositi nikakve informacije s kojima bi bilo nu\u017eno postupati povjerljivo.<\/strong><\/p>\n\n\n\n<hr class=\"wp-block-separator has-alpha-channel-opacity\"\/>\n\n\n\n<div data-wp-interactive=\"core\/file\" class=\"wp-block-file\"><object data-wp-bind--hidden=\"!state.hasPdfPreview\" hidden class=\"wp-block-file__embed\" data=\"https:\/\/historiografija.hr\/wp-content\/uploads\/2025\/06\/Odgovor-MO-povijest-na-Ocitovanje-MO-za-filozofiju-i-teologiju_13.6.2025.pdf\" type=\"application\/pdf\" style=\"width:100%;height:600px\" aria-label=\"Ugra\u0111eno Odgovor MO povijest na O\u010ditovanje MO za filozofiju i teologiju_13.6.2025.\"><\/object><a id=\"wp-block-file--media-5c94b9ae-d703-4e16-9fe5-5962f9a41d31\" href=\"https:\/\/historiografija.hr\/wp-content\/uploads\/2025\/06\/Odgovor-MO-povijest-na-Ocitovanje-MO-za-filozofiju-i-teologiju_13.6.2025.pdf\">Odgovor MO povijest na O\u010ditovanje MO za filozofiju i teologiju_13.6.2025<\/a><a href=\"https:\/\/historiografija.hr\/wp-content\/uploads\/2025\/06\/Odgovor-MO-povijest-na-Ocitovanje-MO-za-filozofiju-i-teologiju_13.6.2025.pdf\" class=\"wp-block-file__button wp-element-button\" download aria-describedby=\"wp-block-file--media-5c94b9ae-d703-4e16-9fe5-5962f9a41d31\">Preuzmi<\/a><\/div>\n\n\n\n<hr class=\"wp-block-separator has-alpha-channel-opacity\"\/>\n","protected":false},"excerpt":{"rendered":"","protected":false},"author":2,"featured_media":0,"comment_status":"open","ping_status":"open","sticky":false,"template":"","format":"standard","meta":{"_acf_changed":false,"jetpack_post_was_ever_published":false,"_jetpack_newsletter_access":"","_jetpack_dont_email_post_to_subs":false,"_jetpack_newsletter_tier_id":0,"_jetpack_memberships_contains_paywalled_content":false,"_jetpack_memberships_contains_paid_content":false,"footnotes":"","jetpack_publicize_message":"","jetpack_publicize_feature_enabled":true,"jetpack_social_post_already_shared":true,"jetpack_social_options":{"image_generator_settings":{"template":"highway","default_image_id":0,"font":"","enabled":false},"version":2}},"categories":[4,17],"tags":[],"class_list":["post-46951","post","type-post","status-publish","format-standard","hentry","category-osvrti","category-rasprave"],"acf":{"facebook_opis":""},"jetpack_publicize_connections":[],"jetpack_featured_media_url":"","jetpack_sharing_enabled":true,"jetpack-related-posts":[],"_links":{"self":[{"href":"https:\/\/historiografija.hr\/index.php?rest_route=\/wp\/v2\/posts\/46951","targetHints":{"allow":["GET"]}}],"collection":[{"href":"https:\/\/historiografija.hr\/index.php?rest_route=\/wp\/v2\/posts"}],"about":[{"href":"https:\/\/historiografija.hr\/index.php?rest_route=\/wp\/v2\/types\/post"}],"author":[{"embeddable":true,"href":"https:\/\/historiografija.hr\/index.php?rest_route=\/wp\/v2\/users\/2"}],"replies":[{"embeddable":true,"href":"https:\/\/historiografija.hr\/index.php?rest_route=%2Fwp%2Fv2%2Fcomments&post=46951"}],"version-history":[{"count":6,"href":"https:\/\/historiografija.hr\/index.php?rest_route=\/wp\/v2\/posts\/46951\/revisions"}],"predecessor-version":[{"id":46958,"href":"https:\/\/historiografija.hr\/index.php?rest_route=\/wp\/v2\/posts\/46951\/revisions\/46958"}],"wp:attachment":[{"href":"https:\/\/historiografija.hr\/index.php?rest_route=%2Fwp%2Fv2%2Fmedia&parent=46951"}],"wp:term":[{"taxonomy":"category","embeddable":true,"href":"https:\/\/historiografija.hr\/index.php?rest_route=%2Fwp%2Fv2%2Fcategories&post=46951"},{"taxonomy":"post_tag","embeddable":true,"href":"https:\/\/historiografija.hr\/index.php?rest_route=%2Fwp%2Fv2%2Ftags&post=46951"}],"curies":[{"name":"wp","href":"https:\/\/api.w.org\/{rel}","templated":true}]}}