{"id":46947,"date":"2025-06-12T20:13:17","date_gmt":"2025-06-12T20:13:17","guid":{"rendered":"https:\/\/historiografija.hr\/?p=46947"},"modified":"2025-06-12T20:13:17","modified_gmt":"2025-06-12T20:13:17","slug":"dragutin-babic-slavonija-u-oku-sociologa-identiteti-ratne-migracije-nacionalne-manjine-suzivot","status":"publish","type":"post","link":"https:\/\/historiografija.hr\/?p=46947","title":{"rendered":"Dragutin Babi\u0107, \u201eSlavonija u oku sociologa \u2013 identiteti, ratne migracije, nacionalne manjine, su\u017eivot\u201c"},"content":{"rendered":"\n<p>Izdava\u010d: Institut za migracije i narodnosti, Zagreb<\/p>\n\n\n\n<p>Recenzenti knjige:<\/p>\n\n\n\n<p>dr. sc. Marijeta Rajkovi\u0107 Iveta<\/p>\n\n\n\n<p>dr. sc. Ana Perini\u0107 Lewis<\/p>\n\n\n\n<hr class=\"wp-block-separator has-alpha-channel-opacity\"\/>\n\n\n\n<p>CIP zapis je dostupan u ra\u010dunalnome katalogu Nacionalne i sveu\u010dili\u0161ne knji\u017enice u Zagrebu pod brojem 001199876.<\/p>\n\n\n\n<p>ISBN: 978-953-6028-76-4<\/p>\n\n\n\n<hr class=\"wp-block-separator has-alpha-channel-opacity\"\/>\n\n\n\n<p>Opis<\/p>\n\n\n\n<p>Knjiga \u201eSlavonija u oku sociologa \u2013 identiteti, ratne migracije, nacionalne manjine, su\u017eivot\u201c (IMIN, 2023.) sadr\u017eava niz sociolo\u0161kih studija vezanih za dru\u0161tvena kretanja Slavonije u zadnjih tridesetak godina. Studije su rezultat dugogodi\u0161njeg autorova bavljenja ovom regijom iz perspektive sociologije, a prou\u010davanju tog tematskog sklopa posvetio je autor svoju cijelu znanstvenu karijeru. U prvom poglavlju razmatra se sam pojam Slavonije, \u0161to on zna\u010di i kakvi kulturolo\u0161ki i tradicijski ozna\u010ditelji ga obilje\u017eavaju. Potom se prelazi na temu ratnih zbivanja iz 90-ih iz gledi\u0161ta sociologije: ra\u0161\u010dlanjuju se socioekonomski aspekti prisilnih migracija do kojih je do\u0161lo zbog rata, kao i pitanja rekonstrukcije lokalnih zajednica nakon zavr\u0161etka rata. Sljede\u0107e poglavlje bavi se nacionalnim manjinama koje \u017eive na podru\u010dju Slavonije, njihovim identitetom i polo\u017eajem u Hrvatskoj od neovisnosti do danas. Posljednje poglavlje donosi op\u0107i zaklju\u010dak uz stanovite sugestije o tom kako bi se dru\u0161tveno stanje Slavonije moglo unaprijediti.<\/p>\n\n\n\n<hr class=\"wp-block-separator has-alpha-channel-opacity\"\/>\n\n\n\n<p>Izvor:<\/p>\n\n\n\n<figure class=\"wp-block-embed is-type-wp-embed is-provider-imin wp-block-embed-imin\"><div class=\"wp-block-embed__wrapper\">\n<blockquote class=\"wp-embedded-content\" data-secret=\"QP6bT9y1Hd\"><a href=\"https:\/\/www.imin.hr\/slavonija-u-oku-sociologa-identiteti-ratne-migracije-nacionalne-manjine-suzivot\/\">Slavonija u oku sociologa \u2013 identiteti, ratne migracije, nacionalne manjine, su\u017eivot<\/a><\/blockquote><iframe loading=\"lazy\" class=\"wp-embedded-content\" sandbox=\"allow-scripts\" security=\"restricted\" style=\"position: absolute; visibility: hidden;\" title=\"&#8220;Slavonija u oku sociologa \u2013 identiteti, ratne migracije, nacionalne manjine, su\u017eivot&#8221; &#8212; IMIN\" src=\"https:\/\/www.imin.hr\/slavonija-u-oku-sociologa-identiteti-ratne-migracije-nacionalne-manjine-suzivot\/embed\/#?secret=0TN15OrmuX#?secret=QP6bT9y1Hd\" data-secret=\"QP6bT9y1Hd\" width=\"600\" height=\"338\" frameborder=\"0\" marginwidth=\"0\" marginheight=\"0\" scrolling=\"no\"><\/iframe>\n<\/div><\/figure>\n\n\n\n<hr class=\"wp-block-separator has-alpha-channel-opacity\"\/>\n","protected":false},"excerpt":{"rendered":"","protected":false},"author":2,"featured_media":46948,"comment_status":"open","ping_status":"open","sticky":false,"template":"","format":"standard","meta":{"_acf_changed":false,"jetpack_post_was_ever_published":false,"_jetpack_newsletter_access":"","_jetpack_dont_email_post_to_subs":false,"_jetpack_newsletter_tier_id":0,"_jetpack_memberships_contains_paywalled_content":false,"_jetpack_memberships_contains_paid_content":false,"footnotes":"","jetpack_publicize_message":"","jetpack_publicize_feature_enabled":true,"jetpack_social_post_already_shared":true,"jetpack_social_options":{"image_generator_settings":{"template":"highway","default_image_id":0,"font":"","enabled":false},"version":2}},"categories":[8,3],"tags":[],"class_list":["post-46947","post","type-post","status-publish","format-standard","has-post-thumbnail","hentry","category-knjige","category-novosti"],"acf":{"facebook_opis":""},"jetpack_publicize_connections":[],"jetpack_featured_media_url":"https:\/\/i0.wp.com\/historiografija.hr\/wp-content\/uploads\/2025\/06\/Babic-Slavonija-u-oku-sociologa.jpg?fit=666%2C963&ssl=1","jetpack_sharing_enabled":true,"jetpack-related-posts":[],"_links":{"self":[{"href":"https:\/\/historiografija.hr\/index.php?rest_route=\/wp\/v2\/posts\/46947","targetHints":{"allow":["GET"]}}],"collection":[{"href":"https:\/\/historiografija.hr\/index.php?rest_route=\/wp\/v2\/posts"}],"about":[{"href":"https:\/\/historiografija.hr\/index.php?rest_route=\/wp\/v2\/types\/post"}],"author":[{"embeddable":true,"href":"https:\/\/historiografija.hr\/index.php?rest_route=\/wp\/v2\/users\/2"}],"replies":[{"embeddable":true,"href":"https:\/\/historiografija.hr\/index.php?rest_route=%2Fwp%2Fv2%2Fcomments&post=46947"}],"version-history":[{"count":1,"href":"https:\/\/historiografija.hr\/index.php?rest_route=\/wp\/v2\/posts\/46947\/revisions"}],"predecessor-version":[{"id":46949,"href":"https:\/\/historiografija.hr\/index.php?rest_route=\/wp\/v2\/posts\/46947\/revisions\/46949"}],"wp:featuredmedia":[{"embeddable":true,"href":"https:\/\/historiografija.hr\/index.php?rest_route=\/wp\/v2\/media\/46948"}],"wp:attachment":[{"href":"https:\/\/historiografija.hr\/index.php?rest_route=%2Fwp%2Fv2%2Fmedia&parent=46947"}],"wp:term":[{"taxonomy":"category","embeddable":true,"href":"https:\/\/historiografija.hr\/index.php?rest_route=%2Fwp%2Fv2%2Fcategories&post=46947"},{"taxonomy":"post_tag","embeddable":true,"href":"https:\/\/historiografija.hr\/index.php?rest_route=%2Fwp%2Fv2%2Ftags&post=46947"}],"curies":[{"name":"wp","href":"https:\/\/api.w.org\/{rel}","templated":true}]}}