{"id":46944,"date":"2025-06-12T20:03:58","date_gmt":"2025-06-12T20:03:58","guid":{"rendered":"https:\/\/historiografija.hr\/?p=46944"},"modified":"2025-06-12T20:03:58","modified_gmt":"2025-06-12T20:03:58","slug":"poziv-za-prijavu-na-medunarodni-znanstveni-skup-otkrivanje-dalmacije-xi","status":"publish","type":"post","link":"https:\/\/historiografija.hr\/?p=46944","title":{"rendered":"Poziv za prijavu na me\u0111unarodni znanstveni skup \u201eOtkrivanje Dalmacije XI\u201c"},"content":{"rendered":"\n<p>Institut za povijest umjetnosti \u2013 Centar Cvito Fiskovi\u0107 u Splitu poziva vas na sudjelovanje na me\u0111unarodnom znanstvenom skupu koji se organizira u sklopu tjedna znanstvenih i stru\u010dnih doga\u0111anja<\/p>\n\n\n\n<p><strong>OTKRIVANJE DALMACIJE XI<\/strong><\/p>\n\n\n\n<p><strong>Odnos slike i teksta u putopisima<\/strong><\/p>\n\n\n\n<p><strong>Muzej grada Splita \u2013 Stara gradska vije\u0107nica, Split, 11. \u2013 13. prosinca 2025.<\/strong><\/p>\n\n\n\n<p><strong>&gt;&gt;&gt; <a href=\"https:\/\/www.ipu.hr\/content\/info\/Discovering_Dalmatia_XI_CFP.pdf\">POZIV<\/a><\/strong><\/p>\n\n\n\n<p><strong>Pozvana predava\u010dica: Heather Hyde Minor, University of Notre Dame<\/strong><\/p>\n\n\n\n<p><br>Putopisi obuhva\u0107aju putni\u010dka iskustva koja ostaju zabilje\u017eena u knjigama, \u010dasopisima, dnevnicima, pismima, crte\u017eima, slikama, grafikama ili fotografijama. Oni predstavljaju dragocjene povijesne i kulturne izvore u kojima se \u010desto isprepli\u0107u tekstualni i vizualni narativi kako bi \u0161to iscrpnije prenijeli slo\u017eene dojmove o mjestima, ljudima i kulturnom i umjetni\u010dkom naslje\u0111u. U procesu stvaranja putopisa umjetnici-autori stupaju u intenzivan dijalog s prostorom, ostavljaju\u0107i za sobom zabilje\u017eena iskustva u obliku tekstualnih i vizualnih zapisa. Ti zapisi iskustava potom duboko oblikuju prostore koje prikazuju, nerijetko slu\u017ee\u0107i kao predlo\u0161ci budu\u0107im putopiscima. Me\u0111u prostorima zabilje\u017eenima u putopisnim narativima, Dalmacija zauzima posebno mjesto \u2013 \u010desto prikazivana kroz bogat odnos slike i teksta koji zajedno oblikuju vi\u0161eslojnu predod\u017ebu o njezinom kompleksnom identitetu.<\/p>\n\n\n\n<p>Ovogodi\u0161nja znanstvena konferencija u Splitu posve\u0107ena je istra\u017eivanju na\u010dina na koje se te dvije forme reprezentacije me\u0111usobno pro\u017eimaju unutar putopisnog \u017eanra. Fokusiramo se na dinami\u010dan odnos izme\u0111u rije\u010di i slike: na funkciju vizualnih elemenata (ilustracija, grafika, fotografija) unutar putopisnog teksta i uz tekst, te na to kako me\u0111usobno oblikuju narativni ton i percepciju odre\u0111enog mjesta. Dijakronijska perspektiva \u2013 koja prati promjene odnosa slike i teksta kroz vrijeme \u2013 kao i dijalo\u0161ka narav te interakcije, otvaraju pitanja o autorstvu, vjerodostojnosti, kulturnom prevo\u0111enju i intermedijalnosti u putopisnoj knji\u017eevnosti.<\/p>\n\n\n\n<p>Vizualna komponenta putopisa \u010desto je slu\u017eila za potvr\u0111ivanje vjerodostojnosti teksta ili za privla\u010denje \u010ditateljske publike fascinirane \u201eegzoti\u010dnim\u201c jugoisto\u010dnim rubom Europe. Istodobno, slike su unosile vlastitu vizualnu retoriku \u2013 ponekad podr\u017eavaju\u0107i, a katkad i zamjenjuju\u0107i pisani narativ. Teorijski pristupi koji sliku i tekst promatraju ne kao paralelne, ve\u0107 kao me\u0111uovisne semioti\u010dke sustave, nu\u017eni su za razumijevanje specifi\u010dnosti putopisnog \u017eanra. Pozivamo vas stoga na sudjelovanje, kako teorijskim promi\u0161ljanjima ovog odnosa, tako i konkretnim studijama slu\u010daja, osobito onima koje se odnose na putopise o Dalmaciji te na intenzivni period studijskih putovanja od 18. do sredine 20. stolje\u0107a.<\/p>\n\n\n\n<p>Konferencija \u017eeli okupiti znanstvenike iz razli\u010ditih disciplina \u2013 povijesti umjetnosti i arhitekture, knji\u017eevnosti, vizualne kulture, antropologije, medijskih studija \u2013 kako bi zajedni\u010dki promi\u0161ljali kako me\u0111usoban odnos slike i teksta u putopisima doprinosi stvaranju zna\u010denja, pam\u0107enja i kulturnog identiteta, pri \u010demu Dalmacija, sa svojom zna\u010dajnom prisutno\u0161\u0107u u europskoj putopisnoj tradiciji, nudi iznimno plodno tlo za takva istra\u017eivanja.<\/p>\n\n\n\n<p>Stoga postavljamo dva sredi\u0161nja pitanja:<\/p>\n\n\n\n<ul class=\"wp-block-list\">\n<li>Kako vizualne i tekstualne reprezentacije mjesta, osobito Dalmacije, me\u0111usobno sudjeluju u oblikovanju predod\u017ebi o prostoru, ba\u0161tini, identitetu i drugosti?<\/li>\n\n\n\n<li>Koji su povijesni i konceptualni modeli za razumijevanje odnosa slike i teksta u putopisima?<\/li>\n<\/ul>\n\n\n\n<p>Pozivamo izlaga\u010de da se osvrnu na \u0161irok spektar putopisnog materijala koji spaja tekst i sliku. Nadamo se da \u0107e konferencija doprinijeti razumijevanju razli\u010ditih aspekata kombiniranja slike i teksta, dubljem promi\u0161ljanju pozicije Dalmacije u europskoj kulturnoj imaginaciji te definiciji putopisa kao autonomne multidisciplinarne i multimedijalne prakse.<\/p>\n\n\n\n<p>Pozivaju se stoga stru\u010dnjaci razli\u010ditih profila koje ujedinjuje tema konferencije da po\u0161alju sa\u017eetak od 250 rije\u010di i kratak \u017eivotopis na e-adresu <a href=\"mailto:discoveringdalmatia@gmail.com\">discoveringdalmatia@gmail.com<\/a>.<\/p>\n\n\n\n<p>Konferencija je organizirana u sklopu projekta Hrvatske zaklade za znanost <a href=\"https:\/\/www.ipu.hr\/article\/hr\/1615\/TraveloguesDalmatia\">Travelogues Dalmatia<\/a> IP-2022-10-8676.<\/p>\n\n\n\n<p><strong>Znanstveni odbor<\/strong><br>Jo\u0161ko Belamari\u0107 (Institut za povijest umjetnosti \u2013 Centar Cvito Fiskovi\u0107 Split)<br>Davide Lacagnina (Scuola di Specializzazione in Beni Storico Artistici dell&#8217;Universit\u00e0 degli Studi di Siena)<br>Tod Marder (Rutgers University, Department of Art History)<br>Katrina O\u2019Loughlin (Brunel University London)<br>Cvijeta Pavlovi\u0107 (Filozofski fakultet Sveu\u010dili\u0161ta u Zagrebu, Odsjek za komparativnu knji\u017eevnost)<br>Marko \u0160piki\u0107 (Filozofski fakultet Sveu\u010dili\u0161ta u Zagrebu, Odsjek za povijest umjetnosti)<br>Ana \u0160verko (Institut za povijest umjetnosti \u2013 Centar Cvito Fiskovi\u0107 Split)<br>Elke Katharina Wittich (Leibniz Universit\u00e4t Hannover)<br>Sanja \u017daja Vrbica (Sveu\u010dili\u0161te u Dubrovniku, Odjel za umjetnost i restauraciju)<\/p>\n\n\n\n<p><strong>Organizacijski odbor<\/strong><br>Jo\u0161ko Belamari\u0107 (Institut za povijest umjetnosti \u2013 Centar Cvito Fiskovi\u0107 Split)<br>Tomislav Bosni\u0107 (Institut za povijest umjetnosti \u2013 Centar Cvito Fiskovi\u0107 Split)<br>Ana \u0106uri\u0107 (Institut za povijest umjetnosti)<br>Katrina O\u2019Loughlin (Brunel University London)<br>Ana \u0160verko (Institut za povijest umjetnosti \u2013 Centar Cvito Fiskovi\u0107 Split)<br>Sanja \u017daja Vrbica (Sveu\u010dili\u0161te u Dubrovniku, Odjel za umjetnost i restauraciju)<\/p>\n\n\n\n<p><strong>Prijava<\/strong><br>Sa\u017eeci radova (250 rije\u010di) uz kratak \u017eivotopis na engleskom jeziku \u0161alju se u pdf-formatu na adresu <a href=\"mailto:discoveringdalmatia@gmail.com\">discoveringdalmatia@gmail.com<\/a>. Rok za prijavu je 15. srpnja 2025.<\/p>\n\n\n\n<p><strong>Va\u017eni datumi<\/strong><\/p>\n\n\n\n<ul class=\"wp-block-list\">\n<li>Prijava do 15. srpnja 2025.<\/li>\n\n\n\n<li>Obavijest o prihva\u0107anju prijave 31. srpnja 2025.<\/li>\n\n\n\n<li>Po\u010detak konferencije 11. prosinca 2025.<\/li>\n<\/ul>\n\n\n\n<p><strong>Va\u017ene informacije<\/strong><br>Doma\u0107in \u0107e organizirati prijam 10. prosinca nave\u010der i zavr\u0161nu sve\u010danost 13. prosinca uz kavu i osvje\u017eenja u stankama za sudionike konferencije.<br>Za sudjelovanje na konferenciji nije predvi\u0111ena kotizacija.<br>Organizatori ne pokrivaju putne tro\u0161kove i tro\u0161kove smje\u0161taja.<br>Organizatori mogu ponuditi pomo\u0107 pri organiziranju smje\u0161taja u povijesnoj jezgri po povoljnim cijenama.<br>Slu\u017ebeni jezik konferencije je engleski.<br>Duljina izlaganja je 20 minuta.<br>Izlaganja \u0107e biti podijeljena u tematske sesije, a svaka \u0107e sesija biti zaklju\u010dena raspravom.<br>Planirana je objava odabranih radova s konferencije u recenziranom zborniku.<\/p>\n\n\n\n<hr class=\"wp-block-separator has-alpha-channel-opacity\"\/>\n\n\n\n<p>Izvor:<\/p>\n\n\n\n<p><a href=\"https:\/\/www.ipu.hr\/article\/hr\/1944\/otkrivanje-dalmacije-xi\">https:\/\/www.ipu.hr\/article\/hr\/1944\/otkrivanje-dalmacije-xi<\/a><\/p>\n\n\n\n<hr class=\"wp-block-separator has-alpha-channel-opacity\"\/>\n","protected":false},"excerpt":{"rendered":"","protected":false},"author":2,"featured_media":46945,"comment_status":"open","ping_status":"open","sticky":false,"template":"","format":"standard","meta":{"_acf_changed":false,"jetpack_post_was_ever_published":false,"_jetpack_newsletter_access":"","_jetpack_dont_email_post_to_subs":false,"_jetpack_newsletter_tier_id":0,"_jetpack_memberships_contains_paywalled_content":false,"_jetpack_memberships_contains_paid_content":false,"footnotes":"","jetpack_publicize_message":"","jetpack_publicize_feature_enabled":true,"jetpack_social_post_already_shared":true,"jetpack_social_options":{"image_generator_settings":{"template":"highway","default_image_id":0,"font":"","enabled":false},"version":2}},"categories":[3,9],"tags":[],"class_list":["post-46944","post","type-post","status-publish","format-standard","has-post-thumbnail","hentry","category-novosti","category-skupovi"],"acf":{"facebook_opis":""},"jetpack_publicize_connections":[],"jetpack_featured_media_url":"https:\/\/i0.wp.com\/historiografija.hr\/wp-content\/uploads\/2025\/06\/discovering-dalmatia-xi.jpg?fit=1684%2C1052&ssl=1","jetpack_sharing_enabled":true,"jetpack-related-posts":[],"_links":{"self":[{"href":"https:\/\/historiografija.hr\/index.php?rest_route=\/wp\/v2\/posts\/46944","targetHints":{"allow":["GET"]}}],"collection":[{"href":"https:\/\/historiografija.hr\/index.php?rest_route=\/wp\/v2\/posts"}],"about":[{"href":"https:\/\/historiografija.hr\/index.php?rest_route=\/wp\/v2\/types\/post"}],"author":[{"embeddable":true,"href":"https:\/\/historiografija.hr\/index.php?rest_route=\/wp\/v2\/users\/2"}],"replies":[{"embeddable":true,"href":"https:\/\/historiografija.hr\/index.php?rest_route=%2Fwp%2Fv2%2Fcomments&post=46944"}],"version-history":[{"count":1,"href":"https:\/\/historiografija.hr\/index.php?rest_route=\/wp\/v2\/posts\/46944\/revisions"}],"predecessor-version":[{"id":46946,"href":"https:\/\/historiografija.hr\/index.php?rest_route=\/wp\/v2\/posts\/46944\/revisions\/46946"}],"wp:featuredmedia":[{"embeddable":true,"href":"https:\/\/historiografija.hr\/index.php?rest_route=\/wp\/v2\/media\/46945"}],"wp:attachment":[{"href":"https:\/\/historiografija.hr\/index.php?rest_route=%2Fwp%2Fv2%2Fmedia&parent=46944"}],"wp:term":[{"taxonomy":"category","embeddable":true,"href":"https:\/\/historiografija.hr\/index.php?rest_route=%2Fwp%2Fv2%2Fcategories&post=46944"},{"taxonomy":"post_tag","embeddable":true,"href":"https:\/\/historiografija.hr\/index.php?rest_route=%2Fwp%2Fv2%2Ftags&post=46944"}],"curies":[{"name":"wp","href":"https:\/\/api.w.org\/{rel}","templated":true}]}}