{"id":46939,"date":"2025-06-12T15:56:20","date_gmt":"2025-06-12T15:56:20","guid":{"rendered":"https:\/\/historiografija.hr\/?p=46939"},"modified":"2025-06-12T15:56:20","modified_gmt":"2025-06-12T15:56:20","slug":"filmski-cetvrtak-povodom-medunarodnog-tjedna-arhiva-novi-izgled-zagreba-u-drugoj-polovici-20-stoljeca-na-filmskom-platnu","status":"publish","type":"post","link":"https:\/\/historiografija.hr\/?p=46939","title":{"rendered":"Filmski \u010detvrtak povodom Me\u0111unarodnog tjedna arhiva: Novi izgled Zagreba u drugoj polovici 20. stolje\u0107a na filmskom platnu"},"content":{"rendered":"\n<p>\u010cetvrtak, 12. lipnja 2025. u 18 sati u Hrvatskom dr\u017eavnom arhivu u Zagrebu.<\/p>\n\n\n\n<p>Na Filmskom \u010detvrtku, u sklopu proslave Me\u0111unarodnog dana arhiva posve\u0107enog temi arhitekture, prikazujemo niz dragocjenih filmskih svjedo\u010danstava o arhitektonski, kulturno i dru\u0161tveno uzbudljivom periodu u razvoju Zagreba. Neki su redatelji ovaj zadatak odradili zanatski konvencionalno, a neki kroz duhovitu i razigranu filmsku formu.<\/p>\n\n\n\n<p>&#8216;Koraci grada&#8217;, r. Branko Majer (1957., 12 min.)<\/p>\n\n\n\n<p>&#8216;Lice moga grada&#8217;, r. Frano Vodopivec (1963., 16 min.)<\/p>\n\n\n\n<p>&#8216;Raste grad&#8217;, r. Dragutin Vunak (1967., 13 min.)<\/p>\n\n\n\n<p>&#8216;Zagreb 67.- 69.&#8217;, r. Hrvoje Sari\u0107 (1969., 11 min.)<\/p>\n\n\n\n<p>O filmovima i njihovoj temi osvrt \u0107e odr\u017eati dr. sc. Tamara Bja\u017ei\u0107 Klarin, povjesni\u010darka arhitekture, Institut za povijest umjetnosti. Filmove na programu priredio je vi\u0161i filmski arhivist Juraj Kuko\u010d, Hrvatski dr\u017eavni arhiv. Ulaz je besplatan.<\/p>\n\n\n\n<hr class=\"wp-block-separator has-alpha-channel-opacity\"\/>\n\n\n\n<p>Izvor:<\/p>\n\n\n\n<p><a href=\"https:\/\/www.facebook.com\/events\/2449137405466704\">https:\/\/www.facebook.com\/events\/2449137405466704<\/a><\/p>\n\n\n\n<hr class=\"wp-block-separator has-alpha-channel-opacity\"\/>\n","protected":false},"excerpt":{"rendered":"","protected":false},"author":2,"featured_media":46940,"comment_status":"open","ping_status":"open","sticky":false,"template":"","format":"standard","meta":{"_acf_changed":false,"jetpack_post_was_ever_published":false,"_jetpack_newsletter_access":"","_jetpack_dont_email_post_to_subs":false,"_jetpack_newsletter_tier_id":0,"_jetpack_memberships_contains_paywalled_content":false,"_jetpack_memberships_contains_paid_content":false,"footnotes":"","jetpack_publicize_message":"","jetpack_publicize_feature_enabled":true,"jetpack_social_post_already_shared":true,"jetpack_social_options":{"image_generator_settings":{"template":"highway","default_image_id":0,"font":"","enabled":false},"version":2}},"categories":[3],"tags":[],"class_list":["post-46939","post","type-post","status-publish","format-standard","has-post-thumbnail","hentry","category-novosti"],"acf":{"facebook_opis":""},"jetpack_publicize_connections":[],"jetpack_featured_media_url":"https:\/\/i0.wp.com\/historiografija.hr\/wp-content\/uploads\/2025\/06\/Arhiv_Zagreb_film.png?fit=850%2C478&ssl=1","jetpack_sharing_enabled":true,"jetpack-related-posts":[],"_links":{"self":[{"href":"https:\/\/historiografija.hr\/index.php?rest_route=\/wp\/v2\/posts\/46939","targetHints":{"allow":["GET"]}}],"collection":[{"href":"https:\/\/historiografija.hr\/index.php?rest_route=\/wp\/v2\/posts"}],"about":[{"href":"https:\/\/historiografija.hr\/index.php?rest_route=\/wp\/v2\/types\/post"}],"author":[{"embeddable":true,"href":"https:\/\/historiografija.hr\/index.php?rest_route=\/wp\/v2\/users\/2"}],"replies":[{"embeddable":true,"href":"https:\/\/historiografija.hr\/index.php?rest_route=%2Fwp%2Fv2%2Fcomments&post=46939"}],"version-history":[{"count":1,"href":"https:\/\/historiografija.hr\/index.php?rest_route=\/wp\/v2\/posts\/46939\/revisions"}],"predecessor-version":[{"id":46941,"href":"https:\/\/historiografija.hr\/index.php?rest_route=\/wp\/v2\/posts\/46939\/revisions\/46941"}],"wp:featuredmedia":[{"embeddable":true,"href":"https:\/\/historiografija.hr\/index.php?rest_route=\/wp\/v2\/media\/46940"}],"wp:attachment":[{"href":"https:\/\/historiografija.hr\/index.php?rest_route=%2Fwp%2Fv2%2Fmedia&parent=46939"}],"wp:term":[{"taxonomy":"category","embeddable":true,"href":"https:\/\/historiografija.hr\/index.php?rest_route=%2Fwp%2Fv2%2Fcategories&post=46939"},{"taxonomy":"post_tag","embeddable":true,"href":"https:\/\/historiografija.hr\/index.php?rest_route=%2Fwp%2Fv2%2Ftags&post=46939"}],"curies":[{"name":"wp","href":"https:\/\/api.w.org\/{rel}","templated":true}]}}