{"id":46936,"date":"2025-06-12T15:45:52","date_gmt":"2025-06-12T15:45:52","guid":{"rendered":"https:\/\/historiografija.hr\/?p=46936"},"modified":"2025-06-12T15:45:52","modified_gmt":"2025-06-12T15:45:52","slug":"predavanje-od-soce-preko-piave-do-asiaga-110-godina-kasnije","status":"publish","type":"post","link":"https:\/\/historiografija.hr\/?p=46936","title":{"rendered":"Predavanje: Od So\u010de preko Piave do Asiaga \u2013 110 godina kasnije"},"content":{"rendered":"\n<p>Institut dru\u0161tvenih znanosti Ivo Pilar i Udruga 1914.-1918. pozivaju na predavanje i prezentaciju fotografija OD SO\u010cE PREKO PIAVE DO ASIAGA \u2013 110 GODINA KASNIJE koji \u0107e se odr\u017eati 12. lipnja 2025. s po\u010detkom u 18 sati u Multimedijalnoj dvorani Instituta Pilar, Zagreb, Maruli\u0107ev trg 19\/I. Predava\u010di: Nikola Tominac i Vijoleta Herman Kauri\u0107.<\/p>\n\n\n\n<hr class=\"wp-block-separator has-alpha-channel-opacity\"\/>\n\n\n\n<p>Izvor i dodatne obavijesti:<\/p>\n\n\n\n<figure class=\"wp-block-embed is-type-wp-embed is-provider-institut-dru-tvenih-znanosti-ivo-pilar wp-block-embed-institut-dru-tvenih-znanosti-ivo-pilar\"><div class=\"wp-block-embed__wrapper\">\n<blockquote class=\"wp-embedded-content\" data-secret=\"QTYxsj6InJ\"><a href=\"https:\/\/www.pilar.hr\/2025\/06\/predavanje-od-soce-preko-piave-do-asiaga-110-godina-kasnije-zagreb-12-6-2025\/\">Predavanje: OD SO\u010cE PREKO PIAVE DO ASIAGA &#8211; 110 GODINA KASNIJE; Zagreb, 12. 6. 2025.<\/a><\/blockquote><iframe loading=\"lazy\" class=\"wp-embedded-content\" sandbox=\"allow-scripts\" security=\"restricted\" style=\"position: absolute; visibility: hidden;\" title=\"&#8220;Predavanje: OD SO\u010cE PREKO PIAVE DO ASIAGA &#8211; 110 GODINA KASNIJE; Zagreb, 12. 6. 2025.&#8221; &#8212; Institut dru\u0161tvenih znanosti Ivo Pilar\" src=\"https:\/\/www.pilar.hr\/2025\/06\/predavanje-od-soce-preko-piave-do-asiaga-110-godina-kasnije-zagreb-12-6-2025\/embed\/#?secret=Rp2btQfgIh#?secret=QTYxsj6InJ\" data-secret=\"QTYxsj6InJ\" width=\"600\" height=\"338\" frameborder=\"0\" marginwidth=\"0\" marginheight=\"0\" scrolling=\"no\"><\/iframe>\n<\/div><\/figure>\n\n\n\n<hr class=\"wp-block-separator has-alpha-channel-opacity\"\/>\n","protected":false},"excerpt":{"rendered":"","protected":false},"author":2,"featured_media":46937,"comment_status":"open","ping_status":"open","sticky":false,"template":"","format":"standard","meta":{"_acf_changed":false,"jetpack_post_was_ever_published":false,"_jetpack_newsletter_access":"","_jetpack_dont_email_post_to_subs":false,"_jetpack_newsletter_tier_id":0,"_jetpack_memberships_contains_paywalled_content":false,"_jetpack_memberships_contains_paid_content":false,"footnotes":"","jetpack_publicize_message":"","jetpack_publicize_feature_enabled":true,"jetpack_social_post_already_shared":true,"jetpack_social_options":{"image_generator_settings":{"template":"highway","default_image_id":0,"font":"","enabled":false},"version":2}},"categories":[3],"tags":[],"class_list":["post-46936","post","type-post","status-publish","format-standard","has-post-thumbnail","hentry","category-novosti"],"acf":{"facebook_opis":""},"jetpack_publicize_connections":[],"jetpack_featured_media_url":"https:\/\/i0.wp.com\/historiografija.hr\/wp-content\/uploads\/2025\/06\/Predavanje-110-godina.jpg?fit=620%2C438&ssl=1","jetpack_sharing_enabled":true,"jetpack-related-posts":[],"_links":{"self":[{"href":"https:\/\/historiografija.hr\/index.php?rest_route=\/wp\/v2\/posts\/46936","targetHints":{"allow":["GET"]}}],"collection":[{"href":"https:\/\/historiografija.hr\/index.php?rest_route=\/wp\/v2\/posts"}],"about":[{"href":"https:\/\/historiografija.hr\/index.php?rest_route=\/wp\/v2\/types\/post"}],"author":[{"embeddable":true,"href":"https:\/\/historiografija.hr\/index.php?rest_route=\/wp\/v2\/users\/2"}],"replies":[{"embeddable":true,"href":"https:\/\/historiografija.hr\/index.php?rest_route=%2Fwp%2Fv2%2Fcomments&post=46936"}],"version-history":[{"count":1,"href":"https:\/\/historiografija.hr\/index.php?rest_route=\/wp\/v2\/posts\/46936\/revisions"}],"predecessor-version":[{"id":46938,"href":"https:\/\/historiografija.hr\/index.php?rest_route=\/wp\/v2\/posts\/46936\/revisions\/46938"}],"wp:featuredmedia":[{"embeddable":true,"href":"https:\/\/historiografija.hr\/index.php?rest_route=\/wp\/v2\/media\/46937"}],"wp:attachment":[{"href":"https:\/\/historiografija.hr\/index.php?rest_route=%2Fwp%2Fv2%2Fmedia&parent=46936"}],"wp:term":[{"taxonomy":"category","embeddable":true,"href":"https:\/\/historiografija.hr\/index.php?rest_route=%2Fwp%2Fv2%2Fcategories&post=46936"},{"taxonomy":"post_tag","embeddable":true,"href":"https:\/\/historiografija.hr\/index.php?rest_route=%2Fwp%2Fv2%2Ftags&post=46936"}],"curies":[{"name":"wp","href":"https:\/\/api.w.org\/{rel}","templated":true}]}}