{"id":46919,"date":"2025-06-11T19:36:20","date_gmt":"2025-06-11T19:36:20","guid":{"rendered":"https:\/\/historiografija.hr\/?p=46919"},"modified":"2025-06-17T21:00:07","modified_gmt":"2025-06-17T21:00:07","slug":"medijske-najave-odjeci-i-polemicke-reakcije-povodom-deklaracije-hazu-o-hrvatskom-povijesnom-grbu","status":"publish","type":"post","link":"https:\/\/historiografija.hr\/?p=46919","title":{"rendered":"Medijske najave, odjeci i polemi\u010dke reakcije povodom Deklaracije HAZU o hrvatskom povijesnom grbu"},"content":{"rendered":"\n<p>U nastavku upu\u0107ujemo na veliki dio \u2013 sada ve\u0107 iznimno brojnih \u2013 medijskih najava, vijesti, odjeka i polemi\u010dkih reakcija povodom objave Deklaracije HAZU o hrvatskom povijesnom grbu.<\/p>\n\n\n\n<hr class=\"wp-block-separator has-alpha-channel-opacity\"\/>\n\n\n\n<p><strong>Iz medija:<\/strong><\/p>\n\n\n\n<hr class=\"wp-block-separator has-alpha-channel-opacity\"\/>\n\n\n\n<p>Kontroverze hrvatskog grba. Pitanje svih pitanja: Treba li prvo polje u hrvatskoj \u0161ahovnici biti bijelo ili crveno? \u2013 31. svibnja 2025.<\/p>\n\n\n\n<p><a href=\"https:\/\/www.vecernji.hr\/vijesti\/pitanje-svih-pitanja-treba-li-prvo-polje-u-hrvatskoj-sahovnici-biti-bijelo-ili-crveno-1863337\">https:\/\/www.vecernji.hr\/vijesti\/pitanje-svih-pitanja-treba-li-prvo-polje-u-hrvatskoj-sahovnici-biti-bijelo-ili-crveno-1863337<\/a><\/p>\n\n\n\n<hr class=\"wp-block-separator has-alpha-channel-opacity\"\/>\n\n\n\n<p>Znanstveni skup o hrvatskome povijesnom grbu \u2013 3. lipnja 2025.<\/p>\n\n\n\n<figure class=\"wp-block-embed is-type-wp-embed is-provider-historiografija-hr wp-block-embed-historiografija-hr\"><div class=\"wp-block-embed__wrapper\">\n<blockquote class=\"wp-embedded-content\" data-secret=\"UTafLNsVcV\"><a href=\"https:\/\/historiografija.hr\/?p=46798\">Znanstveni skup o hrvatskome povijesnom grbu<\/a><\/blockquote><iframe loading=\"lazy\" class=\"wp-embedded-content\" sandbox=\"allow-scripts\" security=\"restricted\" style=\"position: absolute; visibility: hidden;\" title=\"&#8220;Znanstveni skup o hrvatskome povijesnom grbu&#8221; &#8212; Historiografija.hr\" src=\"https:\/\/historiografija.hr\/?p=46798&#038;embed=true#?secret=Ky8UV4KVnw#?secret=UTafLNsVcV\" data-secret=\"UTafLNsVcV\" width=\"600\" height=\"338\" frameborder=\"0\" marginwidth=\"0\" marginheight=\"0\" scrolling=\"no\"><\/iframe>\n<\/div><\/figure>\n\n\n\n<hr class=\"wp-block-separator has-alpha-channel-opacity\"\/>\n\n\n\n<p>HAZU priprema deklaraciju: Hrvatski grb s prvim bijelim poljem nije sporan \u2013 4. lipnja 2025. (\u017darko Ivkovi\u0107)<\/p>\n\n\n\n<p><a href=\"https:\/\/www.vecernji.hr\/vijesti\/hazu-priprema-deklaraciju-hrvatski-grb-s-prvim-bijelim-poljem-nije-sporan-1866602\">https:\/\/www.vecernji.hr\/vijesti\/hazu-priprema-deklaraciju-hrvatski-grb-s-prvim-bijelim-poljem-nije-sporan-1866602<\/a><\/p>\n\n\n\n<p><a href=\"https:\/\/slobodnadalmacija.hr\/vijesti\/hrvatska\/hazu-priprema-deklaraciju-o-hrvatskom-grbu-s-prvim-bijelim-poljem-bio-je-dio-simbola-ndh-ali-evo-sto-treba-znati-1480491\">https:\/\/slobodnadalmacija.hr\/vijesti\/hrvatska\/hazu-priprema-deklaraciju-o-hrvatskom-grbu-s-prvim-bijelim-poljem-bio-je-dio-simbola-ndh-ali-evo-sto-treba-znati-1480491<\/a><\/p>\n\n\n\n<hr class=\"wp-block-separator has-alpha-channel-opacity\"\/>\n\n\n\n<p>DEKLARACIJA HRVATSKE AKADEMIJE ZNANOSTI I UMJETNOSTI O HRVATSKOME POVIJESNOM GRBU \u2013 5. lipnja 2025.<\/p>\n\n\n\n<figure class=\"wp-block-embed is-type-wp-embed is-provider-hazu wp-block-embed-hazu\"><div class=\"wp-block-embed__wrapper\">\n<blockquote class=\"wp-embedded-content\" data-secret=\"C8iA7qNHYG\"><a href=\"https:\/\/www.info.hazu.hr\/2025\/06\/deklaracija-hazu-o-hrvatskome-povijesnom-grbu\/\">Deklaracija HAZU o hrvatskome povijesnom grbu<\/a><\/blockquote><iframe loading=\"lazy\" class=\"wp-embedded-content\" sandbox=\"allow-scripts\" security=\"restricted\" style=\"position: absolute; visibility: hidden;\" title=\"&#8220;Deklaracija HAZU o hrvatskome povijesnom grbu&#8221; &#8212; HAZU\" src=\"https:\/\/www.info.hazu.hr\/2025\/06\/deklaracija-hazu-o-hrvatskome-povijesnom-grbu\/embed\/#?secret=C8iA7qNHYG\" data-secret=\"C8iA7qNHYG\" width=\"600\" height=\"338\" frameborder=\"0\" marginwidth=\"0\" marginheight=\"0\" scrolling=\"no\"><\/iframe>\n<\/div><\/figure>\n\n\n\n<hr class=\"wp-block-separator has-alpha-channel-opacity\"\/>\n\n\n\n<p>HAZU: I bijelo i crveno prvo polje pripadaju hrvatskom povijesnom grbu \u2013 5. lipnja 2025. (Matea Miki\u0107\/A.D.H.\/Dnevnik\/HRT)<\/p>\n\n\n\n<p><a href=\"https:\/\/magazin.hrt.hr\/zanimljivosti\/grb-12190324\">https:\/\/magazin.hrt.hr\/zanimljivosti\/grb-12190324<\/a><\/p>\n\n\n\n<hr class=\"wp-block-separator has-alpha-channel-opacity\"\/>\n\n\n\n<p>Hrvatska akademija znanosti i umjetnosti proglasila Deklaraciju o povijesnom hrvatskom grbu \u2013 5. lipnja 2025.<\/p>\n\n\n\n<p><a href=\"https:\/\/www.vecernji.hr\/vijesti\/hazu-svecano-odlucio-prvo-bijelo-polje-na-hrvatskom-grbu-nije-sporno-to-je-dio-bastine-1867240\">https:\/\/www.vecernji.hr\/vijesti\/hazu-svecano-odlucio-prvo-bijelo-polje-na-hrvatskom-grbu-nije-sporno-to-je-dio-bastine-1867240<\/a><\/p>\n\n\n\n<hr class=\"wp-block-separator has-alpha-channel-opacity\"\/>\n\n\n\n<p>Ovo \u0107e odjeknuti: HAZU izdala proglas o prvom bijelom polju na hrvatskom grbu \u2013 5. lipnja 2025.<\/p>\n\n\n\n<p><a href=\"https:\/\/www.zagreb.info\/vijesti\/ovo-ce-odjeknuti-hazu-izdala-proglas-o-prvom-bijelom-polju-na-hrvatskom-grbu\/739496\">https:\/\/www.zagreb.info\/vijesti\/ovo-ce-odjeknuti-hazu-izdala-proglas-o-prvom-bijelom-polju-na-hrvatskom-grbu\/739496<\/a><\/p>\n\n\n\n<hr class=\"wp-block-separator has-alpha-channel-opacity\"\/>\n\n\n\n<p>\u201eKiparovo pismo: Najva\u017enije spomenike svoje povijesti Hrvati ba\u0161tine u kamenu\u201c &#8211; 7. lipnja 2025. (Ivan Kujund\u017ei\u0107)<\/p>\n\n\n\n<p><a href=\"https:\/\/www.maxportal.hr\/premium-sadrzaj\/kiparovo-pismo-najvaznije-spomenike-svoje-povijesti-hrvati-bastine-u-kamenu\">https:\/\/www.maxportal.hr\/premium-sadrzaj\/kiparovo-pismo-najvaznije-spomenike-svoje-povijesti-hrvati-bastine-u-kamenu<\/a><\/p>\n\n\n\n<hr class=\"wp-block-separator has-alpha-channel-opacity\"\/>\n\n\n\n<p>\u201eHAZU izdao deklaraciju o prvom bijelom polju, Sabor proglasio Dan zastave. Koja je ovo godina?\u201c &#8211; 7. lipnja 2025. (Dragan Markovina)<\/p>\n\n\n\n<p><a href=\"https:\/\/www.telegram.hr\/komentari\/desnicari-okanite-se-corava-posla-grb-pocinje-crvenim-poljem-da-ne-slici-na-ustaski-i-tako-ce-ostati\">https:\/\/www.telegram.hr\/komentari\/desnicari-okanite-se-corava-posla-grb-pocinje-crvenim-poljem-da-ne-slici-na-ustaski-i-tako-ce-ostati<\/a><\/p>\n\n\n\n<hr class=\"wp-block-separator has-alpha-channel-opacity\"\/>\n\n\n\n<p>HAZU: I crveno i bijelo po\u010detno polje na hrvatskom grbu \u2013 povijesno su ravnopravni &#8211; 7. lipnja 2025. (Ivan Hrsti\u0107)<\/p>\n\n\n\n<p><a href=\"https:\/\/crona.hr\/kolumne\/ivan-hrstic\/7979-hazu-i-crveno-i-bijelo-pocetno-polje-na-hrvatskom-grbu-povijesno-su-ravnopravni\">https:\/\/crona.hr\/kolumne\/ivan-hrstic\/7979-hazu-i-crveno-i-bijelo-pocetno-polje-na-hrvatskom-grbu-povijesno-su-ravnopravni<\/a><\/p>\n\n\n\n<hr class=\"wp-block-separator has-alpha-channel-opacity\"\/>\n\n\n\n<p>\u201eHrvatska zastava i grb simboli hrvatstva\u2026\u201c 7. lipnja 2025. (Stjepan Asi\u0107)<\/p>\n\n\n\n<figure class=\"wp-block-embed is-type-wp-embed is-provider-bez-cenzure wp-block-embed-bez-cenzure\"><div class=\"wp-block-embed__wrapper\">\n<blockquote class=\"wp-embedded-content\" data-secret=\"5ZVVHhZGhH\"><a href=\"https:\/\/bezcenzure.hr\/iseljenistvo\/hrvatska-zastava-i-grb-simboli-hrvatstva\/\">Hrvatska zastava i grb simboli hrvatstva&#8230;<\/a><\/blockquote><iframe loading=\"lazy\" class=\"wp-embedded-content\" sandbox=\"allow-scripts\" security=\"restricted\" style=\"position: absolute; visibility: hidden;\" title=\"&#8220;Hrvatska zastava i grb simboli hrvatstva&#8230;&#8221; &#8212; Bez Cenzure\" src=\"https:\/\/bezcenzure.hr\/iseljenistvo\/hrvatska-zastava-i-grb-simboli-hrvatstva\/embed\/#?secret=5ZVVHhZGhH\" data-secret=\"5ZVVHhZGhH\" width=\"600\" height=\"338\" frameborder=\"0\" marginwidth=\"0\" marginheight=\"0\" scrolling=\"no\"><\/iframe>\n<\/div><\/figure>\n\n\n\n<hr class=\"wp-block-separator has-alpha-channel-opacity\"\/>\n\n\n\n<p>\u201eDr. Buri\u0107: \u2018Grb s po\u010detnim bijelim ili s crvenim poljem uvijek je i samo hrvatski grb. Sudac je za\u0161utio i rekao mi&#8230;\u201c 7. lipnja 2025. (Jure Buri\u0107)<\/p>\n\n\n\n<p><a href=\"https:\/\/slobodnadalmacija.hr\/vijesti\/hrvatska\/dr-buric-grb-s-pocetnim-bijelim-ili-s-crvenim-poljem-uvijek-je-i-samo-hrvatski-grb-sudac-je-zasutio-i-rekao-mi-1481344\">https:\/\/slobodnadalmacija.hr\/vijesti\/hrvatska\/dr-buric-grb-s-pocetnim-bijelim-ili-s-crvenim-poljem-uvijek-je-i-samo-hrvatski-grb-sudac-je-zasutio-i-rekao-mi-1481344<\/a><\/p>\n\n\n\n<hr class=\"wp-block-separator has-alpha-channel-opacity\"\/>\n\n\n\n<p>\u201ePod krinkom antifa\u0161izma \u017eele redefinirati hrvatsku povijest: Njima smeta i crveno polje\u201c \u2013 8. lipnja 2025. (Davor Dijanovi\u0107)<\/p>\n\n\n\n<p><a href=\"https:\/\/direktno.hr\/kolumne\/pod-krinkom-antifasizma-zele-redefinirati-hrvatsku-povijest-njima-smeta-i-crveno-polje-373314\">https:\/\/direktno.hr\/kolumne\/pod-krinkom-antifasizma-zele-redefinirati-hrvatsku-povijest-njima-smeta-i-crveno-polje-373314<\/a><\/p>\n\n\n\n<hr class=\"wp-block-separator has-alpha-channel-opacity\"\/>\n\n\n\n<p>\u201eMileti\u0107 predlo\u017eio Saboru dono\u0161enje Deklaracije o hrvatskom povijesnom grbu\u201c &#8211; 8. lipnja 2025. (Marija Udiljak\/HINA)<\/p>\n\n\n\n<p><a href=\"https:\/\/www.index.hr\/vijesti\/clanak\/miletic-predlozio-saboru-donosenje-deklaracije-o-hrvatskom-povijesnom-grbu\/2678633.aspx\">https:\/\/www.index.hr\/vijesti\/clanak\/miletic-predlozio-saboru-donosenje-deklaracije-o-hrvatskom-povijesnom-grbu\/2678633.aspx<\/a><\/p>\n\n\n\n<hr class=\"wp-block-separator has-alpha-channel-opacity\"\/>\n\n\n\n<p>\u201eGrb s prvim bijelim poljem nije vi\u0161e tabu. A groblja &#8216;narodnih neprijatelja&#8217;?\u201c \u2013 8. lipnja 2025. (Davor Ivankovi\u0107)<\/p>\n\n\n\n<p><a href=\"https:\/\/www.vecernji.hr\/vijesti\/grb-s-prvim-bijelim-poljem-nije-vise-tabu-a-groblja-narodnih-neprijatelja-1867679\">https:\/\/www.vecernji.hr\/vijesti\/grb-s-prvim-bijelim-poljem-nije-vise-tabu-a-groblja-narodnih-neprijatelja-1867679<\/a><\/p>\n\n\n\n<hr class=\"wp-block-separator has-alpha-channel-opacity\"\/>\n\n\n\n<p>VELIKO PRIZNANJE MATI BO\u017dI\u0106U Teza o hrvatskom grbu kao prikazu tvr\u0111ave, koju je potvrdio HAZU, prvi put je medijski prezentirana na Dalmatinskom portalu \u2013 8. lipnja 2025. (M. P.)<\/p>\n\n\n\n<p><a href=\"https:\/\/dalmatinskiportal.hr\/vijesti\/veliko-priznanje-mati-bozicu-teza-o-hrvatskom-grbu-kao-prikazu-tvrdave--koju-je-potvrdio-hazu--prvi-put-je-medijski-prezentirana-na-dalmatinskom-portalu-\/239038\">https:\/\/dalmatinskiportal.hr\/vijesti\/veliko-priznanje-mati-bozicu-teza-o-hrvatskom-grbu-kao-prikazu-tvrdave&#8211;koju-je-potvrdio-hazu&#8211;prvi-put-je-medijski-prezentirana-na-dalmatinskom-portalu-\/239038<\/a><\/p>\n\n\n\n<hr class=\"wp-block-separator has-alpha-channel-opacity\"\/>\n\n\n\n<p>\u201eINTERVJU Mate Bo\u017ei\u0107: Hrvatski grb je ravnopravan i s crvenim i bijelim prvim poljem. &#8220;\u0160ahovnica&#8221;, nema veze sa \u0161ahom, a grb Dalmacije s tri leopardove glave ima zanimljivu povijest\u201c \u2013 9. lipnja 2025. (R.P.)<\/p>\n\n\n\n<figure class=\"wp-block-embed is-type-wp-embed is-provider-dalmacija-danas wp-block-embed-dalmacija-danas\"><div class=\"wp-block-embed__wrapper\">\n<blockquote class=\"wp-embedded-content\" data-secret=\"8lrU0bxq9B\"><a href=\"https:\/\/www.dalmacijadanas.hr\/intervju-mate-bozic-hrvatski-grb-je-ravnopravan-i-s-crvenim-i-bijelim-prvim-poljem-sahovnica-nema-veze-sa-sahom-a-grb-dalmacije-s-tri-leoparda-ima-zanimljivu-povijest\/\">INTERVJU Mate Bo\u017ei\u0107: Hrvatski grb je ravnopravan i s crvenim i bijelim prvim poljem. &#8220;\u0160ahovnica&#8221;, nema veze sa \u0161ahom, a grb Dalmacije s tri leopardove glave ima zanimljivu povijest<\/a><\/blockquote><iframe loading=\"lazy\" class=\"wp-embedded-content\" sandbox=\"allow-scripts\" security=\"restricted\" style=\"position: absolute; visibility: hidden;\" title=\"&#8220;INTERVJU Mate Bo\u017ei\u0107: Hrvatski grb je ravnopravan i s crvenim i bijelim prvim poljem. &quot;\u0160ahovnica&quot;, nema veze sa \u0161ahom, a grb Dalmacije s tri leopardove glave ima zanimljivu povijest&#8221; &#8212; DALMACIJA DANAS\" src=\"https:\/\/www.dalmacijadanas.hr\/intervju-mate-bozic-hrvatski-grb-je-ravnopravan-i-s-crvenim-i-bijelim-prvim-poljem-sahovnica-nema-veze-sa-sahom-a-grb-dalmacije-s-tri-leoparda-ima-zanimljivu-povijest\/embed\/#?secret=WKyia1XJ4c#?secret=8lrU0bxq9B\" data-secret=\"8lrU0bxq9B\" width=\"600\" height=\"338\" frameborder=\"0\" marginwidth=\"0\" marginheight=\"0\" scrolling=\"no\"><\/iframe>\n<\/div><\/figure>\n\n\n\n<hr class=\"wp-block-separator has-alpha-channel-opacity\"\/>\n\n\n\n<p>\u201eHodak: HAZU dokazao istinu o bijelom polju, \u0161to \u0107e sad re\u0107i policija?\u201c \u2013 9. lipnja 2025. (Zvonimir Hodak)<\/p>\n\n\n\n<p><a href=\"https:\/\/kamenjar.com\/hodak-bijelo-polje-hazu\">https:\/\/kamenjar.com\/hodak-bijelo-polje-hazu<\/a><\/p>\n\n\n\n<hr class=\"wp-block-separator has-alpha-channel-opacity\"\/>\n\n\n\n<p>\u201eH. Hitrec: Zakmardijeva \u0161krinja povlastica: Usta\u0161a iz 1643.\u201c &#8211; 9. lipnja 2025. (Hrvoje Hitrec)<\/p>\n\n\n\n<p><a href=\"https:\/\/www.hkv.hr\/izdvojeno\/komentari\/hhitrec\/45738-h-hitrec-zakmardijeva-skrinja-povlastica-ustasa-iz-1643.html\">https:\/\/www.hkv.hr\/izdvojeno\/komentari\/hhitrec\/45738-h-hitrec-zakmardijeva-skrinja-povlastica-ustasa-iz-1643.html<\/a><\/p>\n\n\n\n<hr class=\"wp-block-separator has-alpha-channel-opacity\"\/>\n\n\n\n<p>Po\u010detno polje na hrvatskom grbu: Predmet rasprava, sudova i medijske hajke \u2013 10. lipnja 2025. (Helena Mostarki\u0107 Gobbo)<\/p>\n\n\n\n<p><a href=\"https:\/\/narod.hr\/hrvatska\/pocetno-polje-na-hrvatskom-grbu-predmet-rasprava-sudova-i-medijske-hajke\">https:\/\/narod.hr\/hrvatska\/pocetno-polje-na-hrvatskom-grbu-predmet-rasprava-sudova-i-medijske-hajke<\/a><\/p>\n\n\n\n<hr class=\"wp-block-separator has-alpha-channel-opacity\"\/>\n\n\n\n<p>\u201eHrvatska akademija znanosti i umjetnosti proglasila Deklaraciju o povijesnom hrvatskom grbu: Objavljujemo kraj stigmatizaciji razli\u010ditih varijanata hrvatskoga povijesnoga grba i suvremenoj ideologizaciji povijesnih simbola op\u0107enito\u201c \u2013 10. lipnja 2025. (Marijan Lipovac)<\/p>\n\n\n\n<figure class=\"wp-block-embed is-type-wp-embed is-provider-identitet wp-block-embed-identitet\"><div class=\"wp-block-embed__wrapper\">\n<blockquote class=\"wp-embedded-content\" data-secret=\"mC8LCs5xeY\"><a href=\"https:\/\/identitet.hr\/hrvatska-akademija-znanosti-i-umjetnosti-proglasila-deklaraciju-o-povijesnom-hrvatskom-grbu-objavljujemo-kraj-stigmatizaciji-razlicitih-varijanata-hrvatskoga-povijesnoga-grba-i-suvremenoj-ideologizac\/\">Hrvatska akademija znanosti i umjetnosti proglasila Deklaraciju o povijesnom hrvatskom grbu: Objavljujemo kraj stigmatizaciji razli\u010ditih varijanata hrvatskoga povijesnoga grba i suvremenoj ideologizaciji povijesnih simbola op\u0107enito<\/a><\/blockquote><iframe loading=\"lazy\" class=\"wp-embedded-content\" sandbox=\"allow-scripts\" security=\"restricted\" style=\"position: absolute; visibility: hidden;\" title=\"&#8220;Hrvatska akademija znanosti i umjetnosti proglasila Deklaraciju o povijesnom hrvatskom grbu: Objavljujemo kraj stigmatizaciji razli\u010ditih varijanata hrvatskoga povijesnoga grba i suvremenoj ideologizaciji povijesnih simbola op\u0107enito&#8221; &#8212; Identitet\" src=\"https:\/\/identitet.hr\/hrvatska-akademija-znanosti-i-umjetnosti-proglasila-deklaraciju-o-povijesnom-hrvatskom-grbu-objavljujemo-kraj-stigmatizaciji-razlicitih-varijanata-hrvatskoga-povijesnoga-grba-i-suvremenoj-ideologizac\/embed\/#?secret=yQbLZJAUgg#?secret=mC8LCs5xeY\" data-secret=\"mC8LCs5xeY\" width=\"600\" height=\"338\" frameborder=\"0\" marginwidth=\"0\" marginheight=\"0\" scrolling=\"no\"><\/iframe>\n<\/div><\/figure>\n\n\n\n<hr class=\"wp-block-separator has-alpha-channel-opacity\"\/>\n\n\n\n<p>\u201eBesposlen akademik grbove krsti\u201c \u2013 10. lipnja 2025. (Tihomir Pono\u0161)<\/p>\n\n\n\n<p><a href=\"https:\/\/www.portalnovosti.com\/besposlen-akademik-grbove-krsti\">https:\/\/www.portalnovosti.com\/besposlen-akademik-grbove-krsti<\/a><\/p>\n\n\n\n<hr class=\"wp-block-separator has-alpha-channel-opacity\"\/>\n\n\n\n<p>\u201eKratka povijest hrvatske prvopoljoprivrede\u201c &#8211; 10. lipnja 2025. (Boris De\u017eulovi\u0107)<\/p>\n\n\n\n<p><a href=\"https:\/\/n1info.hr\/kolumne\/boris-dezulovic\/kratka-povijest-hrvatske-prvopoljoprivrede\">https:\/\/n1info.hr\/kolumne\/boris-dezulovic\/kratka-povijest-hrvatske-prvopoljoprivrede<\/a><\/p>\n\n\n\n<hr class=\"wp-block-separator has-alpha-channel-opacity\"\/>\n\n\n\n<p>\u201eStevo \u0110ura\u0161kovi\u0107: Osvrt na Deklaraciju HAZU o hrvatskome povijesnom grbu\u201c &#8211; 10. lipnja, 2025. (Stevo \u0110ura\u0161kovi\u0107)<\/p>\n\n\n\n<figure class=\"wp-block-embed is-type-wp-embed is-provider-historiografija-hr wp-block-embed-historiografija-hr\"><div class=\"wp-block-embed__wrapper\">\n<blockquote class=\"wp-embedded-content\" data-secret=\"hFkks6f4LT\"><a href=\"https:\/\/historiografija.hr\/?p=46864\">Stevo \u0110ura\u0161kovi\u0107: Osvrt na Deklaraciju HAZU o hrvatskome povijesnom grbu<\/a><\/blockquote><iframe loading=\"lazy\" class=\"wp-embedded-content\" sandbox=\"allow-scripts\" security=\"restricted\" style=\"position: absolute; visibility: hidden;\" title=\"&#8220;Stevo \u0110ura\u0161kovi\u0107: Osvrt na Deklaraciju HAZU o hrvatskome povijesnom grbu&#8221; &#8212; Historiografija.hr\" src=\"https:\/\/historiografija.hr\/?p=46864&#038;embed=true#?secret=GMo2W13dg9#?secret=hFkks6f4LT\" data-secret=\"hFkks6f4LT\" width=\"600\" height=\"338\" frameborder=\"0\" marginwidth=\"0\" marginheight=\"0\" scrolling=\"no\"><\/iframe>\n<\/div><\/figure>\n\n\n\n<hr class=\"wp-block-separator has-alpha-channel-opacity\"\/>\n\n\n\n<p>&nbsp;\u201eMrak Tarita\u0161 o grbu s bijelim poljem: U HAZU-u baljezgaju o jasnom simbolu NDH\u201c &#8211; Anka Mrak Tarita\u0161 \u2013 11. lipnja 2025. (HINA)<\/p>\n\n\n\n<p><a href=\"https:\/\/www.index.hr\/amp\/vijesti\/clanak\/mrak-taritas-o-grbu-s-bijelim-poljem-u-hazuu-baljezgaju-o-jasnom-simbolu-ndh\/2679784.aspx\">https:\/\/www.index.hr\/amp\/vijesti\/clanak\/mrak-taritas-o-grbu-s-bijelim-poljem-u-hazuu-baljezgaju-o-jasnom-simbolu-ndh\/2679784.aspx<\/a><\/p>\n\n\n\n<hr class=\"wp-block-separator has-alpha-channel-opacity\"\/>\n\n\n\n<p>\u201eBijelo polje, crvene la\u017ei: Tko pi\u0161e povijest hrvatskog grba i naroda?\u201c &#8211; 11. lipnja 2025. (Mladen Pavkovi\u0107)<\/p>\n\n\n\n<figure class=\"wp-block-embed is-type-wp-embed is-provider-cronika wp-block-embed-cronika\"><div class=\"wp-block-embed__wrapper\">\n<blockquote class=\"wp-embedded-content\" data-secret=\"oOjFVSrotv\"><a href=\"https:\/\/cronika.hr\/istaknuto\/2025\/bijelo-polje-crvene-lazi-tko-pise-povijest-hrvatskog-grba-i-naroda\/\">Bijelo polje, crvene la\u017ei: Tko pi\u0161e povijest hrvatskog grba i naroda?<\/a><\/blockquote><iframe loading=\"lazy\" class=\"wp-embedded-content\" sandbox=\"allow-scripts\" security=\"restricted\" style=\"position: absolute; visibility: hidden;\" title=\"&#8220;Bijelo polje, crvene la\u017ei: Tko pi\u0161e povijest hrvatskog grba i naroda?&#8221; &#8212; Cronika\" src=\"https:\/\/cronika.hr\/istaknuto\/2025\/bijelo-polje-crvene-lazi-tko-pise-povijest-hrvatskog-grba-i-naroda\/embed\/#?secret=TrAGms9Z4K#?secret=oOjFVSrotv\" data-secret=\"oOjFVSrotv\" width=\"600\" height=\"338\" frameborder=\"0\" marginwidth=\"0\" marginheight=\"0\" scrolling=\"no\"><\/iframe>\n<\/div><\/figure>\n\n\n\n<hr class=\"wp-block-separator has-alpha-channel-opacity\"\/>\n\n\n\n<p>Jareb za MS: Politikanska histerija kojom se po\u010deo demonizirati grb po\u010dinje nakon 2000. \u2013 11. lipnja 2025. (Barbara Kra\u0161 Kedmenec)<\/p>\n\n\n\n<p><a href=\"http:\/\/www.mediaservis.hr\/index.php\/component\/k2\/269619-269619-jareb-za-ms--politikanska-histerija-kojom-se-po-eo-demonizirati-grb-po-inje-nako\">http:\/\/www.mediaservis.hr\/index.php\/component\/k2\/269619-269619-jareb-za-ms&#8211;politikanska-histerija-kojom-se-po-eo-demonizirati-grb-po-inje-nako<\/a><\/p>\n\n\n\n<hr class=\"wp-block-separator has-alpha-channel-opacity\"\/>\n\n\n\n<p>Deklaracija JAZU o povijesnom hrvatskom grbu \u2013 11. lipnja 2025. (Marko Vu\u010deti\u0107)<\/p>\n\n\n\n<figure class=\"wp-block-embed is-type-wp-embed is-provider-autograf-hr wp-block-embed-autograf-hr\"><div class=\"wp-block-embed__wrapper\">\n<blockquote class=\"wp-embedded-content\" data-secret=\"ntNmp3wDBG\"><a href=\"https:\/\/autograf.hr\/deklaracija-jazu-o-povijesnom-hrvatskom-grbu\/\">Deklaracija JAZU o povijesnom hrvatskom grbu<\/a><\/blockquote><iframe loading=\"lazy\" class=\"wp-embedded-content\" sandbox=\"allow-scripts\" security=\"restricted\" style=\"position: absolute; visibility: hidden;\" title=\"&#8220;Deklaracija JAZU o povijesnom hrvatskom grbu&#8221; &#8212; Autograf.hr\" src=\"https:\/\/autograf.hr\/deklaracija-jazu-o-povijesnom-hrvatskom-grbu\/embed\/#?secret=DoabXSbRM3#?secret=ntNmp3wDBG\" data-secret=\"ntNmp3wDBG\" width=\"600\" height=\"338\" frameborder=\"0\" marginwidth=\"0\" marginheight=\"0\" scrolling=\"no\"><\/iframe>\n<\/div><\/figure>\n\n\n\n<hr class=\"wp-block-separator has-alpha-channel-opacity\"\/>\n","protected":false},"excerpt":{"rendered":"","protected":false},"author":2,"featured_media":46799,"comment_status":"open","ping_status":"open","sticky":false,"template":"","format":"standard","meta":{"_acf_changed":false,"jetpack_post_was_ever_published":false,"_jetpack_newsletter_access":"","_jetpack_dont_email_post_to_subs":false,"_jetpack_newsletter_tier_id":0,"_jetpack_memberships_contains_paywalled_content":false,"_jetpack_memberships_contains_paid_content":false,"footnotes":"","jetpack_publicize_message":"","jetpack_publicize_feature_enabled":true,"jetpack_social_post_already_shared":true,"jetpack_social_options":{"image_generator_settings":{"template":"highway","default_image_id":0,"font":"","enabled":false},"version":2}},"categories":[3,17],"tags":[],"class_list":["post-46919","post","type-post","status-publish","format-standard","has-post-thumbnail","hentry","category-novosti","category-rasprave"],"acf":{"facebook_opis":""},"jetpack_publicize_connections":[],"jetpack_featured_media_url":"https:\/\/i0.wp.com\/historiografija.hr\/wp-content\/uploads\/2025\/06\/Hrvatski-povijesni-grb.png?fit=844%2C524&ssl=1","jetpack_sharing_enabled":true,"jetpack-related-posts":[],"_links":{"self":[{"href":"https:\/\/historiografija.hr\/index.php?rest_route=\/wp\/v2\/posts\/46919","targetHints":{"allow":["GET"]}}],"collection":[{"href":"https:\/\/historiografija.hr\/index.php?rest_route=\/wp\/v2\/posts"}],"about":[{"href":"https:\/\/historiografija.hr\/index.php?rest_route=\/wp\/v2\/types\/post"}],"author":[{"embeddable":true,"href":"https:\/\/historiografija.hr\/index.php?rest_route=\/wp\/v2\/users\/2"}],"replies":[{"embeddable":true,"href":"https:\/\/historiografija.hr\/index.php?rest_route=%2Fwp%2Fv2%2Fcomments&post=46919"}],"version-history":[{"count":7,"href":"https:\/\/historiografija.hr\/index.php?rest_route=\/wp\/v2\/posts\/46919\/revisions"}],"predecessor-version":[{"id":47011,"href":"https:\/\/historiografija.hr\/index.php?rest_route=\/wp\/v2\/posts\/46919\/revisions\/47011"}],"wp:featuredmedia":[{"embeddable":true,"href":"https:\/\/historiografija.hr\/index.php?rest_route=\/wp\/v2\/media\/46799"}],"wp:attachment":[{"href":"https:\/\/historiografija.hr\/index.php?rest_route=%2Fwp%2Fv2%2Fmedia&parent=46919"}],"wp:term":[{"taxonomy":"category","embeddable":true,"href":"https:\/\/historiografija.hr\/index.php?rest_route=%2Fwp%2Fv2%2Fcategories&post=46919"},{"taxonomy":"post_tag","embeddable":true,"href":"https:\/\/historiografija.hr\/index.php?rest_route=%2Fwp%2Fv2%2Ftags&post=46919"}],"curies":[{"name":"wp","href":"https:\/\/api.w.org\/{rel}","templated":true}]}}