{"id":46907,"date":"2025-06-11T18:35:12","date_gmt":"2025-06-11T18:35:12","guid":{"rendered":"https:\/\/historiografija.hr\/?p=46907"},"modified":"2025-06-11T18:35:12","modified_gmt":"2025-06-11T18:35:12","slug":"izlozba-arhitekt-investitor-obrtnik-stambena-arhitektura-rudolfa-lubynskog-u-zagrebackom-donjem-gradu","status":"publish","type":"post","link":"https:\/\/historiografija.hr\/?p=46907","title":{"rendered":"Izlo\u017eba \u201eArhitekt \u2013 investitor \u2013 obrtnik. Stambena arhitektura Rudolfa Lubynskog u zagreba\u010dkom Donjem gradu\u201c"},"content":{"rendered":"\n<p>Izlo\u017eba \u201eArhitekt \u2013 investitor \u2013 obrtnik. Stambena arhitektura Rudolfa Lubynskog u zagreba\u010dkom donjem gradu\u201c rezultat je rada na znanstvenom projektu \u201eArhitektura i kultura stanovanja u Zagrebu 1880.\u20131940.\u201c, koji se provodi na Institutu za povijest umjetnosti uz podr\u0161ku Hrvatske zaklade za znanost.<\/p>\n\n\n\n<p>Hrvatski dr\u017eavni arhiv ugostio je izlo\u017ebu u sklopu programa <a href=\"http:\/\/www.arhiv.hr\/hr-hr\/Kulturno-prosvjetne-aktivnosti\/ArticleId\/1885\/oamid\/1633\" target=\"_blank\" rel=\"noreferrer noopener\">\u201eArhiVtektura\u201c <\/a>kojim se obilje\u017eava Me\u0111unarodni tjedan arhiva (9. do 13. lipnja 2025.). Uz izlo\u017ebu koja ostaje otvorena do 5. rujna 2025. organizirat \u0107e se vodstva po izlo\u017ebi i javna predavanja \u010dlanova autorskog tima.<\/p>\n\n\n\n<p><strong><a href=\"https:\/\/www.ipu.hr\/content\/info\/ARHZAG_HDA_izlozba_Rudolf_Lubynski_202506.pdf\">PROGRAM IZLO\u017dBE<\/a><\/strong><\/p>\n\n\n\n<p>Najpoznatije djelo arhitekta Rudolfa Lubynskoga (Zagreb, 1873. \u2013 Zagreb, 1935.) neosporno je veli\u010danstvena zgrada Hrvatskoga dr\u017eavnog arhiva, podignuta od 1911. do 1913. godine za Kraljevsku sveu\u010dili\u0161nu knji\u017enicu i Zemaljski arhiv. U sjeni toga zdanja ostala su brojna druga arhitektova ostvarenja koja je projektirao u Zagrebu.<\/p>\n\n\n\n<p>Urbanisti\u010dko-arhitektonska cjelina zagreba\u010dkoga Donjega grada planirana je, uobli\u010dena i izgra\u0111ena najve\u0107im dijelom u razdoblju prijelaza iz 19. u 20. stolje\u0107e na temelju pomnoga urbanisti\u010dkog planiranja i propisanoga gra\u0111evnog reda. Rudolf Lubynski pripada generaciji talentiranih arhitekata koji su svojim djelima ostavili trajan pe\u010dat u prostoru grada i postavili visoke kriterije urbane kulture koja se tu odvijala. Njegovi suvremenici su Viktor Kova\u010di\u0107, Hugo Ehrlich, Vjekoslav Bastl, Slavko Benedik, Aladar Baranyai, Stjepan Podhorsky, Ignjat Fischer, Dionis Sunko, Lav Kalda i dr. Zahvaljuju\u0107i njihovim ostvarenjima, izme\u0111u ostalog, Donji grad je jo\u0161 1962. za\u0161ti\u0107en kao kulturno-povijesna urbana cjelina.<\/p>\n\n\n\n<p>Korpus stambene arhitekture glavna je supstanca zagreba\u010dkoga Donjega grada koja mu je dala karakteristi\u010dno lice i identitet, a rezultat je zajedni\u010dkog djelovanja urbanista, arhitekata i investitora te gra\u0111evinskih poduzetnika i obrtnika.<\/p>\n\n\n\n<p>Na prostoru Donjega grada zabilje\u017eene su 23 stambene zgrade koje je Lubynski projektirao u razdoblju od 1909. do 1929. godine. Rije\u010d je stambeno najamnim ku\u0107ama za razne naru\u010ditelje, banke, mirovinske i dobrotvorne zaklade te brojne privatne investitore. Izlo\u017eba prikazuje pojedina\u010dne primjere Lubynskijevih donjogradskih ku\u0107a na temelju izvornih arhivskih nacrta i dokumenata o gradnji, arhivskih fotografija i snimaka dana\u0161njeg stanja. Lubynski je naro\u010ditu pa\u017enju pridavao oblikovanju pro\u010delja, gra\u0111evne stolarije i unutra\u0161njoj opremi zgrada (stubi\u0161ne ograde, poplo\u010denja, vitraji) koji \u010dine jedinstveni stilski izri\u010daj od secesije preko art d\u00e9coa do moderne arhitekture.<\/p>\n\n\n\n<p>Uz prikaz \u017eivota i djela arhitekta Rudolfa Lubynskog, izlo\u017eba pridaje naro\u010ditu pozornost naru\u010diteljima njegovih projekata, tada\u0161njih pripadnika zagreba\u010dkoga gra\u0111anskog dru\u0161tva, privredne i kulturne elite, koji su danas i\u0161\u010dezli iz memorije gra\u0111ana. Oni su dali trajni prinos prostoru grada, a ku\u0107e koje su izgradili i dalje se nazivaju po njima. Lubynskijev opus ne bi bio ostvariv bez uklju\u010denja brojnih izvo\u0111a\u010da, gra\u0111evinskih tvrtki i obrtnika koji su svoje radionice imali na prostoru Donjega grada ili u neposrednoj okolici, \u0161to dokazuje da je Zagreb u to vrijeme bio samoodr\u017eiv grad. Izvedeni objekti svjedo\u010de o vrsnom zanatskom umije\u0107u doma\u0107ih obrtnika i tvorni\u010dara. Za izvedbu skulpturalne dekoracije pro\u010delja Lubynski sura\u0111uje s kiparima Robertom Frange\u0161om i Rudolfom Valdecom koji u sklopu djelovanja Vi\u0161e \u0161kole za umjetnost i umjetni obrt (prete\u010de ALU) izvode unikatnu dekoraciju koja zagreba\u010dki Donji grad pretvara u muzej arhitekture i kiparstva na otvorenom.<\/p>\n\n\n\n<p>Zahvaljuju\u0107i toj suradnji, kvalitetno oblikovan dekorativni program njegove klju\u010dne realizacije, zgrade Hrvatskoga dr\u017eavnog arhiva, pro\u0161iruje se na \u0161iri prostor grada i postaje vidljiv, unato\u010d uglavnom zapu\u0161tenim i oronulim pro\u010deljima.<\/p>\n\n\n\n<p>Izlo\u017eba je koncipirana u tematskim cjelinama:<\/p>\n\n\n\n<ul class=\"wp-block-list\">\n<li>Rudolf Lubynski \u2013 osobno<\/li>\n\n\n\n<li>Zagreb u Lubynskijevo vrijeme<\/li>\n\n\n\n<li>Stambena arhitektura Rudolfa Lubynskog i \u201ezagreba\u010dki tlocrt\u201c<\/li>\n\n\n\n<li>Gra\u0111ansko stanovanje<\/li>\n\n\n\n<li>Slu\u017eavkina pri\u010da<\/li>\n\n\n\n<li>Ulazna vrata i stubi\u0161ta<\/li>\n\n\n\n<li>Prozor u grad<\/li>\n\n\n\n<li>Keramika koja traje<\/li>\n\n\n\n<li>Pro\u010delja pri\u010daju<\/li>\n\n\n\n<li>Investitori stambene izgradnje<\/li>\n\n\n\n<li>Tri ku\u0107e u Prilazu<\/li>\n\n\n\n<li>Ku\u0107evlasnici: Ku\u0107a Eisner \/ Ku\u0107a Schumacher \/ Ku\u0107a Klein \/ Ku\u0107a Schick \/ Ku\u0107a Roller \/ Ku\u0107e Kanitz \/ Ku\u0107a Dostal<\/li>\n\n\n\n<li>Sve\u0107eni\u010dki dom \/ Dobrotvorov dom<\/li>\n\n\n\n<li>Arhitektova ku\u0107a<\/li>\n\n\n\n<li>Lubynski i obrtnici \/ izvo\u0111a\u010di<\/li>\n\n\n\n<li>Lubynski i umjetnici<\/li>\n<\/ul>\n\n\n\n<p><strong>Predavanja<\/strong><br>Utorak, 10. lipnja 2025., 12:00<br>Irena Kra\u0161evac, <em>Kako se gradio Dobrotvorov dom? Arhivski fond kao izvor podataka o gradnji i opremanju ku\u0107e izgra\u0111enoj prema projektu Rudolfa Lubynskog<\/em><\/p>\n\n\n\n<p>\u010cetvrtak, 12. lipnja 2025., 12:00<br>Irena \u0160imi\u0107, <em>Osobni arhivski fondovi u Institutu za povijest umjetnosti kao ishodi\u0161te istra\u017eivanja stambene arhitekture i arhitektonske plastike u Zagrebu<\/em><\/p>\n\n\n\n<p><strong>Organizatori izlo\u017ebe<\/strong><br><a href=\"https:\/\/ipu.hr\" target=\"_blank\" rel=\"noreferrer noopener\">Institut za povijest umjetnosti<\/a><br><a href=\"http:\/\/www.arhiv.hr\/\" target=\"_blank\" rel=\"noreferrer noopener\">Hrvatski dr\u017eavni arhiv<\/a><\/p>\n\n\n\n<p><strong>Partnerske ustanove<\/strong><br><a href=\"https:\/\/muo.hr\" target=\"_blank\" rel=\"noreferrer noopener\">Muzej za umjetnost i obrt<\/a><br><a href=\"https:\/\/daz.hr\/\" target=\"_blank\" rel=\"noreferrer noopener\">Dr\u017eavni arhiv u Zagrebu<\/a><br><a href=\"https:\/\/www.arhitekt.hr\/\" target=\"_blank\" rel=\"noreferrer noopener\">Arhitektonski fakultet Sveu\u010dili\u0161ta u Zagrebu<\/a><\/p>\n\n\n\n<p><strong>Autorska koncepcija izlo\u017ebe<\/strong><br>Irena Kra\u0161evac, Institut za povijest umjetnosti<\/p>\n\n\n\n<p><strong>Autorska suradnja<\/strong><br>Marina Bagari\u0107, Muzej za umjetnosti i obrt<br>Vanja Brdar Mustapi\u0107, Muzej za umjetnost i obrt<br>Boris Dundovi\u0107, Institut za povijest umjetnosti<br>Katarina Horvat, Dr\u017eavni arhiv u Zagrebu<br>Ivana Mance Cipek, Institut za povijest umjetnosti<br>Branko Ostajmer, Hrvatski institut za povijest<\/p>\n\n\n\n<p><strong>Organizacija izlo\u017ebe<\/strong><br>Irena Kra\u0161evac, Institut za povijest umjetnosti<br>Irena \u0160imi\u0107, Institut za povijest umjetnosti<br>Marina Bagari\u0107, Muzej za umjetnost i obrt<br>Marina Selnik, Hrvatski dr\u017eavni arhiv<\/p>\n\n\n\n<p><a href=\"https:\/\/storymaps.arcgis.com\/stories\/d55db171a74d475ab41ee1950fbff45a\" target=\"_blank\" rel=\"noreferrer noopener\"><strong>ArcGIS StoryMap<\/strong><\/a><br>Irena \u0160imi\u0107<br>Ivana Hani\u010dar Buljan<br>Luka Hornung<br>Dora Bartulovi\u0107<br>Iva Daria Be\u0161en<br>Aneta Crevar<br>Hrvoje Perica<br>Valentina Tupek<\/p>\n\n\n\n<p><strong>Dizajn i prijelom<\/strong><br>Ivan Klisuri\u0107 \/ <a href=\"https:\/\/ivanklis.studio\/\" target=\"_blank\" rel=\"noreferrer noopener\">ivanklis.studio<\/a><\/p>\n\n\n\n<p><strong>Kartografski prikazi<\/strong><br>Frano Jak\u0161i\u0107<\/p>\n\n\n\n<p><strong>Lektura<\/strong><br>Maja Trinajsti\u0107<\/p>\n\n\n\n<p><strong>Fotografije<\/strong><br>Paolo Mofardin<br>Jovan Kliska<br>Sre\u0107ko Budek<br>Vedran Benovi\u0107<br>Eva Radolovi\u0107<\/p>\n\n\n\n<p><strong>Izvori arhivskog gradiva<\/strong><br>Dr\u017eavni arhiv u Zagrebu<br>Hrvatski dr\u017eavni arhiv<br>Zagreba\u010dka nadbiskupija, Nadbiskupijski arhiv u Zagrebu<br>Ministarstvo kulture i medija RH, Uprava za za\u0161titu kulturne ba\u0161tine<br>Muzej grada Zagreba<br>Muzej za umjetnost i obrt<br>Institut za povijest umjetnosti, Osobni arhivski fond Aleksandera Lasla<br>Grad Zagreb, Gradski zavod za za\u0161titu spomenika kulture i prirode<br>Zbirka Sekelj<\/p>\n\n\n\n<p><strong>Zahvale<\/strong><br>Autori i organizatori zahvaljuju svim ustanovama i vlasnicima stanova u zgradama koje je projektirao arhitekt Rudolf Lubynski koji su im iza\u0161li ususret i omogu\u0107ili istra\u017eivanje za izlo\u017ebu.<\/p>\n\n\n\n<p><br>Ovaj je rad sufinancirala <a href=\"https:\/\/hrzz.hr\/\" target=\"_blank\" rel=\"noreferrer noopener\">Hrvatska zaklada za znanost<\/a> projektom <a href=\"https:\/\/www.ipu.hr\/article\/hr\/1616\/ARHZAG\">\u201eArhitektura i kultura stanovanja u Zagrebu 1880.\u2013 1940.\u201c<\/a> (ARHZAG, IP-2022-10-9503).<\/p>\n\n\n\n<p><br>Izlo\u017eba je ostvarena zahvaljuju\u0107i nov\u010danoj potpori Ministarstva kulture i medija RH, Gradskog ureda za kulturu i civilno dru\u0161tvo Grada Zagreba i Instituta za povijest umjetnosti.<\/p>\n\n\n\n<p>Izvor:<\/p>\n\n\n\n<p><a href=\"https:\/\/www.ipu.hr\/article\/hr\/1949\/arhitekt-investitor-obrtnik\">https:\/\/www.ipu.hr\/article\/hr\/1949\/arhitekt-investitor-obrtnik<\/a><\/p>\n\n\n\n<hr class=\"wp-block-separator has-alpha-channel-opacity\"\/>\n\n\n\n<p>Dodatne obavijesti:<\/p>\n\n\n\n<p><a href=\"http:\/\/www.arhiv.hr\/hr-hr\/Kulturno-prosvjetne-aktivnosti\/ArticleId\/1896\/oamid\/1633\">http:\/\/www.arhiv.hr\/hr-hr\/Kulturno-prosvjetne-aktivnosti\/ArticleId\/1896\/oamid\/1633<\/a><\/p>\n\n\n\n<p><a href=\"http:\/\/www.arhiv.hr\/hr-hr\/Kulturno-prosvjetne-aktivnosti\/ArticleId\/1897\/oamid\/1633\">http:\/\/www.arhiv.hr\/hr-hr\/Kulturno-prosvjetne-aktivnosti\/ArticleId\/1897\/oamid\/1633<\/a><\/p>\n\n\n\n<hr class=\"wp-block-separator has-alpha-channel-opacity\"\/>\n","protected":false},"excerpt":{"rendered":"","protected":false},"author":2,"featured_media":46908,"comment_status":"open","ping_status":"open","sticky":false,"template":"","format":"standard","meta":{"_acf_changed":false,"jetpack_post_was_ever_published":false,"_jetpack_newsletter_access":"","_jetpack_dont_email_post_to_subs":false,"_jetpack_newsletter_tier_id":0,"_jetpack_memberships_contains_paywalled_content":false,"_jetpack_memberships_contains_paid_content":false,"footnotes":"","jetpack_publicize_message":"","jetpack_publicize_feature_enabled":true,"jetpack_social_post_already_shared":true,"jetpack_social_options":{"image_generator_settings":{"template":"highway","default_image_id":0,"font":"","enabled":false},"version":2}},"categories":[10,3],"tags":[],"class_list":["post-46907","post","type-post","status-publish","format-standard","has-post-thumbnail","hentry","category-izlozbe","category-novosti"],"acf":{"facebook_opis":""},"jetpack_publicize_connections":[],"jetpack_featured_media_url":"https:\/\/i0.wp.com\/historiografija.hr\/wp-content\/uploads\/2025\/06\/pozivnica-arhzag-rlubynski-ipu-2025-scaled.jpg?fit=2560%2C1600&ssl=1","jetpack_sharing_enabled":true,"jetpack-related-posts":[],"_links":{"self":[{"href":"https:\/\/historiografija.hr\/index.php?rest_route=\/wp\/v2\/posts\/46907","targetHints":{"allow":["GET"]}}],"collection":[{"href":"https:\/\/historiografija.hr\/index.php?rest_route=\/wp\/v2\/posts"}],"about":[{"href":"https:\/\/historiografija.hr\/index.php?rest_route=\/wp\/v2\/types\/post"}],"author":[{"embeddable":true,"href":"https:\/\/historiografija.hr\/index.php?rest_route=\/wp\/v2\/users\/2"}],"replies":[{"embeddable":true,"href":"https:\/\/historiografija.hr\/index.php?rest_route=%2Fwp%2Fv2%2Fcomments&post=46907"}],"version-history":[{"count":1,"href":"https:\/\/historiografija.hr\/index.php?rest_route=\/wp\/v2\/posts\/46907\/revisions"}],"predecessor-version":[{"id":46909,"href":"https:\/\/historiografija.hr\/index.php?rest_route=\/wp\/v2\/posts\/46907\/revisions\/46909"}],"wp:featuredmedia":[{"embeddable":true,"href":"https:\/\/historiografija.hr\/index.php?rest_route=\/wp\/v2\/media\/46908"}],"wp:attachment":[{"href":"https:\/\/historiografija.hr\/index.php?rest_route=%2Fwp%2Fv2%2Fmedia&parent=46907"}],"wp:term":[{"taxonomy":"category","embeddable":true,"href":"https:\/\/historiografija.hr\/index.php?rest_route=%2Fwp%2Fv2%2Fcategories&post=46907"},{"taxonomy":"post_tag","embeddable":true,"href":"https:\/\/historiografija.hr\/index.php?rest_route=%2Fwp%2Fv2%2Ftags&post=46907"}],"curies":[{"name":"wp","href":"https:\/\/api.w.org\/{rel}","templated":true}]}}